{"id":3341,"date":"2025-03-05T06:54:15","date_gmt":"2025-03-05T03:54:15","guid":{"rendered":"https:\/\/www.sochic.com\/blog\/?p=3341"},"modified":"2026-03-05T15:39:40","modified_gmt":"2026-03-05T12:39:40","slug":"kadinlar-gunu-ne-zaman-dunya-kadinlar-gunu-nedir","status":"publish","type":"post","link":"https:\/\/www.sochic.com\/blog\/kadinlar-gunu-ne-zaman-dunya-kadinlar-gunu-nedir","title":{"rendered":"Kad\u0131nlar G\u00fcn\u00fc Ne Zaman? D\u00fcnya Kad\u0131nlar G\u00fcn\u00fc Nedir?"},"content":{"rendered":"\n<p>\u0130lk kez 1909 y\u0131l\u0131nda Amerika Birle\u015fik Devletleri&#8217;nde d\u00fczenlenen bu g\u00fcn, 1910 y\u0131l\u0131nda Danimarka&#8217;n\u0131n Kopenhag kentinde ger\u00e7ekle\u015ftirilen Uluslararas\u0131 Sosyalist Kad\u0131nlar Konferans\u0131&#8217;nda resmile\u015fmi\u015ftir.<\/p>\n\n\n\n<p>D\u00f6rt k\u00fcresel Birle\u015fmi\u015f Milletler kad\u0131n konferans\u0131 taraf\u0131ndan g\u00fc\u00e7lendirilen b\u00fcy\u00fcyen uluslararas\u0131 kad\u0131n hareketi, anmay\u0131, kad\u0131n haklar\u0131 ve siyasi ve ekonomik alanlarda kat\u0131l\u0131m i\u00e7in destek olu\u015fturmak amac\u0131yla bir bulu\u015fma noktas\u0131 haline getirmeye yard\u0131mc\u0131 oldu.<\/p>\n\n\n\n<p>8 Mart&#8217;taki Uluslararas\u0131 Kad\u0131nlar G\u00fcn\u00fc, kad\u0131nlar\u0131n sosyal, ekonomik ve politik ba\u015far\u0131lar\u0131n\u0131 kutlamak, ilerlemeyi d\u00fc\u015f\u00fcnmek ve cinsiyet e\u015fitli\u011fini talep etmek i\u00e7in bir g\u00fcnd\u00fcr. Y\u00fcz y\u0131ldan fazla bir s\u00fcredir, Uluslararas\u0131 Kad\u0131nlar G\u00fcn\u00fc, t\u00fcm d\u00fcnyadaki kad\u0131nlar\u0131 etkileyen sorunlara \u0131\u015f\u0131k tutmaktad\u0131r.&nbsp;<\/p>\n\n\n\n<figure class=\"wp-block-gallery has-nested-images columns-default is-cropped wp-block-gallery-1 is-layout-flex wp-block-gallery-is-layout-flex\">\n<figure class=\"wp-block-image size-large\"><img  loading=\"lazy\"  decoding=\"async\"  width=\"1160\"  height=\"1738\"  data-id=\"3342\"  src=\"data:image\/png;base64,iVBORw0KGgoAAAANSUhEUgAABIgAAAbKAQMAAACX7dzOAAAAA1BMVEUAAP+KeNJXAAAAAXRSTlMAQObYZgAAAAlwSFlzAAAOxAAADsQBlSsOGwAAAQ1JREFUeNrtwTEBAAAAwqD1T20ND6AAAAAAAAAAAAAAAAAAAAAAAAAAAAAAAAAAAAAAAAAAAAAAAAAAAAAAAAAAAAAAAAAAAAAAAAAAAAAAAAAAAAAAAAAAAAAAAAAAAAAAAAAAAAAAAAAAAAAAAAAAAAAAAAAAAAAAAAAAAAAAAAAAAAAAAAAAAAAAAAAAAAAAAAAAAAAAAAAAAAAAAAAAAAAAAAAAAAAAAAAAAAAAAAAAAAAAAAAAAAAAAAAAAAAAAAAAAAAAAAAAAAAAAAAAAAAAAAAAAAAAAAAAAAAAAAAAAAAAAAAAAAAAAAAAAAAAAAAAAAAAAAAAAAAAAAAAAAAAAAAAAAAAAIAHA99hAAFIa+hwAAAAAElFTkSuQmCC\"  alt=\"\"  class=\"wp-image-3342 pk-lazyload\"  data-pk-sizes=\"auto\"  data-ls-sizes=\"(max-width: 1160px) 100vw, 1160px\"  data-pk-src=\"https:\/\/www.sochic.com\/blog\/wp-content\/uploads\/2025\/03\/50893799-1160x1738.webp\"  data-pk-srcset=\"https:\/\/www.sochic.com\/blog\/wp-content\/uploads\/2025\/03\/50893799-1160x1738.webp 1160w, https:\/\/www.sochic.com\/blog\/wp-content\/uploads\/2025\/03\/50893799-800x1199.webp 800w, https:\/\/www.sochic.com\/blog\/wp-content\/uploads\/2025\/03\/50893799-1025x1536.webp 1025w, https:\/\/www.sochic.com\/blog\/wp-content\/uploads\/2025\/03\/50893799-120x180.webp 120w, https:\/\/www.sochic.com\/blog\/wp-content\/uploads\/2025\/03\/50893799-90x135.webp 90w, https:\/\/www.sochic.com\/blog\/wp-content\/uploads\/2025\/03\/50893799-320x479.webp 320w, https:\/\/www.sochic.com\/blog\/wp-content\/uploads\/2025\/03\/50893799-560x839.webp 560w, https:\/\/www.sochic.com\/blog\/wp-content\/uploads\/2025\/03\/50893799.webp 1200w\" ><figcaption class=\"wp-element-caption\">incelemek i\u00e7in <a href=\"https:\/\/www.sochic.com\/p-klasik-18-ayar-beyaz-altin-kaplama-gumus-su-yolu-kolye-50893799\" target=\"_blank\" rel=\"noreferrer noopener\">t\u0131klay\u0131n\u0131z!<\/a><\/figcaption><\/figure>\n\n\n\n<figure class=\"wp-block-image size-large\"><img  loading=\"lazy\"  decoding=\"async\"  width=\"1160\"  height=\"1740\"  data-id=\"5789\"  src=\"data:image\/png;base64,iVBORw0KGgoAAAANSUhEUgAABIgAAAbMAQMAAABBtD\/TAAAAA1BMVEUAAP+KeNJXAAAAAXRSTlMAQObYZgAAAAlwSFlzAAAOxAAADsQBlSsOGwAAAQ1JREFUeNrtwQENAAAAwqD3T20ON6AAAAAAAAAAAAAAAAAAAAAAAAAAAAAAAAAAAAAAAAAAAAAAAAAAAAAAAAAAAAAAAAAAAAAAAAAAAAAAAAAAAAAAAAAAAAAAAAAAAAAAAAAAAAAAAAAAAAAAAAAAAAAAAAAAAAAAAAAAAAAAAAAAAAAAAAAAAAAAAAAAAAAAAAAAAAAAAAAAAAAAAAAAAAAAAAAAAAAAAAAAAAAAAAAAAAAAAAAAAAAAAAAAAAAAAAAAAAAAAAAAAAAAAAAAAAAAAAAAAAAAAAAAAAAAAAAAAAAAAAAAAAAAAAAAAAAAAAAAAAAAAAAAAAAAAAAAAAAAAAAAAAAAAAA+DOCFAAEUI01yAAAAAElFTkSuQmCC\"  alt=\"\"  class=\"wp-image-5789 pk-lazyload\"  data-pk-sizes=\"auto\"  data-ls-sizes=\"(max-width: 1160px) 100vw, 1160px\"  data-pk-src=\"https:\/\/www.sochic.com\/blog\/wp-content\/uploads\/2025\/03\/5139650344-1-1160x1740.webp\"  data-pk-srcset=\"https:\/\/www.sochic.com\/blog\/wp-content\/uploads\/2025\/03\/5139650344-1-1160x1740.webp 1160w, https:\/\/www.sochic.com\/blog\/wp-content\/uploads\/2025\/03\/5139650344-1-800x1200.webp 800w, https:\/\/www.sochic.com\/blog\/wp-content\/uploads\/2025\/03\/5139650344-1-1024x1536.webp 1024w, https:\/\/www.sochic.com\/blog\/wp-content\/uploads\/2025\/03\/5139650344-1-120x180.webp 120w, https:\/\/www.sochic.com\/blog\/wp-content\/uploads\/2025\/03\/5139650344-1-90x135.webp 90w, https:\/\/www.sochic.com\/blog\/wp-content\/uploads\/2025\/03\/5139650344-1-320x480.webp 320w, https:\/\/www.sochic.com\/blog\/wp-content\/uploads\/2025\/03\/5139650344-1-560x840.webp 560w, https:\/\/www.sochic.com\/blog\/wp-content\/uploads\/2025\/03\/5139650344-1.webp 1200w\" ><figcaption class=\"wp-element-caption\">incelemek i\u00e7in <a href=\"https:\/\/www.sochic.com\/p-berrak-guzellik-18-ayar-sari-altin-kaplama-gumus-bileklik-5139650344?recommended_by=instant_search&amp;recommended_code=5139650344\" target=\"_blank\" rel=\"noreferrer noopener\">t\u0131klay\u0131n\u0131z!<\/a><\/figcaption><\/figure>\n\n\n\n<figure class=\"wp-block-image size-large\"><img  loading=\"lazy\"  decoding=\"async\"  width=\"1160\"  height=\"1740\"  data-id=\"3344\"  src=\"data:image\/png;base64,iVBORw0KGgoAAAANSUhEUgAABIgAAAbMAQMAAABBtD\/TAAAAA1BMVEUAAP+KeNJXAAAAAXRSTlMAQObYZgAAAAlwSFlzAAAOxAAADsQBlSsOGwAAAQ1JREFUeNrtwQENAAAAwqD3T20ON6AAAAAAAAAAAAAAAAAAAAAAAAAAAAAAAAAAAAAAAAAAAAAAAAAAAAAAAAAAAAAAAAAAAAAAAAAAAAAAAAAAAAAAAAAAAAAAAAAAAAAAAAAAAAAAAAAAAAAAAAAAAAAAAAAAAAAAAAAAAAAAAAAAAAAAAAAAAAAAAAAAAAAAAAAAAAAAAAAAAAAAAAAAAAAAAAAAAAAAAAAAAAAAAAAAAAAAAAAAAAAAAAAAAAAAAAAAAAAAAAAAAAAAAAAAAAAAAAAAAAAAAAAAAAAAAAAAAAAAAAAAAAAAAAAAAAAAAAAAAAAAAAAAAAAAAAAAAAAAAAAAAAAAAAA+DOCFAAEUI01yAAAAAElFTkSuQmCC\"  alt=\"\"  class=\"wp-image-3344 pk-lazyload\"  data-pk-sizes=\"auto\"  data-ls-sizes=\"(max-width: 1160px) 100vw, 1160px\"  data-pk-src=\"https:\/\/www.sochic.com\/blog\/wp-content\/uploads\/2025\/03\/5167900144-1160x1740.webp\"  data-pk-srcset=\"https:\/\/www.sochic.com\/blog\/wp-content\/uploads\/2025\/03\/5167900144-1160x1740.webp 1160w, https:\/\/www.sochic.com\/blog\/wp-content\/uploads\/2025\/03\/5167900144-800x1200.webp 800w, https:\/\/www.sochic.com\/blog\/wp-content\/uploads\/2025\/03\/5167900144-1024x1536.webp 1024w, https:\/\/www.sochic.com\/blog\/wp-content\/uploads\/2025\/03\/5167900144-120x180.webp 120w, https:\/\/www.sochic.com\/blog\/wp-content\/uploads\/2025\/03\/5167900144-90x135.webp 90w, https:\/\/www.sochic.com\/blog\/wp-content\/uploads\/2025\/03\/5167900144-320x480.webp 320w, https:\/\/www.sochic.com\/blog\/wp-content\/uploads\/2025\/03\/5167900144-560x840.webp 560w, https:\/\/www.sochic.com\/blog\/wp-content\/uploads\/2025\/03\/5167900144.webp 1200w\" ><figcaption class=\"wp-element-caption\">incelemek i\u00e7in <a href=\"https:\/\/www.sochic.com\/p-elegant-baget-18-ayar-sari-altin-kaplama-gumus-asansorlu-bileklik-5167900144\" target=\"_blank\" rel=\"noreferrer noopener\">t\u0131klay\u0131n\u0131z!<\/a><\/figcaption><\/figure>\n<\/figure>\n\n\n\n<p>1908&#8217;de New York&#8217;ta 15.000 kad\u0131n, \u00e7al\u0131\u015ft\u0131klar\u0131 fabrikalardaki d\u00fc\u015f\u00fck \u00fccretler ve korkun\u00e7 ko\u015fullar nedeniyle greve gitti. Avrupa&#8217;da fikir b\u00fcy\u00fcd\u00fc ve ilk kez 1911&#8217;de Uluslararas\u0131 Kad\u0131nlar G\u00fcn\u00fc (IWD) oldu ve Birle\u015fmi\u015f Milletler 1975&#8217;te 8 Mart&#8217;\u0131 Uluslararas\u0131 Kad\u0131nlar G\u00fcn\u00fc ilan etti.<\/p>\n\n\n\n<p>Baz\u0131 \u00fclkelerde \u00e7ocuklar ve erkekler annelerine, e\u015flerine, k\u0131z karde\u015flerine veya tan\u0131d\u0131klar\u0131 di\u011fer kad\u0131nlara hediyeler, \u00e7i\u00e7ekler veya kartlar verirler. Ancak Uluslararas\u0131 Kad\u0131nlar G\u00fcn\u00fc&#8217;n\u00fcn kalbinde kad\u0131n haklar\u0131 yatar. D\u00fcnyan\u0131n d\u00f6rt bir yan\u0131nda e\u015fitlik talep eden protestolar ve etkinlikler vard\u0131r.&nbsp;<\/p>\n\n\n\n<h2 id=\"kadinlar-gunu-ne-zaman\" class=\"wp-block-heading\">Kad\u0131nlar G\u00fcn\u00fc Ne Zaman?&nbsp;<\/h2>\n\n\n\n<p>Bu g\u00fcn ayr\u0131ca cinsiyet e\u015fitli\u011fine ili\u015fkin uluslararas\u0131 fark\u0131ndal\u0131k yarat\u0131r. D\u00fcnya Ekonomik Forumu&#8217;na g\u00f6re, k\u00fcresel cinsiyet e\u015fitli\u011finin 2133 y\u0131l\u0131na kadar sa\u011flanaca\u011f\u0131 tahmin ediliyor.<\/p>\n\n\n\n<p>D\u00fcnya Kad\u0131nlar G\u00fcn\u00fc (IWD) her y\u0131l 8 Mart&#8217;ta d\u00fcnyan\u0131n bir\u00e7ok \u00fclkesinde kutlanmaktad\u0131r. G\u00fcn ayn\u0131 zamanda insan ya\u015fam\u0131n\u0131n her boyutunda toplumsal cinsiyet e\u015fitli\u011fini ilerletmek i\u00e7in bir eylem \u00e7a\u011fr\u0131s\u0131d\u0131r.<\/p>\n\n\n\n<p>G\u00fcn, 1900&#8217;l\u00fc y\u0131llar\u0131n ba\u015f\u0131ndan bu yana kutlanmaktad\u0131r. Bug\u00fcn kutlamalar, kad\u0131nlar\u0131n sosyal, k\u00fclt\u00fcrel, ekonomik ve siyasi ba\u015far\u0131lar\u0131n\u0131 kutlarken, toplumsal cinsiyet e\u015fitli\u011finin ilerletilmesi i\u00e7in azmi birle\u015ftiren ve harekete ge\u00e7iren g\u00fc\u00e7l\u00fc bir platform olmaya devam etmektedir. G\u00fcn, farkl\u0131 insanlar i\u00e7in farkl\u0131 anlamlar ifade etse de, e\u015fitlik ve kutlama konusundaki k\u00fcresel odak nettir.<\/p>\n\n\n\n<h2 id=\"dunya-kadinlar-gunu-nedir\" class=\"wp-block-heading\">D\u00fcnya Kad\u0131nlar G\u00fcn\u00fc Nedir?<\/h2>\n\n\n\n<p>D\u00fcnya Kad\u0131nlar G\u00fcn\u00fc, kad\u0131nlar\u0131n e\u015fit haklara sahip olmas\u0131 ve toplumsal cinsiyet e\u015fitli\u011fi konular\u0131nda fark\u0131ndal\u0131k yaratmay\u0131 ama\u00e7layan bir g\u00fcnd\u00fcr. Her y\u0131l bu g\u00fcnde yap\u0131lan etkinlikler, kad\u0131nlar\u0131n toplumsal hayatta daha fazla yer almas\u0131 i\u00e7in te\u015fvik edici rol oynamaktad\u0131r. UNESCO verilerine g\u00f6re, d\u00fcnya genelinde kad\u0131nlar\u0131n i\u015f g\u00fcc\u00fcne kat\u0131l\u0131m oran\u0131 %48 civar\u0131ndad\u0131r, bu da kad\u0131nlar\u0131n hala erkeklere oranla bir\u00e7ok alanda dezavantajl\u0131 durumda oldu\u011funu g\u00f6steriyor.<\/p>\n\n\n\n<h2 id=\"kadinlar-gunu-turkiyede-ilk-ne-zaman-kutlandi\" class=\"wp-block-heading\">Kad\u0131nlar G\u00fcn\u00fc T\u00fcrkiye&#8217;de \u0130lk Ne Zaman Kutland\u0131?<\/h2>\n\n\n\n<p>T\u00fcrkiye\u2019ye bakt\u0131\u011f\u0131m\u0131zda, modernle\u015fme ve toplumsal d\u00f6n\u00fc\u015f\u00fcm s\u00fcre\u00e7lerinin Cumhuriyet\u2019in kurulu\u015fuyla birlikte h\u0131z kazand\u0131\u011f\u0131n\u0131 g\u00f6rmekteyiz. Osmanl\u0131 \u0130mparatorlu\u011fu d\u00f6neminde kad\u0131nlar\u0131n sosyal, ekonomik ve siyasi hayata kat\u0131l\u0131m\u0131 k\u0131s\u0131tl\u0131 iken, 1920\u2019lerden itibaren kad\u0131n haklar\u0131 alan\u0131nda \u00f6nemli ad\u0131mlar at\u0131lm\u0131\u015ft\u0131r. Bu s\u00fcre\u00e7te kad\u0131nlar\u0131n aktif rol almas\u0131, hem sava\u015f y\u0131llar\u0131ndaki m\u00fccadele hem de yeni kurulan devletin modernle\u015fme vizyonuyla ba\u011flant\u0131l\u0131 bir ser\u00fcven olarak de\u011ferlendirilmelidir.<\/p>\n\n\n\n<p>T\u00fcrkiye&#8217;de Kad\u0131nlar G\u00fcn\u00fc, 1921 y\u0131l\u0131nda ilk defa kutlanmaya ba\u015flanm\u0131\u015ft\u0131r. Bu tarihten itibaren, \u00f6zellikle kad\u0131n haklar\u0131, e\u011fitim, i\u015f hayat\u0131nda yer alma gibi konular g\u00fcndeme gelmi\u015ftir. Ancak, 12 Eyl\u00fcl 1980 darbesinden sonra bir s\u00fcre yasaklanm\u0131\u015f ve 1984 y\u0131l\u0131ndan itibaren her y\u0131l sivil toplum kurulu\u015flar\u0131 ve kad\u0131n \u00f6rg\u00fctleri taraf\u0131ndan tekrar kutlanmaya ba\u015flanm\u0131\u015ft\u0131r. G\u00fcn\u00fcm\u00fczde ise resmi ve sivil etkinliklerle an\u0131lmaktad\u0131r. 1934 y\u0131l\u0131nda T\u00fcrkiye Cumhuriyeti Anayasas\u0131\u2019na kad\u0131nlara se\u00e7me ve se\u00e7ilme hakk\u0131 eklenmesi, bu kutlamalar\u0131n \u00f6nemini art\u0131rm\u0131\u015ft\u0131r. T\u00fcrkiye&#8217;de kad\u0131n n\u00fcfusunun %49.8 olmas\u0131, kad\u0131nlar\u0131n toplum i\u00e7erisindeki rol\u00fcn\u00fcn artmas\u0131 gerekti\u011fini de g\u00f6stermektedir.&nbsp;<\/p>\n\n\n\n<h2 id=\"kadinlar-gunune-ozel-taki-seti-modelleri-nelerdir\" class=\"wp-block-heading\">Kad\u0131nlar G\u00fcn\u00fcne \u00d6zel Tak\u0131 Seti Modelleri Nelerdir?<\/h2>\n\n\n\n<p>Kad\u0131nlar G\u00fcn\u00fc, sevdiklerinize \u00f6zel hediyeler verme f\u0131rsat\u0131d\u0131r. \u00d6zellikle tak\u0131 setleri, bu g\u00fcnde kad\u0131nlara sunulabilecek zarif hediyeler aras\u0131nda yer al\u0131yor. Tak\u0131, hem estetik hem de duygusal bir de\u011fere sahip olmas\u0131 nedeniyle modern, \u015fehirli kad\u0131nlar\u0131n favori hediye se\u00e7eneklerinden biridir. So CHIC markas\u0131 olarak, kad\u0131nlar\u0131n tarz\u0131n\u0131 ve g\u00fcnl\u00fck ya\u015famlar\u0131n\u0131 yans\u0131tan \u00f6zel tasar\u0131mlar sunmaya \u00f6zen g\u00f6steriyoruz.<\/p>\n\n\n\n<p>Alt\u0131n kolyeler, y\u00fczy\u0131llard\u0131r zarafetin ve prestijin simgesi olarak \u00f6n plana \u00e7\u0131km\u0131\u015ft\u0131r. Modern ya\u015fam\u0131n h\u0131zl\u0131 temposu i\u00e7erisinde alt\u0131n, hem klasik hem de modern kesimlerle yeniden yorumlan\u0131yor. <a href=\"https:\/\/www.sochic.com\/altin-c-13\" target=\"_blank\" rel=\"noreferrer noopener\">Alt\u0131n kolye<\/a>, ister g\u00fcnl\u00fck ofis \u015f\u0131kl\u0131\u011f\u0131na ister \u00f6zel davetlere uyacak \u015fekilde se\u00e7ilebilir. Minimal ve sade tasar\u0131mlar, g\u00fcndelik kombinlerde s\u0131cakl\u0131k ve l\u00fcks katar; g\u00f6steri\u015fli ve detayl\u0131 modeller ise \u00f6zel gece davetlerinde sofistike bir tercih olarak \u00f6ne \u00e7\u0131kar.<\/p>\n\n\n\n<p><a href=\"https:\/\/www.sochic.com\/dogal-tasli-kolye-c-1005\" target=\"_blank\" rel=\"noreferrer noopener\">Do\u011fal ta\u015fl\u0131 kolye<\/a> modelleri, sadece g\u00fczellikleriyle de\u011fil, ayn\u0131 zamanda ta\u015f\u0131d\u0131klar\u0131 pozitif enerjileriyle de \u00f6ne \u00e7\u0131kar. Her ta\u015f\u0131n kendine ait bir anlam\u0131 ve enerjisi bulunur; ametist, lapis lazuli, akik gibi do\u011fal ta\u015flar, ruh halinize ve ki\u015fisel enerjinize katk\u0131da bulunur.&nbsp;<\/p>\n\n\n\n<p><a href=\"https:\/\/www.sochic.com\/taki-seti-c-7\" target=\"_blank\" rel=\"noreferrer noopener\">Tak\u0131 seti<\/a>, bir arada kullan\u0131ld\u0131\u011f\u0131nda uyumlu bir g\u00f6r\u00fcn\u00fcm elde etmek isteyen modern kad\u0131nlar i\u00e7in m\u00fckemmel bir tercihtir. Kolyeden bilekli\u011fe, k\u00fcpenin birlikte kombinlendi\u011fi bir set, hem g\u00fcnl\u00fck hayat\u0131n \u015f\u0131kl\u0131\u011f\u0131n\u0131 hem de \u00f6zel davetlerin zarafetini art\u0131r\u0131r. Her par\u00e7a aras\u0131nda uyumun sa\u011flanmas\u0131, stil sahibi modern kad\u0131n\u0131n imzas\u0131 haline gelir.<\/p>\n\n\n\n<p><a href=\"https:\/\/www.sochic.com\/kolye-c-1\" target=\"_blank\" rel=\"noreferrer noopener\">G\u00fcm\u00fc\u015f tak\u0131<\/a>, \u00f6zellikle modern ve dinamik ya\u015fama uyum sa\u011flayan tasar\u0131mlar\u0131yla bilinir. G\u00fcm\u00fc\u015f kolyeler, g\u00fcnl\u00fck kullan\u0131mda daha hafif ve ferah bir izlenim verirken, \u00f6zel g\u00fcnlerde de \u015f\u0131k ve modern detaylar sunar. \u0130nce detaylarla i\u015flenmi\u015f g\u00fcm\u00fc\u015f kolyeler, saf bir \u015f\u0131kl\u0131\u011f\u0131 ve \u00e7a\u011fda\u015f bir zarafeti beraberinde getirir.&nbsp;<\/p>\n\n\n\n<p><a href=\"https:\/\/www.sochic.com\/bileklik-c-4?tema=nazar-boncuklu-bileklik\" target=\"_blank\" rel=\"noreferrer noopener\">Nazar boncuklu bileklik<\/a>, ge\u00e7mi\u015ften gelen sembolik bir anlam\u0131n modern yorumudur. Nazar boncu\u011fu, k\u00f6t\u00fc enerjiden korunma inanc\u0131yla s\u0131k\u00e7a tercih edilirken, g\u00fcn\u00fcm\u00fczde estetik olarak da \u00f6ne \u00e7\u0131kmaktad\u0131r. Nazar boncuklu bileklikler, \u00f6zellikle mistik ve bohem tarz\u0131 benimseyen \u015fehirli kad\u0131nlar i\u00e7in ideal bir aksesuard\u0131r.<\/p>\n\n\n\n<h2 id=\"kadinlar-gunu-icin-taki-nasil-secilir\" class=\"wp-block-heading\">Kad\u0131nlar G\u00fcn\u00fc \u0130\u00e7in Tak\u0131 Nas\u0131l Se\u00e7ilir?<\/h2>\n\n\n\n<p>Kad\u0131nlar G\u00fcn\u00fc, annelerimize, k\u0131z karde\u015flerimize, e\u015flerimize ve dostlar\u0131m\u0131za \u00f6zel olduklar\u0131n\u0131 hissettirecek anlaml\u0131 hediyeler verme zaman\u0131d\u0131r. \u00d6rne\u011fin, alt\u0131n ve g\u00fcm\u00fc\u015f kolyeler klasik ve zamans\u0131z bir tercih iken, do\u011fal ta\u015fl\u0131 tasar\u0131mlar ki\u015fisel ve enerjik dokunu\u015flar\u0131yla \u00f6ne \u00e7\u0131kar. Nazar boncuklu bileklik ise hem geleneksel hem de modern \u00e7a\u011f\u0131n izlerini ta\u015f\u0131yan, \u00e7ok y\u00f6nl\u00fc kullan\u0131labilir bir aksesuard\u0131r.<\/p>\n\n\n\n<p>Modern, \u015fehirli kad\u0131nlar\u0131n hem i\u015f hayat\u0131nda hem de sosyal ya\u015famda farkl\u0131 tarzlar sergileme ihtiyac\u0131 vard\u0131r. Tak\u0131lar\u0131n\u0131z, bu tarz\u0131n tamamlay\u0131c\u0131 unsurlar\u0131 olarak hem g\u00fcndelik hayat\u0131n enerjisini hem de \u00f6zel anlar\u0131n \u015f\u0131kl\u0131\u011f\u0131n\u0131 ortaya koyar. \u00d6rne\u011fin, ofiste sade bir g\u00f6r\u00fcn\u00fcm i\u00e7in minimal alt\u0131n veya g\u00fcm\u00fc\u015f kolyeler tercih edilebilir; ak\u015fam yeme\u011fi veya davetlerde ise daha g\u00f6steri\u015fli ve do\u011fal ta\u015fl\u0131 kolyeler ile kombininizi tamamlayabilirsiniz.<\/p>\n\n\n\n<p>Siz de tarz\u0131n\u0131zla fark yaratmak, g\u00fcnl\u00fck ve \u00f6zel ya\u015fam\u0131n\u0131zda kendinizi en iyi \u015fekilde ifade etmek istiyorsan\u0131z, So CHIC markas\u0131n\u0131n \u00f6zel Kad\u0131nlar G\u00fcn\u00fc koleksiyonunu ke\u015ffetmeye ne dersiniz? Web sitemizi ziyaret edin, \u00f6zenle haz\u0131rlanm\u0131\u015f koleksiyonumuzdan size en uygun tak\u0131y\u0131 se\u00e7erek bu Kad\u0131nlar G\u00fcn\u00fc\u2019n\u00fc unutulmaz k\u0131l\u0131n!<\/p>\n","protected":false},"excerpt":{"rendered":"<p>\u0130lk kez 1909 y\u0131l\u0131nda Amerika Birle\u015fik Devletleri&#8217;nde d\u00fczenlenen bu g\u00fcn, 1910 y\u0131l\u0131nda Danimarka&#8217;n\u0131n Kopenhag kentinde ger\u00e7ekle\u015ftirilen Uluslararas\u0131 Sosyalist Kad\u0131nlar Konferans\u0131&#8217;nda resmile\u015fmi\u015ftir. D\u00f6rt k\u00fcresel Birle\u015fmi\u015f Milletler kad\u0131n konferans\u0131 taraf\u0131ndan g\u00fc\u00e7lendirilen b\u00fcy\u00fcyen&hellip;<\/p>\n","protected":false},"author":2,"featured_media":3345,"comment_status":"open","ping_status":"open","sticky":false,"template":"","format":"standard","meta":{"footnotes":""},"categories":[12],"tags":[],"powerkit_post_featured":[],"class_list":{"0":"post-3341","1":"post","2":"type-post","3":"status-publish","4":"format-standard","5":"has-post-thumbnail","7":"category-faydali-bilgiler"},"yoast_head":"<title>Kad\u0131nlar G\u00fcn\u00fc Ne Zaman? D\u00fcnya Kad\u0131nlar G\u00fcn\u00fc Nedir? | So CHIC...<\/title>\n<meta name=\"description\" content=\"\u0130lk kez 1909 y\u0131l\u0131nda Amerika Birle\u015fik Devletleri&#039;nde d\u00fczenlenen bu g\u00fcn, 1910 y\u0131l\u0131nda Danimarka&#039;n\u0131n Kopenhag kentinde ger\u00e7ekle\u015ftirilen Uluslararas\u0131 | Kad\u0131nlar G\u00fcn\u00fc Ne Zaman? D\u00fcnya Kad\u0131nlar G\u00fcn\u00fc Nedir? Kad\u0131nlar G\u00fcn\u00fc, annelerimize, k\u0131z karde\u015flerimize, e\u015flerimize ve dostlar\u0131m\u0131za \u00f6zel olduklar\u0131n\u0131 hissettirecek anlaml\u0131 hediyeler verme zaman\u0131d\u0131r.\" \/>\n<meta name=\"robots\" content=\"index, follow, max-snippet:-1, max-image-preview:large, max-video-preview:-1\" \/>\n<link rel=\"canonical\" href=\"https:\/\/www.sochic.com\/blog\/kadinlar-gunu-ne-zaman-dunya-kadinlar-gunu-nedir\" \/>\n<meta property=\"og:locale\" content=\"tr_TR\" \/>\n<meta property=\"og:type\" content=\"article\" \/>\n<meta property=\"og:title\" content=\"Kad\u0131nlar G\u00fcn\u00fc Ne Zaman? D\u00fcnya Kad\u0131nlar G\u00fcn\u00fc Nedir? | So CHIC...\" \/>\n<meta property=\"og:description\" content=\"\u0130lk kez 1909 y\u0131l\u0131nda Amerika Birle\u015fik Devletleri&#039;nde d\u00fczenlenen bu g\u00fcn, 1910 y\u0131l\u0131nda Danimarka&#039;n\u0131n Kopenhag kentinde ger\u00e7ekle\u015ftirilen Uluslararas\u0131 | Kad\u0131nlar G\u00fcn\u00fc Ne Zaman? D\u00fcnya Kad\u0131nlar G\u00fcn\u00fc Nedir? Kad\u0131nlar G\u00fcn\u00fc, annelerimize, k\u0131z karde\u015flerimize, e\u015flerimize ve dostlar\u0131m\u0131za \u00f6zel olduklar\u0131n\u0131 hissettirecek anlaml\u0131 hediyeler verme zaman\u0131d\u0131r.\" \/>\n<meta property=\"og:url\" content=\"https:\/\/www.sochic.com\/blog\/kadinlar-gunu-ne-zaman-dunya-kadinlar-gunu-nedir\" \/>\n<meta property=\"og:site_name\" content=\"So CHIC...\" \/>\n<meta property=\"article:publisher\" content=\"https:\/\/www.facebook.com\/SoCHICGlobal\" \/>\n<meta property=\"article:published_time\" content=\"2025-03-05T03:54:15+00:00\" \/>\n<meta property=\"article:modified_time\" content=\"2026-03-05T12:39:40+00:00\" \/>\n<meta property=\"og:image\" content=\"https:\/\/www.sochic.com\/blog\/wp-content\/uploads\/2025\/03\/Kadinlar-Gunu-Ne-Zaman-Dunya-Kadinlar-Gunu-Nedir.jpg\" \/>\n\t<meta property=\"og:image:width\" content=\"1920\" \/>\n\t<meta property=\"og:image:height\" content=\"1080\" \/>\n\t<meta property=\"og:image:type\" content=\"image\/jpeg\" \/>\n<meta name=\"author\" content=\"So CHIC...\" \/>\n<meta name=\"twitter:card\" content=\"summary_large_image\" \/>\n<meta name=\"twitter:creator\" content=\"@SochicGlobal\" \/>\n<meta name=\"twitter:site\" content=\"@SochicGlobal\" \/>\n<script type=\"application\/ld+json\" class=\"yoast-schema-graph\">{\"@context\":\"https:\/\/schema.org\",\"@graph\":[{\"@type\":[\"Article\",\"BlogPosting\"],\"@id\":\"https:\/\/www.sochic.com\/blog\/kadinlar-gunu-ne-zaman-dunya-kadinlar-gunu-nedir#article\",\"isPartOf\":{\"@id\":\"https:\/\/www.sochic.com\/blog\/kadinlar-gunu-ne-zaman-dunya-kadinlar-gunu-nedir\"},\"author\":{\"name\":\"So CHIC...\",\"@id\":\"https:\/\/www.sochic.com\/blog\/#\/schema\/person\/217ac4906bdabe9ce9dc8568969acfdf\"},\"headline\":\"Kad\u0131nlar G\u00fcn\u00fc Ne Zaman? D\u00fcnya Kad\u0131nlar G\u00fcn\u00fc Nedir?\",\"datePublished\":\"2025-03-05T03:54:15+00:00\",\"dateModified\":\"2026-03-05T12:39:40+00:00\",\"mainEntityOfPage\":{\"@id\":\"https:\/\/www.sochic.com\/blog\/kadinlar-gunu-ne-zaman-dunya-kadinlar-gunu-nedir\"},\"wordCount\":1427,\"commentCount\":0,\"publisher\":{\"@id\":\"https:\/\/www.sochic.com\/blog\/#organization\"},\"image\":{\"@id\":\"https:\/\/www.sochic.com\/blog\/kadinlar-gunu-ne-zaman-dunya-kadinlar-gunu-nedir#primaryimage\"},\"thumbnailUrl\":\"https:\/\/www.sochic.com\/blog\/wp-content\/uploads\/2025\/03\/Kadinlar-Gunu-Ne-Zaman-Dunya-Kadinlar-Gunu-Nedir.jpg\",\"articleSection\":[\"Faydal\u0131 Bilgiler\"],\"inLanguage\":\"tr\",\"potentialAction\":[{\"@type\":\"CommentAction\",\"name\":\"Comment\",\"target\":[\"https:\/\/www.sochic.com\/blog\/kadinlar-gunu-ne-zaman-dunya-kadinlar-gunu-nedir#respond\"]}]},{\"@type\":\"WebPage\",\"@id\":\"https:\/\/www.sochic.com\/blog\/kadinlar-gunu-ne-zaman-dunya-kadinlar-gunu-nedir\",\"url\":\"https:\/\/www.sochic.com\/blog\/kadinlar-gunu-ne-zaman-dunya-kadinlar-gunu-nedir\",\"name\":\"Kad\u0131nlar G\u00fcn\u00fc Ne Zaman? D\u00fcnya Kad\u0131nlar G\u00fcn\u00fc Nedir? | So CHIC...\",\"isPartOf\":{\"@id\":\"https:\/\/www.sochic.com\/blog\/#website\"},\"primaryImageOfPage\":{\"@id\":\"https:\/\/www.sochic.com\/blog\/kadinlar-gunu-ne-zaman-dunya-kadinlar-gunu-nedir#primaryimage\"},\"image\":{\"@id\":\"https:\/\/www.sochic.com\/blog\/kadinlar-gunu-ne-zaman-dunya-kadinlar-gunu-nedir#primaryimage\"},\"thumbnailUrl\":\"https:\/\/www.sochic.com\/blog\/wp-content\/uploads\/2025\/03\/Kadinlar-Gunu-Ne-Zaman-Dunya-Kadinlar-Gunu-Nedir.jpg\",\"datePublished\":\"2025-03-05T03:54:15+00:00\",\"dateModified\":\"2026-03-05T12:39:40+00:00\",\"description\":\"\u0130lk kez 1909 y\u0131l\u0131nda Amerika Birle\u015fik Devletleri'nde d\u00fczenlenen bu g\u00fcn, 1910 y\u0131l\u0131nda Danimarka'n\u0131n Kopenhag kentinde ger\u00e7ekle\u015ftirilen Uluslararas\u0131 | Kad\u0131nlar G\u00fcn\u00fc Ne Zaman? D\u00fcnya Kad\u0131nlar G\u00fcn\u00fc Nedir? Kad\u0131nlar G\u00fcn\u00fc, annelerimize, k\u0131z karde\u015flerimize, e\u015flerimize ve dostlar\u0131m\u0131za \u00f6zel olduklar\u0131n\u0131 hissettirecek anlaml\u0131 hediyeler verme zaman\u0131d\u0131r.\",\"breadcrumb\":{\"@id\":\"https:\/\/www.sochic.com\/blog\/kadinlar-gunu-ne-zaman-dunya-kadinlar-gunu-nedir#breadcrumb\"},\"inLanguage\":\"tr\",\"potentialAction\":[{\"@type\":\"ReadAction\",\"target\":[\"https:\/\/www.sochic.com\/blog\/kadinlar-gunu-ne-zaman-dunya-kadinlar-gunu-nedir\"]}]},{\"@type\":\"ImageObject\",\"inLanguage\":\"tr\",\"@id\":\"https:\/\/www.sochic.com\/blog\/kadinlar-gunu-ne-zaman-dunya-kadinlar-gunu-nedir#primaryimage\",\"url\":\"https:\/\/www.sochic.com\/blog\/wp-content\/uploads\/2025\/03\/Kadinlar-Gunu-Ne-Zaman-Dunya-Kadinlar-Gunu-Nedir.jpg\",\"contentUrl\":\"https:\/\/www.sochic.com\/blog\/wp-content\/uploads\/2025\/03\/Kadinlar-Gunu-Ne-Zaman-Dunya-Kadinlar-Gunu-Nedir.jpg\",\"width\":1920,\"height\":1080,\"caption\":\"Kad\u0131nlar G\u00fcn\u00fc Ne Zaman? D\u00fcnya Kad\u0131nlar G\u00fcn\u00fc Nedir?\"},{\"@type\":\"BreadcrumbList\",\"@id\":\"https:\/\/www.sochic.com\/blog\/kadinlar-gunu-ne-zaman-dunya-kadinlar-gunu-nedir#breadcrumb\",\"itemListElement\":[{\"@type\":\"ListItem\",\"position\":1,\"name\":\"Anasayfa\",\"item\":\"https:\/\/www.sochic.com\/blog\/\"},{\"@type\":\"ListItem\",\"position\":2,\"name\":\"Faydal\u0131 Bilgiler\",\"item\":\"https:\/\/www.sochic.com\/blog\/faydali-bilgiler\"},{\"@type\":\"ListItem\",\"position\":3,\"name\":\"Kad\u0131nlar G\u00fcn\u00fc Ne Zaman? D\u00fcnya Kad\u0131nlar G\u00fcn\u00fc Nedir?\"}]},{\"@type\":\"WebSite\",\"@id\":\"https:\/\/www.sochic.com\/blog\/#website\",\"url\":\"https:\/\/www.sochic.com\/blog\/\",\"name\":\"So CHIC...\",\"description\":\"So CHIC Blog\",\"publisher\":{\"@id\":\"https:\/\/www.sochic.com\/blog\/#organization\"},\"alternateName\":\"So CHIC\",\"potentialAction\":[{\"@type\":\"SearchAction\",\"target\":{\"@type\":\"EntryPoint\",\"urlTemplate\":\"https:\/\/www.sochic.com\/blog\/?s={search_term_string}\"},\"query-input\":{\"@type\":\"PropertyValueSpecification\",\"valueRequired\":true,\"valueName\":\"search_term_string\"}}],\"inLanguage\":\"tr\"},{\"@type\":\"Organization\",\"@id\":\"https:\/\/www.sochic.com\/blog\/#organization\",\"name\":\"So CHIC...\",\"alternateName\":\"So CHIC\",\"url\":\"https:\/\/www.sochic.com\/blog\/\",\"logo\":{\"@type\":\"ImageObject\",\"inLanguage\":\"tr\",\"@id\":\"https:\/\/www.sochic.com\/blog\/#\/schema\/logo\/image\/\",\"url\":\"https:\/\/sochic.com\/blog\/wp-content\/uploads\/2022\/11\/sochic-facebook-logo.png\",\"contentUrl\":\"https:\/\/sochic.com\/blog\/wp-content\/uploads\/2022\/11\/sochic-facebook-logo.png\",\"width\":800,\"height\":800,\"caption\":\"So CHIC...\"},\"image\":{\"@id\":\"https:\/\/www.sochic.com\/blog\/#\/schema\/logo\/image\/\"},\"sameAs\":[\"https:\/\/www.facebook.com\/SoCHICGlobal\",\"https:\/\/x.com\/SochicGlobal\",\"https:\/\/www.instagram.com\/sochicofficial\/\",\"https:\/\/www.youtube.com\/user\/SoCHICGlobal\"]},{\"@type\":\"Person\",\"@id\":\"https:\/\/www.sochic.com\/blog\/#\/schema\/person\/217ac4906bdabe9ce9dc8568969acfdf\",\"name\":\"So CHIC...\",\"image\":{\"@type\":\"ImageObject\",\"inLanguage\":\"tr\",\"@id\":\"https:\/\/www.sochic.com\/blog\/#\/schema\/person\/image\/\",\"url\":\"https:\/\/secure.gravatar.com\/avatar\/84475e064453b1a507b62af79954a400?s=96&d=mm&r=g\",\"contentUrl\":\"https:\/\/secure.gravatar.com\/avatar\/84475e064453b1a507b62af79954a400?s=96&d=mm&r=g\",\"caption\":\"So CHIC...\"},\"sameAs\":[\"http:\/\/www.sochic.com\"]}]}<\/script>","yoast_head_json":{"title":"Kad\u0131nlar G\u00fcn\u00fc Ne Zaman? D\u00fcnya Kad\u0131nlar G\u00fcn\u00fc Nedir? | So CHIC...","description":"\u0130lk kez 1909 y\u0131l\u0131nda Amerika Birle\u015fik Devletleri'nde d\u00fczenlenen bu g\u00fcn, 1910 y\u0131l\u0131nda Danimarka'n\u0131n Kopenhag kentinde ger\u00e7ekle\u015ftirilen Uluslararas\u0131 | Kad\u0131nlar G\u00fcn\u00fc Ne Zaman? D\u00fcnya Kad\u0131nlar G\u00fcn\u00fc Nedir? Kad\u0131nlar G\u00fcn\u00fc, annelerimize, k\u0131z karde\u015flerimize, e\u015flerimize ve dostlar\u0131m\u0131za \u00f6zel olduklar\u0131n\u0131 hissettirecek anlaml\u0131 hediyeler verme zaman\u0131d\u0131r.","robots":{"index":"index","follow":"follow","max-snippet":"max-snippet:-1","max-image-preview":"max-image-preview:large","max-video-preview":"max-video-preview:-1"},"canonical":"https:\/\/www.sochic.com\/blog\/kadinlar-gunu-ne-zaman-dunya-kadinlar-gunu-nedir","og_locale":"tr_TR","og_type":"article","og_title":"Kad\u0131nlar G\u00fcn\u00fc Ne Zaman? D\u00fcnya Kad\u0131nlar G\u00fcn\u00fc Nedir? | So CHIC...","og_description":"\u0130lk kez 1909 y\u0131l\u0131nda Amerika Birle\u015fik Devletleri'nde d\u00fczenlenen bu g\u00fcn, 1910 y\u0131l\u0131nda Danimarka'n\u0131n Kopenhag kentinde ger\u00e7ekle\u015ftirilen Uluslararas\u0131 | Kad\u0131nlar G\u00fcn\u00fc Ne Zaman? D\u00fcnya Kad\u0131nlar G\u00fcn\u00fc Nedir? Kad\u0131nlar G\u00fcn\u00fc, annelerimize, k\u0131z karde\u015flerimize, e\u015flerimize ve dostlar\u0131m\u0131za \u00f6zel olduklar\u0131n\u0131 hissettirecek anlaml\u0131 hediyeler verme zaman\u0131d\u0131r.","og_url":"https:\/\/www.sochic.com\/blog\/kadinlar-gunu-ne-zaman-dunya-kadinlar-gunu-nedir","og_site_name":"So CHIC...","article_publisher":"https:\/\/www.facebook.com\/SoCHICGlobal","article_published_time":"2025-03-05T03:54:15+00:00","article_modified_time":"2026-03-05T12:39:40+00:00","og_image":[{"width":1920,"height":1080,"url":"https:\/\/www.sochic.com\/blog\/wp-content\/uploads\/2025\/03\/Kadinlar-Gunu-Ne-Zaman-Dunya-Kadinlar-Gunu-Nedir.jpg","type":"image\/jpeg"}],"author":"So CHIC...","twitter_card":"summary_large_image","twitter_creator":"@SochicGlobal","twitter_site":"@SochicGlobal","schema":{"@context":"https:\/\/schema.org","@graph":[{"@type":["Article","BlogPosting"],"@id":"https:\/\/www.sochic.com\/blog\/kadinlar-gunu-ne-zaman-dunya-kadinlar-gunu-nedir#article","isPartOf":{"@id":"https:\/\/www.sochic.com\/blog\/kadinlar-gunu-ne-zaman-dunya-kadinlar-gunu-nedir"},"author":{"name":"So CHIC...","@id":"https:\/\/www.sochic.com\/blog\/#\/schema\/person\/217ac4906bdabe9ce9dc8568969acfdf"},"headline":"Kad\u0131nlar G\u00fcn\u00fc Ne Zaman? D\u00fcnya Kad\u0131nlar G\u00fcn\u00fc Nedir?","datePublished":"2025-03-05T03:54:15+00:00","dateModified":"2026-03-05T12:39:40+00:00","mainEntityOfPage":{"@id":"https:\/\/www.sochic.com\/blog\/kadinlar-gunu-ne-zaman-dunya-kadinlar-gunu-nedir"},"wordCount":1427,"commentCount":0,"publisher":{"@id":"https:\/\/www.sochic.com\/blog\/#organization"},"image":{"@id":"https:\/\/www.sochic.com\/blog\/kadinlar-gunu-ne-zaman-dunya-kadinlar-gunu-nedir#primaryimage"},"thumbnailUrl":"https:\/\/www.sochic.com\/blog\/wp-content\/uploads\/2025\/03\/Kadinlar-Gunu-Ne-Zaman-Dunya-Kadinlar-Gunu-Nedir.jpg","articleSection":["Faydal\u0131 Bilgiler"],"inLanguage":"tr","potentialAction":[{"@type":"CommentAction","name":"Comment","target":["https:\/\/www.sochic.com\/blog\/kadinlar-gunu-ne-zaman-dunya-kadinlar-gunu-nedir#respond"]}]},{"@type":"WebPage","@id":"https:\/\/www.sochic.com\/blog\/kadinlar-gunu-ne-zaman-dunya-kadinlar-gunu-nedir","url":"https:\/\/www.sochic.com\/blog\/kadinlar-gunu-ne-zaman-dunya-kadinlar-gunu-nedir","name":"Kad\u0131nlar G\u00fcn\u00fc Ne Zaman? D\u00fcnya Kad\u0131nlar G\u00fcn\u00fc Nedir? | So CHIC...","isPartOf":{"@id":"https:\/\/www.sochic.com\/blog\/#website"},"primaryImageOfPage":{"@id":"https:\/\/www.sochic.com\/blog\/kadinlar-gunu-ne-zaman-dunya-kadinlar-gunu-nedir#primaryimage"},"image":{"@id":"https:\/\/www.sochic.com\/blog\/kadinlar-gunu-ne-zaman-dunya-kadinlar-gunu-nedir#primaryimage"},"thumbnailUrl":"https:\/\/www.sochic.com\/blog\/wp-content\/uploads\/2025\/03\/Kadinlar-Gunu-Ne-Zaman-Dunya-Kadinlar-Gunu-Nedir.jpg","datePublished":"2025-03-05T03:54:15+00:00","dateModified":"2026-03-05T12:39:40+00:00","description":"\u0130lk kez 1909 y\u0131l\u0131nda Amerika Birle\u015fik Devletleri'nde d\u00fczenlenen bu g\u00fcn, 1910 y\u0131l\u0131nda Danimarka'n\u0131n Kopenhag kentinde ger\u00e7ekle\u015ftirilen Uluslararas\u0131 | Kad\u0131nlar G\u00fcn\u00fc Ne Zaman? D\u00fcnya Kad\u0131nlar G\u00fcn\u00fc Nedir? Kad\u0131nlar G\u00fcn\u00fc, annelerimize, k\u0131z karde\u015flerimize, e\u015flerimize ve dostlar\u0131m\u0131za \u00f6zel olduklar\u0131n\u0131 hissettirecek anlaml\u0131 hediyeler verme zaman\u0131d\u0131r.","breadcrumb":{"@id":"https:\/\/www.sochic.com\/blog\/kadinlar-gunu-ne-zaman-dunya-kadinlar-gunu-nedir#breadcrumb"},"inLanguage":"tr","potentialAction":[{"@type":"ReadAction","target":["https:\/\/www.sochic.com\/blog\/kadinlar-gunu-ne-zaman-dunya-kadinlar-gunu-nedir"]}]},{"@type":"ImageObject","inLanguage":"tr","@id":"https:\/\/www.sochic.com\/blog\/kadinlar-gunu-ne-zaman-dunya-kadinlar-gunu-nedir#primaryimage","url":"https:\/\/www.sochic.com\/blog\/wp-content\/uploads\/2025\/03\/Kadinlar-Gunu-Ne-Zaman-Dunya-Kadinlar-Gunu-Nedir.jpg","contentUrl":"https:\/\/www.sochic.com\/blog\/wp-content\/uploads\/2025\/03\/Kadinlar-Gunu-Ne-Zaman-Dunya-Kadinlar-Gunu-Nedir.jpg","width":1920,"height":1080,"caption":"Kad\u0131nlar G\u00fcn\u00fc Ne Zaman? D\u00fcnya Kad\u0131nlar G\u00fcn\u00fc Nedir?"},{"@type":"BreadcrumbList","@id":"https:\/\/www.sochic.com\/blog\/kadinlar-gunu-ne-zaman-dunya-kadinlar-gunu-nedir#breadcrumb","itemListElement":[{"@type":"ListItem","position":1,"name":"Anasayfa","item":"https:\/\/www.sochic.com\/blog\/"},{"@type":"ListItem","position":2,"name":"Faydal\u0131 Bilgiler","item":"https:\/\/www.sochic.com\/blog\/faydali-bilgiler"},{"@type":"ListItem","position":3,"name":"Kad\u0131nlar G\u00fcn\u00fc Ne Zaman? D\u00fcnya Kad\u0131nlar G\u00fcn\u00fc Nedir?"}]},{"@type":"WebSite","@id":"https:\/\/www.sochic.com\/blog\/#website","url":"https:\/\/www.sochic.com\/blog\/","name":"So CHIC...","description":"So CHIC Blog","publisher":{"@id":"https:\/\/www.sochic.com\/blog\/#organization"},"alternateName":"So CHIC","potentialAction":[{"@type":"SearchAction","target":{"@type":"EntryPoint","urlTemplate":"https:\/\/www.sochic.com\/blog\/?s={search_term_string}"},"query-input":{"@type":"PropertyValueSpecification","valueRequired":true,"valueName":"search_term_string"}}],"inLanguage":"tr"},{"@type":"Organization","@id":"https:\/\/www.sochic.com\/blog\/#organization","name":"So CHIC...","alternateName":"So CHIC","url":"https:\/\/www.sochic.com\/blog\/","logo":{"@type":"ImageObject","inLanguage":"tr","@id":"https:\/\/www.sochic.com\/blog\/#\/schema\/logo\/image\/","url":"https:\/\/sochic.com\/blog\/wp-content\/uploads\/2022\/11\/sochic-facebook-logo.png","contentUrl":"https:\/\/sochic.com\/blog\/wp-content\/uploads\/2022\/11\/sochic-facebook-logo.png","width":800,"height":800,"caption":"So CHIC..."},"image":{"@id":"https:\/\/www.sochic.com\/blog\/#\/schema\/logo\/image\/"},"sameAs":["https:\/\/www.facebook.com\/SoCHICGlobal","https:\/\/x.com\/SochicGlobal","https:\/\/www.instagram.com\/sochicofficial\/","https:\/\/www.youtube.com\/user\/SoCHICGlobal"]},{"@type":"Person","@id":"https:\/\/www.sochic.com\/blog\/#\/schema\/person\/217ac4906bdabe9ce9dc8568969acfdf","name":"So CHIC...","image":{"@type":"ImageObject","inLanguage":"tr","@id":"https:\/\/www.sochic.com\/blog\/#\/schema\/person\/image\/","url":"https:\/\/secure.gravatar.com\/avatar\/84475e064453b1a507b62af79954a400?s=96&d=mm&r=g","contentUrl":"https:\/\/secure.gravatar.com\/avatar\/84475e064453b1a507b62af79954a400?s=96&d=mm&r=g","caption":"So CHIC..."},"sameAs":["http:\/\/www.sochic.com"]}]}},"_links":{"self":[{"href":"https:\/\/www.sochic.com\/blog\/wp-json\/wp\/v2\/posts\/3341"}],"collection":[{"href":"https:\/\/www.sochic.com\/blog\/wp-json\/wp\/v2\/posts"}],"about":[{"href":"https:\/\/www.sochic.com\/blog\/wp-json\/wp\/v2\/types\/post"}],"author":[{"embeddable":true,"href":"https:\/\/www.sochic.com\/blog\/wp-json\/wp\/v2\/users\/2"}],"replies":[{"embeddable":true,"href":"https:\/\/www.sochic.com\/blog\/wp-json\/wp\/v2\/comments?post=3341"}],"version-history":[{"count":5,"href":"https:\/\/www.sochic.com\/blog\/wp-json\/wp\/v2\/posts\/3341\/revisions"}],"predecessor-version":[{"id":5791,"href":"https:\/\/www.sochic.com\/blog\/wp-json\/wp\/v2\/posts\/3341\/revisions\/5791"}],"wp:featuredmedia":[{"embeddable":true,"href":"https:\/\/www.sochic.com\/blog\/wp-json\/wp\/v2\/media\/3345"}],"wp:attachment":[{"href":"https:\/\/www.sochic.com\/blog\/wp-json\/wp\/v2\/media?parent=3341"}],"wp:term":[{"taxonomy":"category","embeddable":true,"href":"https:\/\/www.sochic.com\/blog\/wp-json\/wp\/v2\/categories?post=3341"},{"taxonomy":"post_tag","embeddable":true,"href":"https:\/\/www.sochic.com\/blog\/wp-json\/wp\/v2\/tags?post=3341"},{"taxonomy":"powerkit_post_featured","embeddable":true,"href":"https:\/\/www.sochic.com\/blog\/wp-json\/wp\/v2\/powerkit_post_featured?post=3341"}],"curies":[{"name":"wp","href":"https:\/\/api.w.org\/{rel}","templated":true}]}}