{"id":3347,"date":"2025-03-05T07:04:49","date_gmt":"2025-03-05T04:04:49","guid":{"rendered":"https:\/\/www.sochic.com\/blog\/?p=3347"},"modified":"2026-03-03T15:06:52","modified_gmt":"2026-03-03T12:06:52","slug":"ilkbahar-stilinizi-tamamlayan-taki-onerileri","status":"publish","type":"post","link":"https:\/\/www.sochic.com\/blog\/ilkbahar-stilinizi-tamamlayan-taki-onerileri","title":{"rendered":"\u0130lkbahar Stilinizi Tamamlayan Tak\u0131 \u00d6nerileri"},"content":{"rendered":"\n<p>Modaya bizim kadar tutkuluysan\u0131z, bahar\u0131n yeni trendler i\u00e7in en iyi mevsim oldu\u011funu biliyorsunuzdur. 2025&#8217;in geli\u015fiyle birlikte m\u00fccevher d\u00fcnyas\u0131, k\u0131yafetlerinizi g\u00fczelle\u015ftirecek ve gard\u0131robunuza hayat katacak yeni stillerle dolup ta\u015f\u0131yor. Bahar i\u00e7in olmazsa olmaz m\u00fccevher trendleri nelerdir? Kal\u0131n zincirler geri d\u00f6necek mi? \u0130nciler hala moda m\u0131? Sezon i\u00e7in bilmeniz gereken en heyecan verici m\u00fccevher trendlerini bir araya getirdik.<\/p>\n\n\n\n<p>Katmanl\u0131 kolyeler trend olarak kalmaya devam ediyor, ancak bu bahar, trend her \u015feyi kar\u0131\u015ft\u0131rmak \u00fczerine. Kal\u0131n zincirleri narin olanlarla veya keskin bir dokunu\u015f i\u00e7in farkl\u0131 metalleri kombinleyin. Hem dengeli hem de g\u00f6z al\u0131c\u0131 bir g\u00f6r\u00fcn\u00fcm i\u00e7in cesur alt\u0131n halkalar\u0131 narin g\u00fcm\u00fc\u015f zincirlerle birle\u015ftirmeyi deneyin. Bir veya iki kolye eklerseniz bonus puan kazan\u0131rs\u0131n\u0131z!&nbsp;<\/p>\n\n\n\n<figure class=\"wp-block-gallery has-nested-images columns-default is-cropped wp-block-gallery-1 is-layout-flex wp-block-gallery-is-layout-flex\">\n<figure class=\"wp-block-image size-large\"><img  loading=\"lazy\"  decoding=\"async\"  width=\"1160\"  height=\"1738\"  data-id=\"3351\"  src=\"data:image\/png;base64,iVBORw0KGgoAAAANSUhEUgAABIgAAAbKAQMAAACX7dzOAAAAA1BMVEUAAP+KeNJXAAAAAXRSTlMAQObYZgAAAAlwSFlzAAAOxAAADsQBlSsOGwAAAQ1JREFUeNrtwTEBAAAAwqD1T20ND6AAAAAAAAAAAAAAAAAAAAAAAAAAAAAAAAAAAAAAAAAAAAAAAAAAAAAAAAAAAAAAAAAAAAAAAAAAAAAAAAAAAAAAAAAAAAAAAAAAAAAAAAAAAAAAAAAAAAAAAAAAAAAAAAAAAAAAAAAAAAAAAAAAAAAAAAAAAAAAAAAAAAAAAAAAAAAAAAAAAAAAAAAAAAAAAAAAAAAAAAAAAAAAAAAAAAAAAAAAAAAAAAAAAAAAAAAAAAAAAAAAAAAAAAAAAAAAAAAAAAAAAAAAAAAAAAAAAAAAAAAAAAAAAAAAAAAAAAAAAAAAAAAAAAAAAAAAAAAAAAAAAAAAAIAHA99hAAFIa+hwAAAAAElFTkSuQmCC\"  alt=\"\"  class=\"wp-image-3351 pk-lazyload\"  data-pk-sizes=\"auto\"  data-ls-sizes=\"(max-width: 1160px) 100vw, 1160px\"  data-pk-src=\"https:\/\/www.sochic.com\/blog\/wp-content\/uploads\/2025\/03\/51140304-1-1160x1738.webp\"  data-pk-srcset=\"https:\/\/www.sochic.com\/blog\/wp-content\/uploads\/2025\/03\/51140304-1-1160x1738.webp 1160w, https:\/\/www.sochic.com\/blog\/wp-content\/uploads\/2025\/03\/51140304-1-800x1199.webp 800w, https:\/\/www.sochic.com\/blog\/wp-content\/uploads\/2025\/03\/51140304-1-1025x1536.webp 1025w, https:\/\/www.sochic.com\/blog\/wp-content\/uploads\/2025\/03\/51140304-1-120x180.webp 120w, https:\/\/www.sochic.com\/blog\/wp-content\/uploads\/2025\/03\/51140304-1-90x135.webp 90w, https:\/\/www.sochic.com\/blog\/wp-content\/uploads\/2025\/03\/51140304-1-320x479.webp 320w, https:\/\/www.sochic.com\/blog\/wp-content\/uploads\/2025\/03\/51140304-1-560x839.webp 560w, https:\/\/www.sochic.com\/blog\/wp-content\/uploads\/2025\/03\/51140304-1.webp 1200w\" ><figcaption class=\"wp-element-caption\">incelemek i\u00e7in <a href=\"https:\/\/www.sochic.com\/p-mistik-uyum-18-ayar-beyaz-altin-kaplama-gumus-tasarim-bileklik-51140304\" target=\"_blank\" rel=\"noreferrer noopener\">t\u0131klay\u0131n\u0131z!<\/a><\/figcaption><\/figure>\n\n\n\n<figure class=\"wp-block-image size-large\"><img  loading=\"lazy\"  decoding=\"async\"  width=\"1160\"  height=\"1738\"  data-id=\"3353\"  src=\"data:image\/png;base64,iVBORw0KGgoAAAANSUhEUgAABIgAAAbKAQMAAACX7dzOAAAAA1BMVEUAAP+KeNJXAAAAAXRSTlMAQObYZgAAAAlwSFlzAAAOxAAADsQBlSsOGwAAAQ1JREFUeNrtwTEBAAAAwqD1T20ND6AAAAAAAAAAAAAAAAAAAAAAAAAAAAAAAAAAAAAAAAAAAAAAAAAAAAAAAAAAAAAAAAAAAAAAAAAAAAAAAAAAAAAAAAAAAAAAAAAAAAAAAAAAAAAAAAAAAAAAAAAAAAAAAAAAAAAAAAAAAAAAAAAAAAAAAAAAAAAAAAAAAAAAAAAAAAAAAAAAAAAAAAAAAAAAAAAAAAAAAAAAAAAAAAAAAAAAAAAAAAAAAAAAAAAAAAAAAAAAAAAAAAAAAAAAAAAAAAAAAAAAAAAAAAAAAAAAAAAAAAAAAAAAAAAAAAAAAAAAAAAAAAAAAAAAAAAAAAAAAAAAAAAAAIAHA99hAAFIa+hwAAAAAElFTkSuQmCC\"  alt=\"\"  class=\"wp-image-3353 pk-lazyload\"  data-pk-sizes=\"auto\"  data-ls-sizes=\"(max-width: 1160px) 100vw, 1160px\"  data-pk-src=\"https:\/\/www.sochic.com\/blog\/wp-content\/uploads\/2025\/03\/5090880417-1-1160x1738.webp\"  data-pk-srcset=\"https:\/\/www.sochic.com\/blog\/wp-content\/uploads\/2025\/03\/5090880417-1-1160x1738.webp 1160w, https:\/\/www.sochic.com\/blog\/wp-content\/uploads\/2025\/03\/5090880417-1-800x1199.webp 800w, https:\/\/www.sochic.com\/blog\/wp-content\/uploads\/2025\/03\/5090880417-1-1025x1536.webp 1025w, https:\/\/www.sochic.com\/blog\/wp-content\/uploads\/2025\/03\/5090880417-1-120x180.webp 120w, https:\/\/www.sochic.com\/blog\/wp-content\/uploads\/2025\/03\/5090880417-1-90x135.webp 90w, https:\/\/www.sochic.com\/blog\/wp-content\/uploads\/2025\/03\/5090880417-1-320x479.webp 320w, https:\/\/www.sochic.com\/blog\/wp-content\/uploads\/2025\/03\/5090880417-1-560x839.webp 560w, https:\/\/www.sochic.com\/blog\/wp-content\/uploads\/2025\/03\/5090880417-1.webp 1200w\" ><figcaption class=\"wp-element-caption\">incelemek i\u00e7in <a href=\"https:\/\/www.sochic.com\/p-zumrut-isiltisi-18-ayar-beyaz-altin-kaplama-gumus-tasarim-bileklik-5090880417\" target=\"_blank\" rel=\"noreferrer noopener\">t\u0131klay\u0131n\u0131z!<\/a><\/figcaption><\/figure>\n\n\n\n<figure class=\"wp-block-image size-large\"><img  loading=\"lazy\"  decoding=\"async\"  width=\"1160\"  height=\"1738\"  data-id=\"3352\"  src=\"data:image\/png;base64,iVBORw0KGgoAAAANSUhEUgAABIgAAAbKAQMAAACX7dzOAAAAA1BMVEUAAP+KeNJXAAAAAXRSTlMAQObYZgAAAAlwSFlzAAAOxAAADsQBlSsOGwAAAQ1JREFUeNrtwTEBAAAAwqD1T20ND6AAAAAAAAAAAAAAAAAAAAAAAAAAAAAAAAAAAAAAAAAAAAAAAAAAAAAAAAAAAAAAAAAAAAAAAAAAAAAAAAAAAAAAAAAAAAAAAAAAAAAAAAAAAAAAAAAAAAAAAAAAAAAAAAAAAAAAAAAAAAAAAAAAAAAAAAAAAAAAAAAAAAAAAAAAAAAAAAAAAAAAAAAAAAAAAAAAAAAAAAAAAAAAAAAAAAAAAAAAAAAAAAAAAAAAAAAAAAAAAAAAAAAAAAAAAAAAAAAAAAAAAAAAAAAAAAAAAAAAAAAAAAAAAAAAAAAAAAAAAAAAAAAAAAAAAAAAAAAAAAAAAAAAAIAHA99hAAFIa+hwAAAAAElFTkSuQmCC\"  alt=\"\"  class=\"wp-image-3352 pk-lazyload\"  data-pk-sizes=\"auto\"  data-ls-sizes=\"(max-width: 1160px) 100vw, 1160px\"  data-pk-src=\"https:\/\/www.sochic.com\/blog\/wp-content\/uploads\/2025\/03\/51140354-1-1160x1738.webp\"  data-pk-srcset=\"https:\/\/www.sochic.com\/blog\/wp-content\/uploads\/2025\/03\/51140354-1-1160x1738.webp 1160w, https:\/\/www.sochic.com\/blog\/wp-content\/uploads\/2025\/03\/51140354-1-800x1199.webp 800w, https:\/\/www.sochic.com\/blog\/wp-content\/uploads\/2025\/03\/51140354-1-1025x1536.webp 1025w, https:\/\/www.sochic.com\/blog\/wp-content\/uploads\/2025\/03\/51140354-1-120x180.webp 120w, https:\/\/www.sochic.com\/blog\/wp-content\/uploads\/2025\/03\/51140354-1-90x135.webp 90w, https:\/\/www.sochic.com\/blog\/wp-content\/uploads\/2025\/03\/51140354-1-320x479.webp 320w, https:\/\/www.sochic.com\/blog\/wp-content\/uploads\/2025\/03\/51140354-1-560x839.webp 560w, https:\/\/www.sochic.com\/blog\/wp-content\/uploads\/2025\/03\/51140354-1.webp 1200w\" ><figcaption class=\"wp-element-caption\">incelemek i\u00e7in <a href=\"https:\/\/www.sochic.com\/p-mistik-uyum-18-ayar-beyaz-altin-kaplama-gumus-tasarim-bileklik-51140354\" target=\"_blank\" rel=\"noreferrer noopener\">t\u0131klay\u0131n\u0131z!<\/a><\/figcaption><\/figure>\n<\/figure>\n\n\n\n<p>2025 \u0130lkbahar\u0131 yumu\u015fak, d\u00fc\u015fsel pastellerle dolu. All\u0131k pembelerinden lavanta morlar\u0131na ve nane ye\u015fillerine kadar, pastel renkli tak\u0131lar bu sezon her yerde. Taze bir bahar havas\u0131 i\u00e7in rengarenk <a href=\"https:\/\/www.sochic.com\/sochic-altin-serisi-c-1303\" target=\"_blank\" rel=\"noreferrer noopener\">do\u011fal alt\u0131n ta\u015fl\u0131 kolyeler<\/a> veya nane rengi bilekli\u011fi beyaz keten elbiseyle kombinleyin veya g\u00fcnl\u00fck kot pantolon ve ti\u015f\u00f6rt kombininize pastel renkli sark\u0131t k\u00fcpeler ekleyin.<\/p>\n\n\n\n<p>\u0130lkbahar, do\u011fan\u0131n uyan\u0131\u015f\u0131n\u0131 kutlad\u0131\u011f\u0131m\u0131z, renklerin ve canl\u0131l\u0131\u011f\u0131n \u00f6n planda oldu\u011fu bir mevsimdir. Bu d\u00f6nemde kombinlerimizi tamamlayan \u015f\u0131k tak\u0131lar, stilimizi bir ad\u0131m \u00f6ne ta\u015f\u0131r. \u0130lkbahar sezonuna \u00f6zel tak\u0131 trendleri, stil se\u00e7imlerimize ilham verecek pek \u00e7ok g\u00fczel \u00f6neri sunmaktad\u0131r. Gelin, bu yaz\u0131da ilkbahar stilinizi en iyi \u015fekilde tamamlayacak tak\u0131 \u00f6nerilerine daha yak\u0131ndan bakal\u0131m.<\/p>\n\n\n\n<h2 id=\"hangi-taki-onerileri-ilkbahar-stilinizi-en-iyi-sekilde-tamamlar\" class=\"wp-block-heading\">Hangi Tak\u0131 \u00d6nerileri \u0130lkbahar Stilinizi En \u0130yi \u015eekilde Tamamlar?<\/h2>\n\n\n\n<p>Bahar\u0131n tatl\u0131 esintisi havada dola\u015fmaya ba\u015flad\u0131\u011f\u0131nda, gard\u0131robumuzda da yenilenme zaman\u0131 gelir. Renkli \u00e7i\u00e7ekler, pastel tonlar ve hafif kuma\u015flar dolab\u0131m\u0131z\u0131 s\u00fcslerken, bu taze ve canl\u0131 g\u00f6r\u00fcn\u00fcm\u00fc tamamlayacak en \u00f6nemli detaylardan biri de tak\u0131lar\u0131m\u0131zd\u0131r. \u0130lkbahar stilinizi m\u00fckemmelle\u015ftirmek i\u00e7in size \u00f6zel tak\u0131 \u00f6nerilerimizle, mevsimin enerjisini \u00fczerinizde ta\u015f\u0131yabilirsiniz.<\/p>\n\n\n\n<p>\u0130lkbahar stilinizi tamamlamak i\u00e7in do\u011fru tak\u0131 se\u00e7imi olduk\u00e7a \u00f6nemlidir. \u0130\u015fte bu mevsimde tercih edebilece\u011finiz birka\u00e7 tak\u0131 \u00f6nerisi:<\/p>\n\n\n\n<ul class=\"wp-block-list\">\n<li>Renkli ta\u015flar ve do\u011fal ta\u015flarla s\u00fcslenmi\u015f tak\u0131lar<\/li>\n\n\n\n<li>\u00c7i\u00e7ek motifli kolyeler ve bilezikler<\/li>\n\n\n\n<li>Pastel tonlarda alt\u0131n ve g\u00fcm\u00fc\u015f tak\u0131lar<\/li>\n<\/ul>\n\n\n\n<p>Bahar aylar\u0131nda kullan\u0131lan a\u00e7\u0131k ve canl\u0131 renkler, tak\u0131larla zenginle\u015ftirildi\u011finde g\u00f6r\u00fcn\u00fcme ferahl\u0131k ve zarafet katar. Ayr\u0131ca, do\u011fru tak\u0131 se\u00e7imiyle sade kombinlerinizde bile \u015f\u0131kl\u0131\u011f\u0131 yakalayabilirsiniz. Bu mevsimde sevdiklerinize ald\u0131\u011f\u0131n\u0131z tak\u0131 hediyelerini g\u00f6z al\u0131c\u0131 g\u00fczellikteki <a href=\"https:\/\/www.sochic.com\/p-ozel-cicekli-hediye-kutusu-so-chic-flower-box-sc0419\" target=\"_blank\" rel=\"noreferrer noopener\">\u00e7i\u00e7ekli hediye kutusu<\/a> i\u00e7inde vererek, etkisini katlayabilirsiniz.&nbsp;<\/p>\n\n\n\n<p>2025 \u0130lkbahar\u0131, m\u00fccevher koleksiyonunuza renk katmakla ilgili. Safir mavisinden z\u00fcmr\u00fct ye\u015fili ve yakut k\u0131rm\u0131z\u0131s\u0131na kadar canl\u0131 de\u011ferli ta\u015flar stilinizi canland\u0131rabilirsiniz. \u00c7arp\u0131c\u0131 bir kontrast i\u00e7in n\u00f6tr k\u0131yafetlerle renkli bir y\u00fcz\u00fck takmay\u0131 deneyin veya en sevdi\u011finiz \u00e7i\u00e7ekli elbisenizi tamamlayacak de\u011ferli ta\u015flardan olu\u015fan bir <a href=\"https:\/\/www.sochic.com\/kolye-c-1?tema=cicek-kolye\" target=\"_blank\" rel=\"noreferrer noopener\">\u00e7i\u00e7ek kolye<\/a> tak\u0131n.<\/p>\n\n\n\n<p>2025 \u0130lkbahar\u0131, m\u00fccevher trendleri i\u00e7in en heyecan verici sezonlardan biri olmaya haz\u0131rlan\u0131yor. R\u00fcya gibi pastel tonlardan cesur de\u011ferli ta\u015flara ve e\u011flenceli incilere kadar her stile ve ruh haline uygun bir \u015feyler var. Bu trendleri ve daha fazlas\u0131n\u0131 So CHIC&#8217;de ke\u015ffedin. Tarz\u0131n\u0131za hitap eden par\u00e7alar\u0131 bulun ve bu bahar\u0131 \u015fimdiye kadarki en \u015f\u0131k bahar\u0131n\u0131z yap\u0131n!<\/p>\n\n\n\n<h2 id=\"ilkbahar-kombinleri-icin-cicek-motifli-taki-onerileri-nelerdir\" class=\"wp-block-heading\">\u0130lkbahar Kombinleri \u0130\u00e7in \u00c7i\u00e7ek Motifli Tak\u0131 \u00d6nerileri Nelerdir?<\/h2>\n\n\n\n<p>\u0130lkbahar, yenilenme ve tazelenme mevsimidir. Bu y\u00fczden tak\u0131 se\u00e7imlerinizde de bu ruhu yans\u0131tman\u0131z \u00f6nemlidir. Hafif ve zarif par\u00e7alar, ilkbahar stilinizi en iyi \u015fekilde tamamlayacakt\u0131r. Minimal tasar\u0131ml\u0131 <a href=\"https:\/\/www.sochic.com\/kolye-c-1\" target=\"_blank\" rel=\"noreferrer noopener\">g\u00fcm\u00fc\u015f kolye<\/a> ve k\u00fcpeler, ince bileklikler ve narin y\u00fcz\u00fckler, bahar kombinlerinize \u015f\u0131kl\u0131k katacakt\u0131r.<\/p>\n\n\n\n<p>Bahar denince akla ilk gelen \u015feylerden biri de elbette \u00e7i\u00e7eklerdir. \u00c7i\u00e7ek motifli tak\u0131lar, ilkbahar kombinlerinizi canland\u0131rmak i\u00e7in m\u00fckemmel bir se\u00e7enektir. \u00d6zellikle \u00e7i\u00e7ek kolye ve <a href=\"https:\/\/www.sochic.com\/sochic-altin-serisi-c-1303\" target=\"_blank\" rel=\"noreferrer noopener\">do\u011fal alt\u0131n ta\u015fl\u0131 kolyeler<\/a>, bu sezonun vazge\u00e7ilmezleri aras\u0131nda yer al\u0131yor.<\/p>\n\n\n\n<p>\u0130lkbahar\u0131n en belirgin simgelerinden biri olan \u00e7i\u00e7ekler, tak\u0131lara da ilham vermektedir. \u00c7i\u00e7ek motifli tak\u0131lar, bahar kombinlerinin vazge\u00e7ilmez par\u00e7alar\u0131d\u0131r ve hem g\u00fcnl\u00fck hem de \u00f6zel g\u00fcnlerde m\u00fckemmel birer tamamlay\u0131c\u0131d\u0131r.<\/p>\n\n\n\n<ul class=\"wp-block-list\">\n<li>\u00c7i\u00e7ek kolye: G\u00fcm\u00fc\u015f veya alt\u0131n kaplama \u00e7i\u00e7ek kolyeler, zarif bir g\u00f6r\u00fcn\u00fcm sunar.<\/li>\n\n\n\n<li>\u00c7i\u00e7ek motifli k\u00fcpeler: \u00d6zellikle b\u00fcy\u00fck ve renkli \u00e7i\u00e7ek k\u00fcpeler, stilinize hareket katar.<\/li>\n\n\n\n<li>\u00c7i\u00e7ek desenli bilezikler: Farkl\u0131 renk ve formlardaki bilezikler, bohem bir hava yarat\u0131r.<\/li>\n<\/ul>\n\n\n\n<p>Bu tak\u0131lar, bahar temas\u0131na uygundur ve pastel tonlarla m\u00fckemmel bir uyum sa\u011flar. Kombinlerinizde \u00e7i\u00e7ek motiflerini kullanarak, ilkbahar\u0131n ferah ruhunu yans\u0131tabilirsiniz.<\/p>\n\n\n\n<h2 id=\"pastel-tonlarla-uyum-saglayan-taki-onerileri-neler-olabilir\" class=\"wp-block-heading\">Pastel Tonlarla Uyum Sa\u011flayan Tak\u0131 \u00d6nerileri Neler Olabilir?<\/h2>\n\n\n\n<p>\u0130lkbahar mevsiminin yumu\u015fak ve romantik havas\u0131n\u0131 yans\u0131tan pastel tonlar, tak\u0131 se\u00e7imlerinizde de \u00f6ne \u00e7\u0131kabilir. A\u00e7\u0131k pembe, soft mavi, a\u00e7\u0131k ye\u015fil veya lavanta renklerinde ta\u015flar i\u00e7eren tak\u0131lar, bahar kombinlerinizle m\u00fckemmel bir uyum sa\u011flayacakt\u0131r.<\/p>\n\n\n\n<p>Zarif bir papatya kolye, minimal bir g\u00f6r\u00fcn\u00fcm i\u00e7in idealken, renkli ta\u015flarla s\u00fcslenmi\u015f orkide \u015feklinde bir bro\u015f, daha g\u00f6steri\u015fli bir stil yaratmak isteyenler i\u00e7in harika bir se\u00e7enek olabilir. Ayr\u0131ca, \u00e7i\u00e7ek \u015feklinde k\u00fcpeler veya bileklikler de ilkbahar kombinlerinizi tamamlamak i\u00e7in m\u00fckemmel aksesuarlar olacakt\u0131r.<\/p>\n\n\n\n<h2 id=\"dogal-tas-taki-onerileri-ile-bahar-enerjisi-nasil-yakalanir\" class=\"wp-block-heading\">Do\u011fal Ta\u015f Tak\u0131 \u00d6nerileri \u0130le Bahar Enerjisi Nas\u0131l Yakalan\u0131r?<\/h2>\n\n\n\n<p>Do\u011fal ta\u015f tak\u0131lar, hem estetik g\u00f6r\u00fcn\u00fcm\u00fc hem de enerjisi ile bahar aylar\u0131nda tercih edilen par\u00e7alardand\u0131r. Do\u011fada bulunan ta\u015flar, farkl\u0131 renk ve desenleri ile her stile uyum sa\u011flar. \u0130\u015fte bahar enerjisini yakalaman\u0131z\u0131 sa\u011flayacak do\u011fal ta\u015f tak\u0131 \u00f6nerileri:<\/p>\n\n\n\n<ul class=\"wp-block-list\">\n<li>Do\u011fal alt\u0131n ta\u015fl\u0131 kolyeler: Alt\u0131n rengi ile birlikte do\u011fal ta\u015flar, kombinlerinize l\u00fcks bir dokunu\u015f katarken, enerjinizi de y\u00fckseltir.<\/li>\n\n\n\n<li>Do\u011fal ta\u015flardan yap\u0131lm\u0131\u015f bilezikler: Renkli ta\u015flar, ruh halinizi g\u00fczelle\u015ftirir.<\/li>\n\n\n\n<li>Y\u00fcz\u00fcklerde do\u011fal ta\u015f detaylar\u0131: Minimalist ama \u015f\u0131k bir g\u00f6r\u00fcn\u00fcm i\u00e7in ideal tercihlerdir.<\/li>\n<\/ul>\n\n\n\n<p>Do\u011fal ta\u015flar, ki\u015fisel enerjinizi art\u0131rman\u0131n yan\u0131 s\u0131ra, bahar ruhunu da ta\u015f\u0131r. \u0130lkbahar kombinlerinizi bu tak\u0131larla tamamlayarak, hem stil hem de enerji a\u00e7\u0131s\u0131ndan zenginle\u015febilirsiniz.<\/p>\n\n\n\n<figure class=\"wp-block-gallery has-nested-images columns-default is-cropped wp-block-gallery-2 is-layout-flex wp-block-gallery-is-layout-flex\">\n<figure class=\"wp-block-image size-large\"><img  loading=\"lazy\"  decoding=\"async\"  width=\"1160\"  height=\"653\"  data-id=\"3354\"  src=\"data:image\/png;base64,iVBORw0KGgoAAAANSUhEUgAABIgAAAKNAQMAAABx\/8IJAAAAA1BMVEUAAP+KeNJXAAAAAXRSTlMAQObYZgAAAAlwSFlzAAAOxAAADsQBlSsOGwAAAHNJREFUeNrtwTEBAAAAwqD1T20ND6AAAAAAAAAAAAAAAAAAAAAAAAAAAAAAAAAAAAAAAAAAAAAAAAAAAAAAAAAAAAAAAAAAAAAAAAAAAAAAAAAAAAAAAAAAAAAAAAAAAAAAAAAAAAAAAAAAAAAAAAAAAPgwdHkAAc7CT7QAAAAASUVORK5CYII=\"  alt=\"\"  class=\"wp-image-3354 pk-lazyload\"  data-pk-sizes=\"auto\"  data-ls-sizes=\"(max-width: 1160px) 100vw, 1160px\"  data-pk-src=\"https:\/\/www.sochic.com\/blog\/wp-content\/uploads\/2025\/03\/gorsel-2-1160x653.jpg\"  data-pk-srcset=\"https:\/\/www.sochic.com\/blog\/wp-content\/uploads\/2025\/03\/gorsel-2-1160x653.jpg 1160w, https:\/\/www.sochic.com\/blog\/wp-content\/uploads\/2025\/03\/gorsel-2-800x450.jpg 800w, https:\/\/www.sochic.com\/blog\/wp-content\/uploads\/2025\/03\/gorsel-2-1536x864.jpg 1536w, https:\/\/www.sochic.com\/blog\/wp-content\/uploads\/2025\/03\/gorsel-2-120x68.jpg 120w, https:\/\/www.sochic.com\/blog\/wp-content\/uploads\/2025\/03\/gorsel-2-90x51.jpg 90w, https:\/\/www.sochic.com\/blog\/wp-content\/uploads\/2025\/03\/gorsel-2-320x180.jpg 320w, https:\/\/www.sochic.com\/blog\/wp-content\/uploads\/2025\/03\/gorsel-2-560x315.jpg 560w, https:\/\/www.sochic.com\/blog\/wp-content\/uploads\/2025\/03\/gorsel-2.jpg 1920w\" ><\/figure>\n<\/figure>\n\n\n\n<h2 id=\"altin-ve-gumus-taki-onerileriyle-ilkbahar-tarzinizi-nasil-tamamlayabilirsiniz\" class=\"wp-block-heading\">Alt\u0131n Ve G\u00fcm\u00fc\u015f Tak\u0131 \u00d6nerileriyle \u0130lkbahar Tarz\u0131n\u0131z\u0131 Nas\u0131l Tamamlayabilirsiniz?<\/h2>\n\n\n\n<p>Alt\u0131n ve g\u00fcm\u00fc\u015f tak\u0131lar, her sezonun vazge\u00e7ilmezleri aras\u0131nda yer almaktad\u0131r. \u0130lkbahar sezonunda, bu metal tak\u0131lar\u0131n pastel tonlarla birle\u015fimi olduk\u00e7a \u015f\u0131k bir g\u00f6r\u00fcn\u00fcm sa\u011flar. \u0130\u015fte alt\u0131n ve g\u00fcm\u00fc\u015f tak\u0131 \u00f6nerileri:<\/p>\n\n\n\n<ul class=\"wp-block-list\">\n<li>G\u00fcm\u00fc\u015f kolyeler: \u0130nce detaylarla i\u015flenmi\u015f g\u00fcm\u00fc\u015f kolyeler, zarif bir hava estirir.<\/li>\n\n\n\n<li>Alt\u0131n halka k\u00fcpeler: Hem klasik hem de modern g\u00f6r\u00fcn\u00fcmler elde etmek i\u00e7in m\u00fckemmel bir se\u00e7imdir.<\/li>\n\n\n\n<li>G\u00fcm\u00fc\u015f bilezikler: Katmanl\u0131 bilezikler, stilinize farkl\u0131 bir boyut kazand\u0131r\u0131r.<\/li>\n<\/ul>\n\n\n\n<p>Bu tak\u0131lar, hem g\u00fcnl\u00fck hayatta hem de \u015f\u0131k davetlerde rahatl\u0131kla kullan\u0131labilir. Alt\u0131n ve g\u00fcm\u00fc\u015f ile olu\u015fturulmu\u015f tak\u0131lar, her k\u0131yafetle uyum sa\u011flayarak, ilkbahar tarz\u0131n\u0131z\u0131 tamamlayacakt\u0131r.<\/p>\n\n\n\n<p>Sonu\u00e7 olarak, ilkbahar sezonu kat\u0131l\u0131klar\u0131n\u0131z\u0131 serbest b\u0131rakmak i\u00e7in e\u015fsiz bir f\u0131rsat sunar.&nbsp;<\/p>\n\n\n\n<p>Renkler, do\u011fa motifleri ve farkl\u0131 dokular ile s\u00fcslenmi\u015f tak\u0131lar, stilinizi g\u00fczelle\u015ftirerek, bu mevsimin enerjisini hissetmenizi sa\u011flar. Bu tak\u0131 \u00f6nerileri, ilkbahar kombinlerinizle bir b\u00fct\u00fcnl\u00fck olu\u015fturman\u0131za yard\u0131mc\u0131 olacakt\u0131r. Unutmay\u0131n, do\u011fru tak\u0131 se\u00e7imi ile stilinize ki\u015fisel bir dokunu\u015f katabilirsiniz. \u015e\u0131kl\u0131\u011f\u0131n\u0131zdan \u00f6d\u00fcn vermeden, bahar\u0131n t\u00fcm g\u00fczelliklerini yans\u0131tmak i\u00e7in bu \u00f6nerileri de\u011ferlendirebilirsiniz.<\/p>\n","protected":false},"excerpt":{"rendered":"<p>Modaya bizim kadar tutkuluysan\u0131z, bahar\u0131n yeni trendler i\u00e7in en iyi mevsim oldu\u011funu biliyorsunuzdur. 2025&#8217;in geli\u015fiyle birlikte m\u00fccevher d\u00fcnyas\u0131, k\u0131yafetlerinizi g\u00fczelle\u015ftirecek ve gard\u0131robunuza hayat katacak yeni stillerle dolup ta\u015f\u0131yor. Bahar i\u00e7in&hellip;<\/p>\n","protected":false},"author":2,"featured_media":3355,"comment_status":"open","ping_status":"open","sticky":false,"template":"","format":"standard","meta":{"footnotes":""},"categories":[10],"tags":[],"powerkit_post_featured":[],"class_list":{"0":"post-3347","1":"post","2":"type-post","3":"status-publish","4":"format-standard","5":"has-post-thumbnail","7":"category-moda"},"yoast_head":"<title>\u0130lkbahar Stilinizi Tamamlayan Tak\u0131 \u00d6nerileri | So CHIC...<\/title>\n<meta name=\"description\" content=\"Modaya bizim kadar tutkuluysan\u0131z, bahar\u0131n yeni trendler i\u00e7in en iyi mevsim oldu\u011funu biliyorsunuzdur. 2025&#039;in geli\u015fiyle birlikte m\u00fccevher d\u00fcnyas\u0131, | \u0130lkbahar Stilinizi Tamamlayan Tak\u0131 \u00d6nerileri 2025&#039;in geli\u015fiyle birlikte m\u00fccevher d\u00fcnyas\u0131, k\u0131yafetlerinizi g\u00fczelle\u015ftirecek ve gard\u0131robunuza hayat katacak yeni stillerle dolup ta\u015f\u0131yor.\" \/>\n<meta name=\"robots\" content=\"index, follow, max-snippet:-1, max-image-preview:large, max-video-preview:-1\" \/>\n<link rel=\"canonical\" href=\"https:\/\/www.sochic.com\/blog\/ilkbahar-stilinizi-tamamlayan-taki-onerileri\" \/>\n<meta property=\"og:locale\" content=\"tr_TR\" \/>\n<meta property=\"og:type\" content=\"article\" \/>\n<meta property=\"og:title\" content=\"\u0130lkbahar Stilinizi Tamamlayan Tak\u0131 \u00d6nerileri | So CHIC...\" \/>\n<meta property=\"og:description\" content=\"Modaya bizim kadar tutkuluysan\u0131z, bahar\u0131n yeni trendler i\u00e7in en iyi mevsim oldu\u011funu biliyorsunuzdur. 2025&#039;in geli\u015fiyle birlikte m\u00fccevher d\u00fcnyas\u0131, | \u0130lkbahar Stilinizi Tamamlayan Tak\u0131 \u00d6nerileri 2025&#039;in geli\u015fiyle birlikte m\u00fccevher d\u00fcnyas\u0131, k\u0131yafetlerinizi g\u00fczelle\u015ftirecek ve gard\u0131robunuza hayat katacak yeni stillerle dolup ta\u015f\u0131yor.\" \/>\n<meta property=\"og:url\" content=\"https:\/\/www.sochic.com\/blog\/ilkbahar-stilinizi-tamamlayan-taki-onerileri\" \/>\n<meta property=\"og:site_name\" content=\"So CHIC...\" \/>\n<meta property=\"article:publisher\" content=\"https:\/\/www.facebook.com\/SoCHICGlobal\" \/>\n<meta property=\"article:published_time\" content=\"2025-03-05T04:04:49+00:00\" \/>\n<meta property=\"article:modified_time\" content=\"2026-03-03T12:06:52+00:00\" \/>\n<meta property=\"og:image\" content=\"https:\/\/www.sochic.com\/blog\/wp-content\/uploads\/2025\/03\/gorsel-1.jpg\" \/>\n\t<meta property=\"og:image:width\" content=\"1920\" \/>\n\t<meta property=\"og:image:height\" content=\"1080\" \/>\n\t<meta property=\"og:image:type\" content=\"image\/jpeg\" \/>\n<meta name=\"author\" content=\"So CHIC...\" \/>\n<meta name=\"twitter:card\" content=\"summary_large_image\" \/>\n<meta name=\"twitter:creator\" content=\"@SochicGlobal\" \/>\n<meta name=\"twitter:site\" content=\"@SochicGlobal\" \/>\n<script type=\"application\/ld+json\" class=\"yoast-schema-graph\">{\"@context\":\"https:\/\/schema.org\",\"@graph\":[{\"@type\":[\"Article\",\"BlogPosting\"],\"@id\":\"https:\/\/www.sochic.com\/blog\/ilkbahar-stilinizi-tamamlayan-taki-onerileri#article\",\"isPartOf\":{\"@id\":\"https:\/\/www.sochic.com\/blog\/ilkbahar-stilinizi-tamamlayan-taki-onerileri\"},\"author\":{\"name\":\"So CHIC...\",\"@id\":\"https:\/\/www.sochic.com\/blog\/#\/schema\/person\/217ac4906bdabe9ce9dc8568969acfdf\"},\"headline\":\"\u0130lkbahar Stilinizi Tamamlayan Tak\u0131 \u00d6nerileri\",\"datePublished\":\"2025-03-05T04:04:49+00:00\",\"dateModified\":\"2026-03-03T12:06:52+00:00\",\"mainEntityOfPage\":{\"@id\":\"https:\/\/www.sochic.com\/blog\/ilkbahar-stilinizi-tamamlayan-taki-onerileri\"},\"wordCount\":1362,\"commentCount\":0,\"publisher\":{\"@id\":\"https:\/\/www.sochic.com\/blog\/#organization\"},\"image\":{\"@id\":\"https:\/\/www.sochic.com\/blog\/ilkbahar-stilinizi-tamamlayan-taki-onerileri#primaryimage\"},\"thumbnailUrl\":\"https:\/\/www.sochic.com\/blog\/wp-content\/uploads\/2025\/03\/gorsel-1.jpg\",\"articleSection\":[\"Moda Trend Stil\"],\"inLanguage\":\"tr\",\"potentialAction\":[{\"@type\":\"CommentAction\",\"name\":\"Comment\",\"target\":[\"https:\/\/www.sochic.com\/blog\/ilkbahar-stilinizi-tamamlayan-taki-onerileri#respond\"]}]},{\"@type\":\"WebPage\",\"@id\":\"https:\/\/www.sochic.com\/blog\/ilkbahar-stilinizi-tamamlayan-taki-onerileri\",\"url\":\"https:\/\/www.sochic.com\/blog\/ilkbahar-stilinizi-tamamlayan-taki-onerileri\",\"name\":\"\u0130lkbahar Stilinizi Tamamlayan Tak\u0131 \u00d6nerileri | So CHIC...\",\"isPartOf\":{\"@id\":\"https:\/\/www.sochic.com\/blog\/#website\"},\"primaryImageOfPage\":{\"@id\":\"https:\/\/www.sochic.com\/blog\/ilkbahar-stilinizi-tamamlayan-taki-onerileri#primaryimage\"},\"image\":{\"@id\":\"https:\/\/www.sochic.com\/blog\/ilkbahar-stilinizi-tamamlayan-taki-onerileri#primaryimage\"},\"thumbnailUrl\":\"https:\/\/www.sochic.com\/blog\/wp-content\/uploads\/2025\/03\/gorsel-1.jpg\",\"datePublished\":\"2025-03-05T04:04:49+00:00\",\"dateModified\":\"2026-03-03T12:06:52+00:00\",\"description\":\"Modaya bizim kadar tutkuluysan\u0131z, bahar\u0131n yeni trendler i\u00e7in en iyi mevsim oldu\u011funu biliyorsunuzdur. 2025'in geli\u015fiyle birlikte m\u00fccevher d\u00fcnyas\u0131, | \u0130lkbahar Stilinizi Tamamlayan Tak\u0131 \u00d6nerileri 2025'in geli\u015fiyle birlikte m\u00fccevher d\u00fcnyas\u0131, k\u0131yafetlerinizi g\u00fczelle\u015ftirecek ve gard\u0131robunuza hayat katacak yeni stillerle dolup ta\u015f\u0131yor.\",\"breadcrumb\":{\"@id\":\"https:\/\/www.sochic.com\/blog\/ilkbahar-stilinizi-tamamlayan-taki-onerileri#breadcrumb\"},\"inLanguage\":\"tr\",\"potentialAction\":[{\"@type\":\"ReadAction\",\"target\":[\"https:\/\/www.sochic.com\/blog\/ilkbahar-stilinizi-tamamlayan-taki-onerileri\"]}]},{\"@type\":\"ImageObject\",\"inLanguage\":\"tr\",\"@id\":\"https:\/\/www.sochic.com\/blog\/ilkbahar-stilinizi-tamamlayan-taki-onerileri#primaryimage\",\"url\":\"https:\/\/www.sochic.com\/blog\/wp-content\/uploads\/2025\/03\/gorsel-1.jpg\",\"contentUrl\":\"https:\/\/www.sochic.com\/blog\/wp-content\/uploads\/2025\/03\/gorsel-1.jpg\",\"width\":1920,\"height\":1080,\"caption\":\"\u0130lkbahar Stilinizi Tamamlayan Tak\u0131 \u00d6nerileri\"},{\"@type\":\"BreadcrumbList\",\"@id\":\"https:\/\/www.sochic.com\/blog\/ilkbahar-stilinizi-tamamlayan-taki-onerileri#breadcrumb\",\"itemListElement\":[{\"@type\":\"ListItem\",\"position\":1,\"name\":\"Anasayfa\",\"item\":\"https:\/\/www.sochic.com\/blog\/\"},{\"@type\":\"ListItem\",\"position\":2,\"name\":\"Moda Trend Stil\",\"item\":\"https:\/\/www.sochic.com\/blog\/moda\"},{\"@type\":\"ListItem\",\"position\":3,\"name\":\"\u0130lkbahar Stilinizi Tamamlayan Tak\u0131 \u00d6nerileri\"}]},{\"@type\":\"WebSite\",\"@id\":\"https:\/\/www.sochic.com\/blog\/#website\",\"url\":\"https:\/\/www.sochic.com\/blog\/\",\"name\":\"So CHIC...\",\"description\":\"So CHIC Blog\",\"publisher\":{\"@id\":\"https:\/\/www.sochic.com\/blog\/#organization\"},\"alternateName\":\"So CHIC\",\"potentialAction\":[{\"@type\":\"SearchAction\",\"target\":{\"@type\":\"EntryPoint\",\"urlTemplate\":\"https:\/\/www.sochic.com\/blog\/?s={search_term_string}\"},\"query-input\":{\"@type\":\"PropertyValueSpecification\",\"valueRequired\":true,\"valueName\":\"search_term_string\"}}],\"inLanguage\":\"tr\"},{\"@type\":\"Organization\",\"@id\":\"https:\/\/www.sochic.com\/blog\/#organization\",\"name\":\"So CHIC...\",\"alternateName\":\"So CHIC\",\"url\":\"https:\/\/www.sochic.com\/blog\/\",\"logo\":{\"@type\":\"ImageObject\",\"inLanguage\":\"tr\",\"@id\":\"https:\/\/www.sochic.com\/blog\/#\/schema\/logo\/image\/\",\"url\":\"https:\/\/sochic.com\/blog\/wp-content\/uploads\/2022\/11\/sochic-facebook-logo.png\",\"contentUrl\":\"https:\/\/sochic.com\/blog\/wp-content\/uploads\/2022\/11\/sochic-facebook-logo.png\",\"width\":800,\"height\":800,\"caption\":\"So CHIC...\"},\"image\":{\"@id\":\"https:\/\/www.sochic.com\/blog\/#\/schema\/logo\/image\/\"},\"sameAs\":[\"https:\/\/www.facebook.com\/SoCHICGlobal\",\"https:\/\/x.com\/SochicGlobal\",\"https:\/\/www.instagram.com\/sochicofficial\/\",\"https:\/\/www.youtube.com\/user\/SoCHICGlobal\"]},{\"@type\":\"Person\",\"@id\":\"https:\/\/www.sochic.com\/blog\/#\/schema\/person\/217ac4906bdabe9ce9dc8568969acfdf\",\"name\":\"So CHIC...\",\"image\":{\"@type\":\"ImageObject\",\"inLanguage\":\"tr\",\"@id\":\"https:\/\/www.sochic.com\/blog\/#\/schema\/person\/image\/\",\"url\":\"https:\/\/secure.gravatar.com\/avatar\/84475e064453b1a507b62af79954a400?s=96&d=mm&r=g\",\"contentUrl\":\"https:\/\/secure.gravatar.com\/avatar\/84475e064453b1a507b62af79954a400?s=96&d=mm&r=g\",\"caption\":\"So CHIC...\"},\"sameAs\":[\"http:\/\/www.sochic.com\"]}]}<\/script>","yoast_head_json":{"title":"\u0130lkbahar Stilinizi Tamamlayan Tak\u0131 \u00d6nerileri | So CHIC...","description":"Modaya bizim kadar tutkuluysan\u0131z, bahar\u0131n yeni trendler i\u00e7in en iyi mevsim oldu\u011funu biliyorsunuzdur. 2025'in geli\u015fiyle birlikte m\u00fccevher d\u00fcnyas\u0131, | \u0130lkbahar Stilinizi Tamamlayan Tak\u0131 \u00d6nerileri 2025'in geli\u015fiyle birlikte m\u00fccevher d\u00fcnyas\u0131, k\u0131yafetlerinizi g\u00fczelle\u015ftirecek ve gard\u0131robunuza hayat katacak yeni stillerle dolup ta\u015f\u0131yor.","robots":{"index":"index","follow":"follow","max-snippet":"max-snippet:-1","max-image-preview":"max-image-preview:large","max-video-preview":"max-video-preview:-1"},"canonical":"https:\/\/www.sochic.com\/blog\/ilkbahar-stilinizi-tamamlayan-taki-onerileri","og_locale":"tr_TR","og_type":"article","og_title":"\u0130lkbahar Stilinizi Tamamlayan Tak\u0131 \u00d6nerileri | So CHIC...","og_description":"Modaya bizim kadar tutkuluysan\u0131z, bahar\u0131n yeni trendler i\u00e7in en iyi mevsim oldu\u011funu biliyorsunuzdur. 2025'in geli\u015fiyle birlikte m\u00fccevher d\u00fcnyas\u0131, | \u0130lkbahar Stilinizi Tamamlayan Tak\u0131 \u00d6nerileri 2025'in geli\u015fiyle birlikte m\u00fccevher d\u00fcnyas\u0131, k\u0131yafetlerinizi g\u00fczelle\u015ftirecek ve gard\u0131robunuza hayat katacak yeni stillerle dolup ta\u015f\u0131yor.","og_url":"https:\/\/www.sochic.com\/blog\/ilkbahar-stilinizi-tamamlayan-taki-onerileri","og_site_name":"So CHIC...","article_publisher":"https:\/\/www.facebook.com\/SoCHICGlobal","article_published_time":"2025-03-05T04:04:49+00:00","article_modified_time":"2026-03-03T12:06:52+00:00","og_image":[{"width":1920,"height":1080,"url":"https:\/\/www.sochic.com\/blog\/wp-content\/uploads\/2025\/03\/gorsel-1.jpg","type":"image\/jpeg"}],"author":"So CHIC...","twitter_card":"summary_large_image","twitter_creator":"@SochicGlobal","twitter_site":"@SochicGlobal","schema":{"@context":"https:\/\/schema.org","@graph":[{"@type":["Article","BlogPosting"],"@id":"https:\/\/www.sochic.com\/blog\/ilkbahar-stilinizi-tamamlayan-taki-onerileri#article","isPartOf":{"@id":"https:\/\/www.sochic.com\/blog\/ilkbahar-stilinizi-tamamlayan-taki-onerileri"},"author":{"name":"So CHIC...","@id":"https:\/\/www.sochic.com\/blog\/#\/schema\/person\/217ac4906bdabe9ce9dc8568969acfdf"},"headline":"\u0130lkbahar Stilinizi Tamamlayan Tak\u0131 \u00d6nerileri","datePublished":"2025-03-05T04:04:49+00:00","dateModified":"2026-03-03T12:06:52+00:00","mainEntityOfPage":{"@id":"https:\/\/www.sochic.com\/blog\/ilkbahar-stilinizi-tamamlayan-taki-onerileri"},"wordCount":1362,"commentCount":0,"publisher":{"@id":"https:\/\/www.sochic.com\/blog\/#organization"},"image":{"@id":"https:\/\/www.sochic.com\/blog\/ilkbahar-stilinizi-tamamlayan-taki-onerileri#primaryimage"},"thumbnailUrl":"https:\/\/www.sochic.com\/blog\/wp-content\/uploads\/2025\/03\/gorsel-1.jpg","articleSection":["Moda Trend Stil"],"inLanguage":"tr","potentialAction":[{"@type":"CommentAction","name":"Comment","target":["https:\/\/www.sochic.com\/blog\/ilkbahar-stilinizi-tamamlayan-taki-onerileri#respond"]}]},{"@type":"WebPage","@id":"https:\/\/www.sochic.com\/blog\/ilkbahar-stilinizi-tamamlayan-taki-onerileri","url":"https:\/\/www.sochic.com\/blog\/ilkbahar-stilinizi-tamamlayan-taki-onerileri","name":"\u0130lkbahar Stilinizi Tamamlayan Tak\u0131 \u00d6nerileri | So CHIC...","isPartOf":{"@id":"https:\/\/www.sochic.com\/blog\/#website"},"primaryImageOfPage":{"@id":"https:\/\/www.sochic.com\/blog\/ilkbahar-stilinizi-tamamlayan-taki-onerileri#primaryimage"},"image":{"@id":"https:\/\/www.sochic.com\/blog\/ilkbahar-stilinizi-tamamlayan-taki-onerileri#primaryimage"},"thumbnailUrl":"https:\/\/www.sochic.com\/blog\/wp-content\/uploads\/2025\/03\/gorsel-1.jpg","datePublished":"2025-03-05T04:04:49+00:00","dateModified":"2026-03-03T12:06:52+00:00","description":"Modaya bizim kadar tutkuluysan\u0131z, bahar\u0131n yeni trendler i\u00e7in en iyi mevsim oldu\u011funu biliyorsunuzdur. 2025'in geli\u015fiyle birlikte m\u00fccevher d\u00fcnyas\u0131, | \u0130lkbahar Stilinizi Tamamlayan Tak\u0131 \u00d6nerileri 2025'in geli\u015fiyle birlikte m\u00fccevher d\u00fcnyas\u0131, k\u0131yafetlerinizi g\u00fczelle\u015ftirecek ve gard\u0131robunuza hayat katacak yeni stillerle dolup ta\u015f\u0131yor.","breadcrumb":{"@id":"https:\/\/www.sochic.com\/blog\/ilkbahar-stilinizi-tamamlayan-taki-onerileri#breadcrumb"},"inLanguage":"tr","potentialAction":[{"@type":"ReadAction","target":["https:\/\/www.sochic.com\/blog\/ilkbahar-stilinizi-tamamlayan-taki-onerileri"]}]},{"@type":"ImageObject","inLanguage":"tr","@id":"https:\/\/www.sochic.com\/blog\/ilkbahar-stilinizi-tamamlayan-taki-onerileri#primaryimage","url":"https:\/\/www.sochic.com\/blog\/wp-content\/uploads\/2025\/03\/gorsel-1.jpg","contentUrl":"https:\/\/www.sochic.com\/blog\/wp-content\/uploads\/2025\/03\/gorsel-1.jpg","width":1920,"height":1080,"caption":"\u0130lkbahar Stilinizi Tamamlayan Tak\u0131 \u00d6nerileri"},{"@type":"BreadcrumbList","@id":"https:\/\/www.sochic.com\/blog\/ilkbahar-stilinizi-tamamlayan-taki-onerileri#breadcrumb","itemListElement":[{"@type":"ListItem","position":1,"name":"Anasayfa","item":"https:\/\/www.sochic.com\/blog\/"},{"@type":"ListItem","position":2,"name":"Moda Trend Stil","item":"https:\/\/www.sochic.com\/blog\/moda"},{"@type":"ListItem","position":3,"name":"\u0130lkbahar Stilinizi Tamamlayan Tak\u0131 \u00d6nerileri"}]},{"@type":"WebSite","@id":"https:\/\/www.sochic.com\/blog\/#website","url":"https:\/\/www.sochic.com\/blog\/","name":"So CHIC...","description":"So CHIC Blog","publisher":{"@id":"https:\/\/www.sochic.com\/blog\/#organization"},"alternateName":"So CHIC","potentialAction":[{"@type":"SearchAction","target":{"@type":"EntryPoint","urlTemplate":"https:\/\/www.sochic.com\/blog\/?s={search_term_string}"},"query-input":{"@type":"PropertyValueSpecification","valueRequired":true,"valueName":"search_term_string"}}],"inLanguage":"tr"},{"@type":"Organization","@id":"https:\/\/www.sochic.com\/blog\/#organization","name":"So CHIC...","alternateName":"So CHIC","url":"https:\/\/www.sochic.com\/blog\/","logo":{"@type":"ImageObject","inLanguage":"tr","@id":"https:\/\/www.sochic.com\/blog\/#\/schema\/logo\/image\/","url":"https:\/\/sochic.com\/blog\/wp-content\/uploads\/2022\/11\/sochic-facebook-logo.png","contentUrl":"https:\/\/sochic.com\/blog\/wp-content\/uploads\/2022\/11\/sochic-facebook-logo.png","width":800,"height":800,"caption":"So CHIC..."},"image":{"@id":"https:\/\/www.sochic.com\/blog\/#\/schema\/logo\/image\/"},"sameAs":["https:\/\/www.facebook.com\/SoCHICGlobal","https:\/\/x.com\/SochicGlobal","https:\/\/www.instagram.com\/sochicofficial\/","https:\/\/www.youtube.com\/user\/SoCHICGlobal"]},{"@type":"Person","@id":"https:\/\/www.sochic.com\/blog\/#\/schema\/person\/217ac4906bdabe9ce9dc8568969acfdf","name":"So CHIC...","image":{"@type":"ImageObject","inLanguage":"tr","@id":"https:\/\/www.sochic.com\/blog\/#\/schema\/person\/image\/","url":"https:\/\/secure.gravatar.com\/avatar\/84475e064453b1a507b62af79954a400?s=96&d=mm&r=g","contentUrl":"https:\/\/secure.gravatar.com\/avatar\/84475e064453b1a507b62af79954a400?s=96&d=mm&r=g","caption":"So CHIC..."},"sameAs":["http:\/\/www.sochic.com"]}]}},"_links":{"self":[{"href":"https:\/\/www.sochic.com\/blog\/wp-json\/wp\/v2\/posts\/3347"}],"collection":[{"href":"https:\/\/www.sochic.com\/blog\/wp-json\/wp\/v2\/posts"}],"about":[{"href":"https:\/\/www.sochic.com\/blog\/wp-json\/wp\/v2\/types\/post"}],"author":[{"embeddable":true,"href":"https:\/\/www.sochic.com\/blog\/wp-json\/wp\/v2\/users\/2"}],"replies":[{"embeddable":true,"href":"https:\/\/www.sochic.com\/blog\/wp-json\/wp\/v2\/comments?post=3347"}],"version-history":[{"count":2,"href":"https:\/\/www.sochic.com\/blog\/wp-json\/wp\/v2\/posts\/3347\/revisions"}],"predecessor-version":[{"id":5496,"href":"https:\/\/www.sochic.com\/blog\/wp-json\/wp\/v2\/posts\/3347\/revisions\/5496"}],"wp:featuredmedia":[{"embeddable":true,"href":"https:\/\/www.sochic.com\/blog\/wp-json\/wp\/v2\/media\/3355"}],"wp:attachment":[{"href":"https:\/\/www.sochic.com\/blog\/wp-json\/wp\/v2\/media?parent=3347"}],"wp:term":[{"taxonomy":"category","embeddable":true,"href":"https:\/\/www.sochic.com\/blog\/wp-json\/wp\/v2\/categories?post=3347"},{"taxonomy":"post_tag","embeddable":true,"href":"https:\/\/www.sochic.com\/blog\/wp-json\/wp\/v2\/tags?post=3347"},{"taxonomy":"powerkit_post_featured","embeddable":true,"href":"https:\/\/www.sochic.com\/blog\/wp-json\/wp\/v2\/powerkit_post_featured?post=3347"}],"curies":[{"name":"wp","href":"https:\/\/api.w.org\/{rel}","templated":true}]}}