{"id":3357,"date":"2025-03-05T07:12:12","date_gmt":"2025-03-05T04:12:12","guid":{"rendered":"https:\/\/www.sochic.com\/blog\/?p=3357"},"modified":"2026-03-05T15:48:51","modified_gmt":"2026-03-05T12:48:51","slug":"15-nisan-dunya-sanat-gunu-sanattan-ilham-alan-takilar","status":"publish","type":"post","link":"https:\/\/www.sochic.com\/blog\/15-nisan-dunya-sanat-gunu-sanattan-ilham-alan-takilar","title":{"rendered":"15 Nisan &#8211; D\u00fcnya Sanat G\u00fcn\u00fc: Sanattan \u0130lham Alan Tak\u0131lar"},"content":{"rendered":"\n<p>Sanat, insanl\u0131\u011f\u0131n en eski ve en evrensel ifade bi\u00e7imlerinden biridir. Her y\u0131l 15 Nisan&#8217;da kutlanan D\u00fcnya Sanat G\u00fcn\u00fc, bu benzersiz insan faaliyetini kutlamak ve takdir etmek i\u00e7in m\u00fckemmel bir f\u0131rsatt\u0131r. Bu \u00f6zel g\u00fcnde, sanat\u0131n g\u00fczelli\u011fini ve \u00f6nemini vurgulaman\u0131n en zarif yollar\u0131ndan biri de sanattan ilham alan tak\u0131lar\u0131 tercih etmektir.&nbsp;<\/p>\n\n\n\n<p>15 Nisan D\u00fcnya Sanat G\u00fcn\u00fc, sanat\u0131n g\u00fcc\u00fcn\u00fc ve \u00f6nemini vurgulamak i\u00e7in bir f\u0131rsat sunar. Bu \u00f6zel g\u00fcn, ayn\u0131 zamanda tak\u0131 tasar\u0131m\u0131nda sanattan ilham alan e\u015fsiz par\u00e7alar\u0131 ke\u015ffetmek i\u00e7in m\u00fckemmel bir zamand\u0131r. Sanat ve tak\u0131 aras\u0131ndaki ba\u011f, sanat eserlerinin ilham verici \u00f6zelli\u011fiyle k\u00f6kl\u00fc bir ili\u015fkiye sahiptir.&nbsp;<\/p>\n\n\n\n<figure class=\"wp-block-gallery has-nested-images columns-default is-cropped wp-block-gallery-1 is-layout-flex wp-block-gallery-is-layout-flex\">\n<figure class=\"wp-block-image size-large\"><img  loading=\"lazy\"  decoding=\"async\"  width=\"1160\"  height=\"1740\"  data-id=\"3358\"  src=\"data:image\/png;base64,iVBORw0KGgoAAAANSUhEUgAABIgAAAbMAQMAAABBtD\/TAAAAA1BMVEUAAP+KeNJXAAAAAXRSTlMAQObYZgAAAAlwSFlzAAAOxAAADsQBlSsOGwAAAQ1JREFUeNrtwQENAAAAwqD3T20ON6AAAAAAAAAAAAAAAAAAAAAAAAAAAAAAAAAAAAAAAAAAAAAAAAAAAAAAAAAAAAAAAAAAAAAAAAAAAAAAAAAAAAAAAAAAAAAAAAAAAAAAAAAAAAAAAAAAAAAAAAAAAAAAAAAAAAAAAAAAAAAAAAAAAAAAAAAAAAAAAAAAAAAAAAAAAAAAAAAAAAAAAAAAAAAAAAAAAAAAAAAAAAAAAAAAAAAAAAAAAAAAAAAAAAAAAAAAAAAAAAAAAAAAAAAAAAAAAAAAAAAAAAAAAAAAAAAAAAAAAAAAAAAAAAAAAAAAAAAAAAAAAAAAAAAAAAAAAAAAAAAAAAAAAAA+DOCFAAEUI01yAAAAAElFTkSuQmCC\"  alt=\"\"  class=\"wp-image-3358 pk-lazyload\"  data-pk-sizes=\"auto\"  data-ls-sizes=\"(max-width: 1160px) 100vw, 1160px\"  data-pk-src=\"https:\/\/www.sochic.com\/blog\/wp-content\/uploads\/2025\/03\/51685099-1160x1740.webp\"  data-pk-srcset=\"https:\/\/www.sochic.com\/blog\/wp-content\/uploads\/2025\/03\/51685099-1160x1740.webp 1160w, https:\/\/www.sochic.com\/blog\/wp-content\/uploads\/2025\/03\/51685099-800x1200.webp 800w, https:\/\/www.sochic.com\/blog\/wp-content\/uploads\/2025\/03\/51685099-1024x1536.webp 1024w, https:\/\/www.sochic.com\/blog\/wp-content\/uploads\/2025\/03\/51685099-120x180.webp 120w, https:\/\/www.sochic.com\/blog\/wp-content\/uploads\/2025\/03\/51685099-90x135.webp 90w, https:\/\/www.sochic.com\/blog\/wp-content\/uploads\/2025\/03\/51685099-320x480.webp 320w, https:\/\/www.sochic.com\/blog\/wp-content\/uploads\/2025\/03\/51685099-560x840.webp 560w, https:\/\/www.sochic.com\/blog\/wp-content\/uploads\/2025\/03\/51685099.webp 1200w\" ><figcaption class=\"wp-element-caption\">incelemek i\u00e7in <a href=\"https:\/\/www.sochic.com\/p-piyano-18-ayar-beyaz-altin-kaplama-unisex-gumus-yuzuk-51685099\" target=\"_blank\" rel=\"noreferrer noopener\">t\u0131klay\u0131n\u0131z!<\/a><\/figcaption><\/figure>\n\n\n\n<figure class=\"wp-block-image size-large\"><img  loading=\"lazy\"  decoding=\"async\"  width=\"1160\"  height=\"1740\"  data-id=\"5804\"  src=\"data:image\/png;base64,iVBORw0KGgoAAAANSUhEUgAABIgAAAbMAQMAAABBtD\/TAAAAA1BMVEUAAP+KeNJXAAAAAXRSTlMAQObYZgAAAAlwSFlzAAAOxAAADsQBlSsOGwAAAQ1JREFUeNrtwQENAAAAwqD3T20ON6AAAAAAAAAAAAAAAAAAAAAAAAAAAAAAAAAAAAAAAAAAAAAAAAAAAAAAAAAAAAAAAAAAAAAAAAAAAAAAAAAAAAAAAAAAAAAAAAAAAAAAAAAAAAAAAAAAAAAAAAAAAAAAAAAAAAAAAAAAAAAAAAAAAAAAAAAAAAAAAAAAAAAAAAAAAAAAAAAAAAAAAAAAAAAAAAAAAAAAAAAAAAAAAAAAAAAAAAAAAAAAAAAAAAAAAAAAAAAAAAAAAAAAAAAAAAAAAAAAAAAAAAAAAAAAAAAAAAAAAAAAAAAAAAAAAAAAAAAAAAAAAAAAAAAAAAAAAAAAAAAAAAAAAAA+DOCFAAEUI01yAAAAAElFTkSuQmCC\"  alt=\"\"  class=\"wp-image-5804 pk-lazyload\"  data-pk-sizes=\"auto\"  data-ls-sizes=\"(max-width: 1160px) 100vw, 1160px\"  data-pk-src=\"https:\/\/www.sochic.com\/blog\/wp-content\/uploads\/2025\/03\/1014900145-1-1160x1740.webp\"  data-pk-srcset=\"https:\/\/www.sochic.com\/blog\/wp-content\/uploads\/2025\/03\/1014900145-1-1160x1740.webp 1160w, https:\/\/www.sochic.com\/blog\/wp-content\/uploads\/2025\/03\/1014900145-1-800x1200.webp 800w, https:\/\/www.sochic.com\/blog\/wp-content\/uploads\/2025\/03\/1014900145-1-1024x1536.webp 1024w, https:\/\/www.sochic.com\/blog\/wp-content\/uploads\/2025\/03\/1014900145-1-120x180.webp 120w, https:\/\/www.sochic.com\/blog\/wp-content\/uploads\/2025\/03\/1014900145-1-90x135.webp 90w, https:\/\/www.sochic.com\/blog\/wp-content\/uploads\/2025\/03\/1014900145-1-320x480.webp 320w, https:\/\/www.sochic.com\/blog\/wp-content\/uploads\/2025\/03\/1014900145-1-560x840.webp 560w, https:\/\/www.sochic.com\/blog\/wp-content\/uploads\/2025\/03\/1014900145-1.webp 1200w\" ><figcaption class=\"wp-element-caption\">incelemek i\u00e7in <a href=\"https:\/\/www.sochic.com\/p-fiore-18-ayar-rose-altin-kaplama-48-cm-gumus-gerdanlik-1014900145?recommended_by=instant_search&amp;recommended_code=1014900145\" target=\"_blank\" rel=\"noreferrer noopener\">t\u0131klay\u0131n\u0131z!<\/a><\/figcaption><\/figure>\n\n\n\n<figure class=\"wp-block-image size-large\"><img  loading=\"lazy\"  decoding=\"async\"  width=\"1160\"  height=\"1738\"  data-id=\"5803\"  src=\"data:image\/png;base64,iVBORw0KGgoAAAANSUhEUgAABIgAAAbKAQMAAACX7dzOAAAAA1BMVEUAAP+KeNJXAAAAAXRSTlMAQObYZgAAAAlwSFlzAAAOxAAADsQBlSsOGwAAAQ1JREFUeNrtwTEBAAAAwqD1T20ND6AAAAAAAAAAAAAAAAAAAAAAAAAAAAAAAAAAAAAAAAAAAAAAAAAAAAAAAAAAAAAAAAAAAAAAAAAAAAAAAAAAAAAAAAAAAAAAAAAAAAAAAAAAAAAAAAAAAAAAAAAAAAAAAAAAAAAAAAAAAAAAAAAAAAAAAAAAAAAAAAAAAAAAAAAAAAAAAAAAAAAAAAAAAAAAAAAAAAAAAAAAAAAAAAAAAAAAAAAAAAAAAAAAAAAAAAAAAAAAAAAAAAAAAAAAAAAAAAAAAAAAAAAAAAAAAAAAAAAAAAAAAAAAAAAAAAAAAAAAAAAAAAAAAAAAAAAAAAAAAAAAAAAAAIAHA99hAAFIa+hwAAAAAElFTkSuQmCC\"  alt=\"\"  class=\"wp-image-5803 pk-lazyload\"  data-pk-sizes=\"auto\"  data-ls-sizes=\"(max-width: 1160px) 100vw, 1160px\"  data-pk-src=\"https:\/\/www.sochic.com\/blog\/wp-content\/uploads\/2025\/03\/0730152-1-1160x1738.webp\"  data-pk-srcset=\"https:\/\/www.sochic.com\/blog\/wp-content\/uploads\/2025\/03\/0730152-1-1160x1738.webp 1160w, https:\/\/www.sochic.com\/blog\/wp-content\/uploads\/2025\/03\/0730152-1-800x1199.webp 800w, https:\/\/www.sochic.com\/blog\/wp-content\/uploads\/2025\/03\/0730152-1-1025x1536.webp 1025w, https:\/\/www.sochic.com\/blog\/wp-content\/uploads\/2025\/03\/0730152-1-120x180.webp 120w, https:\/\/www.sochic.com\/blog\/wp-content\/uploads\/2025\/03\/0730152-1-90x135.webp 90w, https:\/\/www.sochic.com\/blog\/wp-content\/uploads\/2025\/03\/0730152-1-320x479.webp 320w, https:\/\/www.sochic.com\/blog\/wp-content\/uploads\/2025\/03\/0730152-1-560x839.webp 560w, https:\/\/www.sochic.com\/blog\/wp-content\/uploads\/2025\/03\/0730152-1.webp 1200w\" ><figcaption class=\"wp-element-caption\">incelemek i\u00e7in <a href=\"https:\/\/www.sochic.com\/p-sans-incisi-18-ayar-beyaz-altin-kaplama-gumus-seti-07301526299?recommended_by=instant_search&amp;recommended_code=07301526299\" target=\"_blank\" rel=\"noreferrer noopener\">t\u0131klay\u0131n\u0131z!<\/a><\/figcaption><\/figure>\n<\/figure>\n\n\n\n<p>Sanat\u0131n tak\u0131 d\u00fcnyas\u0131na yans\u0131mas\u0131, hem estetik hem de anlaml\u0131 par\u00e7alar ortaya \u00e7\u0131karmaktad\u0131r. \u0130\u015fte size D\u00fcnya Sanat G\u00fcn\u00fc&#8217;nde dikkat \u00e7ekecek, sanattan ilham alan tak\u0131 \u00f6nerileri ve bu \u00f6zel par\u00e7alar\u0131n nas\u0131l tercih edilebilece\u011fine dair fikirler.<\/p>\n\n\n\n<h2 id=\"dunya-sanat-gunu-icin-hangi-takilar-sanattan-ilham-alir\" class=\"wp-block-heading\">D\u00fcnya Sanat G\u00fcn\u00fc \u0130\u00e7in Hangi Tak\u0131lar Sanattan \u0130lham Al\u0131r?<\/h2>\n\n\n\n<p>Sanat d\u00fcnyas\u0131ndan ilham alan tak\u0131lar, genellikle \u00fcnl\u00fc sanat eserlerinin veya sanat ak\u0131mlar\u0131n\u0131n \u00f6zelliklerini ta\u015f\u0131r. \u00d6rne\u011fin, <a href=\"https:\/\/www.sochic.com\/pirlanta-set\" target=\"_blank\" rel=\"noreferrer noopener\">p\u0131rlanta setler<\/a>, sanat\u0131n m\u00fckemmeliyet\u00e7i yan\u0131n\u0131 yans\u0131t\u0131rken, ayn\u0131 zamanda \u0131\u015f\u0131\u011f\u0131n ve geometrinin kusursuz uyumunu sergiler. Bu setler, minimalist sanat ak\u0131m\u0131ndan izler ta\u015f\u0131yabilir.<\/p>\n\n\n\n<p>P\u0131rlanta setler, tarih boyunca \u015f\u0131kl\u0131k ve zarafetin sembol\u00fc olmu\u015ftur. Sanat ak\u0131mlar\u0131n\u0131n etkisiyle tasarlanm\u0131\u015f p\u0131rlanta setler, farkl\u0131 d\u00f6nemlerin ve sanat\u00e7\u0131lar\u0131n ruhunu yans\u0131tabilir. \u00d6rne\u011fin, Art Deco ak\u0131m\u0131n\u0131n geometrik desenleri ve cesur \u00e7izgileri, p\u0131rlanta setlerin formunda ilham kayna\u011f\u0131 olabilir. B\u00f6yle bir set, hem klasik hem de modern sanat\u0131n birle\u015fimini simgeler. D\u00fcnya Sanat G\u00fcn\u00fc\u2019nde kendinize veya sevdiklerinize hediye edilebilecek en zarif se\u00e7eneklerden biridir.<\/p>\n\n\n\n<p><a href=\"https:\/\/www.sochic.com\/sochic-altin-serisi-c-1303\" target=\"_blank\" rel=\"noreferrer noopener\">Do\u011fal alt\u0131n ta\u015f serisi<\/a>, do\u011fan\u0131n sanat\u0131n\u0131 tak\u0131lara ta\u015f\u0131yan muhte\u015fem bir \u00f6rnektir. Bu seri, organik formlar\u0131 ve do\u011fal renkleri ile Land Art ak\u0131m\u0131ndan izler ta\u015f\u0131r. Her bir par\u00e7a, adeta bir sanat galerisinden f\u0131rlam\u0131\u015f gibi benzersiz ve etkileyicidir.<\/p>\n\n\n\n<p>Sanattan ilham alan tak\u0131lar aras\u0131nda do\u011fal ta\u015flardan \u00fcretilmi\u015f par\u00e7alar da bulunmaktad\u0131r. Do\u011fal ta\u015flar, belirli bir d\u00f6nemin ruhunu ta\u015f\u0131yan renk ve dokulara sahipken, her biri kendi hikayesini anlat\u0131r. \u00d6rne\u011fin, s\u0131cak tonlardaki turuncu ve k\u0131rm\u0131z\u0131 do\u011fal ta\u015flar, Empresyonist d\u00f6neminin canl\u0131 renk paletini an\u0131msat\u0131r. Bu t\u00fcr tak\u0131lar, sanat\u0131n canl\u0131l\u0131\u011f\u0131n\u0131 g\u00fcnl\u00fck ya\u015fam\u0131n\u0131za ta\u015f\u0131man\u0131n \u015f\u0131k bir yoludur.<\/p>\n\n\n\n<h2 id=\"sanat-akimlarini-yansitan-takilar-dunya-sanat-gununde-nasil-tercih-edilir\" class=\"wp-block-heading\">Sanat Ak\u0131mlar\u0131n\u0131 Yans\u0131tan Tak\u0131lar D\u00fcnya Sanat G\u00fcn\u00fc&#8217;nde Nas\u0131l Tercih Edilir?<\/h2>\n\n\n\n<p>Sanat ak\u0131mlar\u0131n\u0131 yans\u0131tan tak\u0131lar\u0131 tercih ederken, ki\u015fisel stilinizi ve g\u00fcn\u00fcn anlam\u0131n\u0131 g\u00f6z \u00f6n\u00fcnde bulundurman\u0131z \u00f6nemlidir. \u00d6rne\u011fin, s\u00fcrrealizm ak\u0131m\u0131ndan esinlenen bir <a href=\"https:\/\/www.sochic.com\/tasarim-kupe\" target=\"_blank\" rel=\"noreferrer noopener\">tasar\u0131m k\u00fcpe<\/a>, cesur ve yarat\u0131c\u0131 bir se\u00e7im olabilir. Salvador Dali&#8217;nin eriyen saatleri gibi beklenmedik formlar ta\u015f\u0131yan bu t\u00fcr k\u00fcpeler, sanat\u0131n s\u0131n\u0131r tan\u0131mayan do\u011fas\u0131n\u0131 vurgular.&nbsp;<\/p>\n\n\n\n<p>Pop Art&#8217;tan ilham alan renkli ve cesur tak\u0131lar, ne\u015feli ve enerjik bir g\u00f6r\u00fcn\u00fcm i\u00e7in idealdir. Andy Warhol&#8217;un ikonik eserlerini an\u0131msatan renk kombinasyonlar\u0131 ve tekrarlayan desenler, g\u00fcnl\u00fck k\u0131yafetlerinize sanatsal bir dokunu\u015f katabilir.&nbsp;<\/p>\n\n\n\n<p>Minimalist sanat ak\u0131m\u0131ndan esinlenen tak\u0131lar ise sade ve zarif bir g\u00f6r\u00fcn\u00fcm isteyenler i\u00e7in m\u00fckemmel bir se\u00e7enektir. Basit geometrik \u015fekiller ve temiz \u00e7izgiler, modern sanat\u0131n \u00f6z\u00fcn\u00fc yans\u0131t\u0131rken \u015f\u0131kl\u0131\u011f\u0131n\u0131z\u0131 da tamamlar.<\/p>\n\n\n\n<h2 id=\"dunya-sanat-gununde-hediye-edilebilecek-sanatsal-taki-onerileri-nelerdir\" class=\"wp-block-heading\">D\u00fcnya Sanat G\u00fcn\u00fc&#8217;nde Hediye Edilebilecek Sanatsal Tak\u0131 \u00d6nerileri Nelerdir?<\/h2>\n\n\n\n<p>D\u00fcnya Sanat G\u00fcn\u00fc\u2019nde hediye se\u00e7enekleri aras\u0131nda <a href=\"https:\/\/www.sochic.com\/bileklik-c-4?tema=su-yolu-bileklik\" target=\"_blank\" rel=\"noreferrer noopener\">su yolu bileklikler<\/a> yer alabilir. Su yolu bileklikler, do\u011fal ta\u015flar\u0131n farkl\u0131 dokular\u0131yla ustaca bir araya getirildi\u011fi, el i\u015f\u00e7ili\u011fi ile tasarlanm\u0131\u015f e\u015fsiz par\u00e7alard\u0131r. Bu bileklikler, ayn\u0131 zamanda su ve hareket temas\u0131yla do\u011fan\u0131n sanat\u0131n\u0131 an\u0131msatmaktad\u0131r. Hediye olarak, bu bilekli\u011fi tercih edenler, sadece \u015f\u0131k bir tak\u0131 de\u011fil, ayn\u0131 zamanda bir sanat par\u00e7as\u0131 da sunmu\u015f olurlar. D\u00fcnya Sanat G\u00fcn\u00fc&#8217;nde sevdiklerinize sanatsal bir tak\u0131 hediye etmek, hem anlaml\u0131 hem de unutulmaz bir jest olacakt\u0131r. Su yolu bileklik, ak\u0131\u015fkan formlar\u0131 ve zarif tasar\u0131m\u0131yla Art Nouveau ak\u0131m\u0131n\u0131 an\u0131msat\u0131r.<\/p>\n\n\n\n<p><a href=\"https:\/\/www.sochic.com\/dogal-tasli-kolye-c-1005\" target=\"_blank\" rel=\"noreferrer noopener\">Do\u011fal ta\u015fl\u0131 kolyeler<\/a>, sanat eserlerinin do\u011fal unsurlarla birle\u015fti\u011fi minimalist par\u00e7alard\u0131r. Bu tak\u0131lar, sanat\u0131n tarihiyle konu\u015fuldu\u011funda do\u011fan\u0131n b\u00fcy\u00fcleyici \u00f6zelli\u011fini bar\u0131nd\u0131r\u0131r. Ger\u00e7ekten benzersiz bir do\u011fa par\u00e7as\u0131 sunan do\u011fal ta\u015f, her bir birey i\u00e7in \u00f6zg\u00fcn bir hikaye anlat\u0131r. D\u00fcnya Sanat G\u00fcn\u00fc\u2019nde sanatsever dostlar\u0131n\u0131z i\u00e7in harika bir hediye se\u00e7ene\u011fi olarak d\u00fc\u015f\u00fcn\u00fclebilir.<\/p>\n\n\n\n<h3 id=\"sanat-eserlerinden-esinlenerek-tasarlanmis-takilar-dunya-sanat-gunune-nasil-anlam-katar\" class=\"wp-block-heading\">Sanat Eserlerinden Esinlenerek Tasarlanm\u0131\u015f Tak\u0131lar D\u00fcnya Sanat G\u00fcn\u00fc&#8217;ne Nas\u0131l Anlam Katar?<\/h3>\n\n\n\n<p>Sanat eseri olarak tasarlanm\u0131\u015f tak\u0131lar, estetik bir g\u00f6r\u00fcn\u00fcm sa\u011flarken sanatsal bir deneyimi beraberinde getirir. Sanat eserlerinden esinlenerek tasarlanm\u0131\u015f tak\u0131lar, D\u00fcnya Sanat G\u00fcn\u00fc&#8217;ne derin ve anlaml\u0131 bir boyut katar. Bu \u00f6zel par\u00e7alar, sanat\u0131n zamans\u0131z g\u00fczelli\u011fini ve evrensel dilini g\u00fcnl\u00fck hayat\u0131m\u0131za ta\u015f\u0131man\u0131n muhte\u015fem bir yoludur.<\/p>\n\n\n\n<ul class=\"wp-block-list\">\n<li>\u00d6rne\u011fin, Van Gogh&#8217;un \u201cY\u0131ld\u0131zl\u0131 Gece\u201d tablosundan ilham alarak tasarlanm\u0131\u015f bir kolye, onu takan ki\u015fiye sadece bir tak\u0131 de\u011fil, ayn\u0131 zamanda bir sanat eseri ta\u015f\u0131d\u0131\u011f\u0131n\u0131 hissettirir. Bu t\u00fcr tak\u0131lar, bireylere sanat\u0131 g\u00fcnl\u00fck hayatlar\u0131nda ya\u015fama imkan\u0131 tan\u0131r ve D\u00fcnya Sanat G\u00fcn\u00fc\u2019n\u00fcn ruhunu derinlemesine hissettirebilir.<\/li>\n\n\n\n<li>Gustav Klimt&#8217;in alt\u0131n yaprakl\u0131 eserlerinden esinlenen bir y\u00fcz\u00fck seti d\u00fc\u015f\u00fcnelim. Bu set, Klimt&#8217;in karakteristik alt\u0131n varaklar\u0131 ve karma\u015f\u0131k desenleriyle bezeli olabilir. Bu y\u00fcz\u00fckler, Art Nouveau d\u00f6neminin zengin dekoratif \u00f6\u011felerini yans\u0131t\u0131rken, ayn\u0131 zamanda sanat\u0131n l\u00fcks ve zarafet kavramlar\u0131yla olan ili\u015fkisini de vurgular.<\/li>\n\n\n\n<li>Frida Kahlo&#8217;nun otoportrelerinden ilham alan bir bro\u015f, sanat\u00e7\u0131n\u0131n ikonik g\u00f6r\u00fcn\u00fcm\u00fcn\u00fc ve Latin Amerika k\u00fclt\u00fcr\u00fcn\u00fcn canl\u0131 renklerini yans\u0131tabilir.<\/li>\n<\/ul>\n\n\n\n<h3 id=\"dunya-sanat-gununde-koleksiyonunuza-ekleyebileceginiz-ozel-tasarim-takilar-nelerdir\" class=\"wp-block-heading\">D\u00fcnya Sanat G\u00fcn\u00fc&#8217;nde Koleksiyonunuza Ekleyebilece\u011finiz \u00d6zel Tasar\u0131m Tak\u0131lar Nelerdir?<\/h3>\n\n\n\n<p>Koleksiyonuna de\u011fer katmak isteyenler i\u00e7in \u00f6zel tasar\u0131m tak\u0131lar, zarafet ve sanatsal ifade sunar. Bu tak\u0131lar, belirli bir sanat ak\u0131m\u0131n\u0131n unsurlar\u0131n\u0131 bar\u0131nd\u0131rmas\u0131 sayesinde, koleksiyonerlerin dikkatini \u00e7eker. Sanat\u0131n s\u0131n\u0131rlar\u0131n\u0131 zorlayan tasar\u0131mc\u0131lar\u0131n eserleri, bireyselli\u011fi ve \u00f6zg\u00fcnl\u00fc\u011f\u00fc \u00f6n planda tutarak, benzersiz par\u00e7alara ula\u015fman\u0131n kap\u0131lar\u0131n\u0131 aralar. D\u00fcnya Sanat G\u00fcn\u00fc\u2019nde koleksiyonunuza katabilece\u011finiz bu \u00f6zel tasar\u0131m tak\u0131lar, sanat merakl\u0131lar\u0131 i\u00e7in ger\u00e7ek bir hazine sunar.&nbsp;<\/p>\n\n\n\n<p>D\u00fcnya Sanat G\u00fcn\u00fc&#8217;nde tak\u0131 koleksiyonunuzu zenginle\u015ftirmek ve sanat\u0131n b\u00fcy\u00fcs\u00fcn\u00fc \u00fczerinizde ta\u015f\u0131mak i\u00e7in harika bir f\u0131rsat! Kandinsky veya Mondrian&#8217;\u0131n eserlerinden esinlenen geometrik \u015fekilli ve renkli ta\u015flarla bezeli kolyeler, modern sanat\u0131n ruhunu yans\u0131t\u0131r. Bu par\u00e7alar, basic bir ti\u015f\u00f6rtle bile kombinlendi\u011finde g\u00f6z al\u0131c\u0131 bir etki yarat\u0131r.<\/p>\n\n\n\n<p>K\u0131vr\u0131ml\u0131 \u00e7izgileri ve do\u011fadan ilham alan motifleriyle Art Nouveau tarz\u0131 y\u00fcz\u00fckler, zarafeti seven So CHIC kad\u0131nlar\u0131 i\u00e7in m\u00fckemmel bir se\u00e7im. Opal veya ametist ta\u015flar\u0131yla s\u00fcslenmi\u015f bu y\u00fcz\u00fckler, hem g\u00fcnd\u00fcz hem gece \u015f\u0131kl\u0131\u011f\u0131n\u0131z\u0131 tamamlar.<\/p>\n\n\n\n<p>D\u00fcnya Sanat G\u00fcn\u00fc\u2019n\u00fc kutlamak, sanat\u0131 g\u00fcnl\u00fck hayat\u0131m\u0131zda deneyimlemek i\u00e7in harika bir f\u0131rsatt\u0131r. Sanattan ilham alan tak\u0131lar, yaln\u0131zca estetik bir g\u00f6r\u00fcn\u00fcm sunmakla kalmaz, ayn\u0131 zamanda derin bir anlam ta\u015f\u0131r. Bu \u00f6zel g\u00fcn i\u00e7in sevdiklerinize ya da kendinize hediye edece\u011finiz tak\u0131larla, sanat\u0131 ve zarafeti bir arada ya\u015fama \u015fans\u0131n\u0131 yakalayabilirsiniz.<\/p>\n","protected":false},"excerpt":{"rendered":"<p>Sanat, insanl\u0131\u011f\u0131n en eski ve en evrensel ifade bi\u00e7imlerinden biridir. Her y\u0131l 15 Nisan&#8217;da kutlanan D\u00fcnya Sanat G\u00fcn\u00fc, bu benzersiz insan faaliyetini kutlamak ve takdir etmek i\u00e7in m\u00fckemmel bir f\u0131rsatt\u0131r.&hellip;<\/p>\n","protected":false},"author":2,"featured_media":3361,"comment_status":"open","ping_status":"open","sticky":false,"template":"","format":"standard","meta":{"footnotes":""},"categories":[12],"tags":[],"powerkit_post_featured":[],"class_list":{"0":"post-3357","1":"post","2":"type-post","3":"status-publish","4":"format-standard","5":"has-post-thumbnail","7":"category-faydali-bilgiler"},"yoast_head":"<title>15 Nisan - D\u00fcnya Sanat G\u00fcn\u00fc: Sanattan \u0130lham Alan Tak\u0131lar | So CHIC...<\/title>\n<meta name=\"description\" content=\"Sanat, insanl\u0131\u011f\u0131n en eski ve en evrensel ifade bi\u00e7imlerinden biridir. Her y\u0131l 15 Nisan&#039;da kutlanan D\u00fcnya Sanat G\u00fcn\u00fc, bu benzersiz insan faaliyetini | 15 Nisan - D\u00fcnya Sanat G\u00fcn\u00fc: Sanattan \u0130lham Alan Tak\u0131lar Sanat eserlerinden esinlenerek tasarlanm\u0131\u015f tak\u0131lar, D\u00fcnya Sanat G\u00fcn\u00fc&#039;ne derin ve anlaml\u0131 bir boyut katar.\" \/>\n<meta name=\"robots\" content=\"index, follow, max-snippet:-1, max-image-preview:large, max-video-preview:-1\" \/>\n<link rel=\"canonical\" href=\"https:\/\/www.sochic.com\/blog\/15-nisan-dunya-sanat-gunu-sanattan-ilham-alan-takilar\" \/>\n<meta property=\"og:locale\" content=\"tr_TR\" \/>\n<meta property=\"og:type\" content=\"article\" \/>\n<meta property=\"og:title\" content=\"15 Nisan - D\u00fcnya Sanat G\u00fcn\u00fc: Sanattan \u0130lham Alan Tak\u0131lar | So CHIC...\" \/>\n<meta property=\"og:description\" content=\"Sanat, insanl\u0131\u011f\u0131n en eski ve en evrensel ifade bi\u00e7imlerinden biridir. Her y\u0131l 15 Nisan&#039;da kutlanan D\u00fcnya Sanat G\u00fcn\u00fc, bu benzersiz insan faaliyetini | 15 Nisan - D\u00fcnya Sanat G\u00fcn\u00fc: Sanattan \u0130lham Alan Tak\u0131lar Sanat eserlerinden esinlenerek tasarlanm\u0131\u015f tak\u0131lar, D\u00fcnya Sanat G\u00fcn\u00fc&#039;ne derin ve anlaml\u0131 bir boyut katar.\" \/>\n<meta property=\"og:url\" content=\"https:\/\/www.sochic.com\/blog\/15-nisan-dunya-sanat-gunu-sanattan-ilham-alan-takilar\" \/>\n<meta property=\"og:site_name\" content=\"So CHIC...\" \/>\n<meta property=\"article:publisher\" content=\"https:\/\/www.facebook.com\/SoCHICGlobal\" \/>\n<meta property=\"article:published_time\" content=\"2025-03-05T04:12:12+00:00\" \/>\n<meta property=\"article:modified_time\" content=\"2026-03-05T12:48:51+00:00\" \/>\n<meta property=\"og:image\" content=\"https:\/\/www.sochic.com\/blog\/wp-content\/uploads\/2025\/03\/15-Nisan-Dunya-Sanat-Gunu-Sanattan-Ilham-Alan-Takilar.jpg\" \/>\n\t<meta property=\"og:image:width\" content=\"1920\" \/>\n\t<meta property=\"og:image:height\" content=\"1080\" \/>\n\t<meta property=\"og:image:type\" content=\"image\/jpeg\" \/>\n<meta name=\"author\" content=\"So CHIC...\" \/>\n<meta name=\"twitter:card\" content=\"summary_large_image\" \/>\n<meta name=\"twitter:creator\" content=\"@SochicGlobal\" \/>\n<meta name=\"twitter:site\" content=\"@SochicGlobal\" \/>\n<script type=\"application\/ld+json\" class=\"yoast-schema-graph\">{\"@context\":\"https:\/\/schema.org\",\"@graph\":[{\"@type\":[\"Article\",\"BlogPosting\"],\"@id\":\"https:\/\/www.sochic.com\/blog\/15-nisan-dunya-sanat-gunu-sanattan-ilham-alan-takilar#article\",\"isPartOf\":{\"@id\":\"https:\/\/www.sochic.com\/blog\/15-nisan-dunya-sanat-gunu-sanattan-ilham-alan-takilar\"},\"author\":{\"name\":\"So CHIC...\",\"@id\":\"https:\/\/www.sochic.com\/blog\/#\/schema\/person\/217ac4906bdabe9ce9dc8568969acfdf\"},\"headline\":\"15 Nisan &#8211; D\u00fcnya Sanat G\u00fcn\u00fc: Sanattan \u0130lham Alan Tak\u0131lar\",\"datePublished\":\"2025-03-05T04:12:12+00:00\",\"dateModified\":\"2026-03-05T12:48:51+00:00\",\"mainEntityOfPage\":{\"@id\":\"https:\/\/www.sochic.com\/blog\/15-nisan-dunya-sanat-gunu-sanattan-ilham-alan-takilar\"},\"wordCount\":1410,\"commentCount\":0,\"publisher\":{\"@id\":\"https:\/\/www.sochic.com\/blog\/#organization\"},\"image\":{\"@id\":\"https:\/\/www.sochic.com\/blog\/15-nisan-dunya-sanat-gunu-sanattan-ilham-alan-takilar#primaryimage\"},\"thumbnailUrl\":\"https:\/\/www.sochic.com\/blog\/wp-content\/uploads\/2025\/03\/15-Nisan-Dunya-Sanat-Gunu-Sanattan-Ilham-Alan-Takilar.jpg\",\"articleSection\":[\"Faydal\u0131 Bilgiler\"],\"inLanguage\":\"tr\",\"potentialAction\":[{\"@type\":\"CommentAction\",\"name\":\"Comment\",\"target\":[\"https:\/\/www.sochic.com\/blog\/15-nisan-dunya-sanat-gunu-sanattan-ilham-alan-takilar#respond\"]}]},{\"@type\":\"WebPage\",\"@id\":\"https:\/\/www.sochic.com\/blog\/15-nisan-dunya-sanat-gunu-sanattan-ilham-alan-takilar\",\"url\":\"https:\/\/www.sochic.com\/blog\/15-nisan-dunya-sanat-gunu-sanattan-ilham-alan-takilar\",\"name\":\"15 Nisan - D\u00fcnya Sanat G\u00fcn\u00fc: Sanattan \u0130lham Alan Tak\u0131lar | So CHIC...\",\"isPartOf\":{\"@id\":\"https:\/\/www.sochic.com\/blog\/#website\"},\"primaryImageOfPage\":{\"@id\":\"https:\/\/www.sochic.com\/blog\/15-nisan-dunya-sanat-gunu-sanattan-ilham-alan-takilar#primaryimage\"},\"image\":{\"@id\":\"https:\/\/www.sochic.com\/blog\/15-nisan-dunya-sanat-gunu-sanattan-ilham-alan-takilar#primaryimage\"},\"thumbnailUrl\":\"https:\/\/www.sochic.com\/blog\/wp-content\/uploads\/2025\/03\/15-Nisan-Dunya-Sanat-Gunu-Sanattan-Ilham-Alan-Takilar.jpg\",\"datePublished\":\"2025-03-05T04:12:12+00:00\",\"dateModified\":\"2026-03-05T12:48:51+00:00\",\"description\":\"Sanat, insanl\u0131\u011f\u0131n en eski ve en evrensel ifade bi\u00e7imlerinden biridir. Her y\u0131l 15 Nisan'da kutlanan D\u00fcnya Sanat G\u00fcn\u00fc, bu benzersiz insan faaliyetini | 15 Nisan - D\u00fcnya Sanat G\u00fcn\u00fc: Sanattan \u0130lham Alan Tak\u0131lar Sanat eserlerinden esinlenerek tasarlanm\u0131\u015f tak\u0131lar, D\u00fcnya Sanat G\u00fcn\u00fc'ne derin ve anlaml\u0131 bir boyut katar.\",\"breadcrumb\":{\"@id\":\"https:\/\/www.sochic.com\/blog\/15-nisan-dunya-sanat-gunu-sanattan-ilham-alan-takilar#breadcrumb\"},\"inLanguage\":\"tr\",\"potentialAction\":[{\"@type\":\"ReadAction\",\"target\":[\"https:\/\/www.sochic.com\/blog\/15-nisan-dunya-sanat-gunu-sanattan-ilham-alan-takilar\"]}]},{\"@type\":\"ImageObject\",\"inLanguage\":\"tr\",\"@id\":\"https:\/\/www.sochic.com\/blog\/15-nisan-dunya-sanat-gunu-sanattan-ilham-alan-takilar#primaryimage\",\"url\":\"https:\/\/www.sochic.com\/blog\/wp-content\/uploads\/2025\/03\/15-Nisan-Dunya-Sanat-Gunu-Sanattan-Ilham-Alan-Takilar.jpg\",\"contentUrl\":\"https:\/\/www.sochic.com\/blog\/wp-content\/uploads\/2025\/03\/15-Nisan-Dunya-Sanat-Gunu-Sanattan-Ilham-Alan-Takilar.jpg\",\"width\":1920,\"height\":1080,\"caption\":\"15 Nisan - D\u00fcnya Sanat G\u00fcn\u00fc: Sanattan \u0130lham Alan Tak\u0131lar\"},{\"@type\":\"BreadcrumbList\",\"@id\":\"https:\/\/www.sochic.com\/blog\/15-nisan-dunya-sanat-gunu-sanattan-ilham-alan-takilar#breadcrumb\",\"itemListElement\":[{\"@type\":\"ListItem\",\"position\":1,\"name\":\"Anasayfa\",\"item\":\"https:\/\/www.sochic.com\/blog\/\"},{\"@type\":\"ListItem\",\"position\":2,\"name\":\"Faydal\u0131 Bilgiler\",\"item\":\"https:\/\/www.sochic.com\/blog\/faydali-bilgiler\"},{\"@type\":\"ListItem\",\"position\":3,\"name\":\"15 Nisan &#8211; D\u00fcnya Sanat G\u00fcn\u00fc: Sanattan \u0130lham Alan Tak\u0131lar\"}]},{\"@type\":\"WebSite\",\"@id\":\"https:\/\/www.sochic.com\/blog\/#website\",\"url\":\"https:\/\/www.sochic.com\/blog\/\",\"name\":\"So CHIC...\",\"description\":\"So CHIC Blog\",\"publisher\":{\"@id\":\"https:\/\/www.sochic.com\/blog\/#organization\"},\"alternateName\":\"So CHIC\",\"potentialAction\":[{\"@type\":\"SearchAction\",\"target\":{\"@type\":\"EntryPoint\",\"urlTemplate\":\"https:\/\/www.sochic.com\/blog\/?s={search_term_string}\"},\"query-input\":{\"@type\":\"PropertyValueSpecification\",\"valueRequired\":true,\"valueName\":\"search_term_string\"}}],\"inLanguage\":\"tr\"},{\"@type\":\"Organization\",\"@id\":\"https:\/\/www.sochic.com\/blog\/#organization\",\"name\":\"So CHIC...\",\"alternateName\":\"So CHIC\",\"url\":\"https:\/\/www.sochic.com\/blog\/\",\"logo\":{\"@type\":\"ImageObject\",\"inLanguage\":\"tr\",\"@id\":\"https:\/\/www.sochic.com\/blog\/#\/schema\/logo\/image\/\",\"url\":\"https:\/\/sochic.com\/blog\/wp-content\/uploads\/2022\/11\/sochic-facebook-logo.png\",\"contentUrl\":\"https:\/\/sochic.com\/blog\/wp-content\/uploads\/2022\/11\/sochic-facebook-logo.png\",\"width\":800,\"height\":800,\"caption\":\"So CHIC...\"},\"image\":{\"@id\":\"https:\/\/www.sochic.com\/blog\/#\/schema\/logo\/image\/\"},\"sameAs\":[\"https:\/\/www.facebook.com\/SoCHICGlobal\",\"https:\/\/x.com\/SochicGlobal\",\"https:\/\/www.instagram.com\/sochicofficial\/\",\"https:\/\/www.youtube.com\/user\/SoCHICGlobal\"]},{\"@type\":\"Person\",\"@id\":\"https:\/\/www.sochic.com\/blog\/#\/schema\/person\/217ac4906bdabe9ce9dc8568969acfdf\",\"name\":\"So CHIC...\",\"image\":{\"@type\":\"ImageObject\",\"inLanguage\":\"tr\",\"@id\":\"https:\/\/www.sochic.com\/blog\/#\/schema\/person\/image\/\",\"url\":\"https:\/\/secure.gravatar.com\/avatar\/84475e064453b1a507b62af79954a400?s=96&d=mm&r=g\",\"contentUrl\":\"https:\/\/secure.gravatar.com\/avatar\/84475e064453b1a507b62af79954a400?s=96&d=mm&r=g\",\"caption\":\"So CHIC...\"},\"sameAs\":[\"http:\/\/www.sochic.com\"]}]}<\/script>","yoast_head_json":{"title":"15 Nisan - D\u00fcnya Sanat G\u00fcn\u00fc: Sanattan \u0130lham Alan Tak\u0131lar | So CHIC...","description":"Sanat, insanl\u0131\u011f\u0131n en eski ve en evrensel ifade bi\u00e7imlerinden biridir. Her y\u0131l 15 Nisan'da kutlanan D\u00fcnya Sanat G\u00fcn\u00fc, bu benzersiz insan faaliyetini | 15 Nisan - D\u00fcnya Sanat G\u00fcn\u00fc: Sanattan \u0130lham Alan Tak\u0131lar Sanat eserlerinden esinlenerek tasarlanm\u0131\u015f tak\u0131lar, D\u00fcnya Sanat G\u00fcn\u00fc'ne derin ve anlaml\u0131 bir boyut katar.","robots":{"index":"index","follow":"follow","max-snippet":"max-snippet:-1","max-image-preview":"max-image-preview:large","max-video-preview":"max-video-preview:-1"},"canonical":"https:\/\/www.sochic.com\/blog\/15-nisan-dunya-sanat-gunu-sanattan-ilham-alan-takilar","og_locale":"tr_TR","og_type":"article","og_title":"15 Nisan - D\u00fcnya Sanat G\u00fcn\u00fc: Sanattan \u0130lham Alan Tak\u0131lar | So CHIC...","og_description":"Sanat, insanl\u0131\u011f\u0131n en eski ve en evrensel ifade bi\u00e7imlerinden biridir. Her y\u0131l 15 Nisan'da kutlanan D\u00fcnya Sanat G\u00fcn\u00fc, bu benzersiz insan faaliyetini | 15 Nisan - D\u00fcnya Sanat G\u00fcn\u00fc: Sanattan \u0130lham Alan Tak\u0131lar Sanat eserlerinden esinlenerek tasarlanm\u0131\u015f tak\u0131lar, D\u00fcnya Sanat G\u00fcn\u00fc'ne derin ve anlaml\u0131 bir boyut katar.","og_url":"https:\/\/www.sochic.com\/blog\/15-nisan-dunya-sanat-gunu-sanattan-ilham-alan-takilar","og_site_name":"So CHIC...","article_publisher":"https:\/\/www.facebook.com\/SoCHICGlobal","article_published_time":"2025-03-05T04:12:12+00:00","article_modified_time":"2026-03-05T12:48:51+00:00","og_image":[{"width":1920,"height":1080,"url":"https:\/\/www.sochic.com\/blog\/wp-content\/uploads\/2025\/03\/15-Nisan-Dunya-Sanat-Gunu-Sanattan-Ilham-Alan-Takilar.jpg","type":"image\/jpeg"}],"author":"So CHIC...","twitter_card":"summary_large_image","twitter_creator":"@SochicGlobal","twitter_site":"@SochicGlobal","schema":{"@context":"https:\/\/schema.org","@graph":[{"@type":["Article","BlogPosting"],"@id":"https:\/\/www.sochic.com\/blog\/15-nisan-dunya-sanat-gunu-sanattan-ilham-alan-takilar#article","isPartOf":{"@id":"https:\/\/www.sochic.com\/blog\/15-nisan-dunya-sanat-gunu-sanattan-ilham-alan-takilar"},"author":{"name":"So CHIC...","@id":"https:\/\/www.sochic.com\/blog\/#\/schema\/person\/217ac4906bdabe9ce9dc8568969acfdf"},"headline":"15 Nisan &#8211; D\u00fcnya Sanat G\u00fcn\u00fc: Sanattan \u0130lham Alan Tak\u0131lar","datePublished":"2025-03-05T04:12:12+00:00","dateModified":"2026-03-05T12:48:51+00:00","mainEntityOfPage":{"@id":"https:\/\/www.sochic.com\/blog\/15-nisan-dunya-sanat-gunu-sanattan-ilham-alan-takilar"},"wordCount":1410,"commentCount":0,"publisher":{"@id":"https:\/\/www.sochic.com\/blog\/#organization"},"image":{"@id":"https:\/\/www.sochic.com\/blog\/15-nisan-dunya-sanat-gunu-sanattan-ilham-alan-takilar#primaryimage"},"thumbnailUrl":"https:\/\/www.sochic.com\/blog\/wp-content\/uploads\/2025\/03\/15-Nisan-Dunya-Sanat-Gunu-Sanattan-Ilham-Alan-Takilar.jpg","articleSection":["Faydal\u0131 Bilgiler"],"inLanguage":"tr","potentialAction":[{"@type":"CommentAction","name":"Comment","target":["https:\/\/www.sochic.com\/blog\/15-nisan-dunya-sanat-gunu-sanattan-ilham-alan-takilar#respond"]}]},{"@type":"WebPage","@id":"https:\/\/www.sochic.com\/blog\/15-nisan-dunya-sanat-gunu-sanattan-ilham-alan-takilar","url":"https:\/\/www.sochic.com\/blog\/15-nisan-dunya-sanat-gunu-sanattan-ilham-alan-takilar","name":"15 Nisan - D\u00fcnya Sanat G\u00fcn\u00fc: Sanattan \u0130lham Alan Tak\u0131lar | So CHIC...","isPartOf":{"@id":"https:\/\/www.sochic.com\/blog\/#website"},"primaryImageOfPage":{"@id":"https:\/\/www.sochic.com\/blog\/15-nisan-dunya-sanat-gunu-sanattan-ilham-alan-takilar#primaryimage"},"image":{"@id":"https:\/\/www.sochic.com\/blog\/15-nisan-dunya-sanat-gunu-sanattan-ilham-alan-takilar#primaryimage"},"thumbnailUrl":"https:\/\/www.sochic.com\/blog\/wp-content\/uploads\/2025\/03\/15-Nisan-Dunya-Sanat-Gunu-Sanattan-Ilham-Alan-Takilar.jpg","datePublished":"2025-03-05T04:12:12+00:00","dateModified":"2026-03-05T12:48:51+00:00","description":"Sanat, insanl\u0131\u011f\u0131n en eski ve en evrensel ifade bi\u00e7imlerinden biridir. Her y\u0131l 15 Nisan'da kutlanan D\u00fcnya Sanat G\u00fcn\u00fc, bu benzersiz insan faaliyetini | 15 Nisan - D\u00fcnya Sanat G\u00fcn\u00fc: Sanattan \u0130lham Alan Tak\u0131lar Sanat eserlerinden esinlenerek tasarlanm\u0131\u015f tak\u0131lar, D\u00fcnya Sanat G\u00fcn\u00fc'ne derin ve anlaml\u0131 bir boyut katar.","breadcrumb":{"@id":"https:\/\/www.sochic.com\/blog\/15-nisan-dunya-sanat-gunu-sanattan-ilham-alan-takilar#breadcrumb"},"inLanguage":"tr","potentialAction":[{"@type":"ReadAction","target":["https:\/\/www.sochic.com\/blog\/15-nisan-dunya-sanat-gunu-sanattan-ilham-alan-takilar"]}]},{"@type":"ImageObject","inLanguage":"tr","@id":"https:\/\/www.sochic.com\/blog\/15-nisan-dunya-sanat-gunu-sanattan-ilham-alan-takilar#primaryimage","url":"https:\/\/www.sochic.com\/blog\/wp-content\/uploads\/2025\/03\/15-Nisan-Dunya-Sanat-Gunu-Sanattan-Ilham-Alan-Takilar.jpg","contentUrl":"https:\/\/www.sochic.com\/blog\/wp-content\/uploads\/2025\/03\/15-Nisan-Dunya-Sanat-Gunu-Sanattan-Ilham-Alan-Takilar.jpg","width":1920,"height":1080,"caption":"15 Nisan - D\u00fcnya Sanat G\u00fcn\u00fc: Sanattan \u0130lham Alan Tak\u0131lar"},{"@type":"BreadcrumbList","@id":"https:\/\/www.sochic.com\/blog\/15-nisan-dunya-sanat-gunu-sanattan-ilham-alan-takilar#breadcrumb","itemListElement":[{"@type":"ListItem","position":1,"name":"Anasayfa","item":"https:\/\/www.sochic.com\/blog\/"},{"@type":"ListItem","position":2,"name":"Faydal\u0131 Bilgiler","item":"https:\/\/www.sochic.com\/blog\/faydali-bilgiler"},{"@type":"ListItem","position":3,"name":"15 Nisan &#8211; D\u00fcnya Sanat G\u00fcn\u00fc: Sanattan \u0130lham Alan Tak\u0131lar"}]},{"@type":"WebSite","@id":"https:\/\/www.sochic.com\/blog\/#website","url":"https:\/\/www.sochic.com\/blog\/","name":"So CHIC...","description":"So CHIC Blog","publisher":{"@id":"https:\/\/www.sochic.com\/blog\/#organization"},"alternateName":"So CHIC","potentialAction":[{"@type":"SearchAction","target":{"@type":"EntryPoint","urlTemplate":"https:\/\/www.sochic.com\/blog\/?s={search_term_string}"},"query-input":{"@type":"PropertyValueSpecification","valueRequired":true,"valueName":"search_term_string"}}],"inLanguage":"tr"},{"@type":"Organization","@id":"https:\/\/www.sochic.com\/blog\/#organization","name":"So CHIC...","alternateName":"So CHIC","url":"https:\/\/www.sochic.com\/blog\/","logo":{"@type":"ImageObject","inLanguage":"tr","@id":"https:\/\/www.sochic.com\/blog\/#\/schema\/logo\/image\/","url":"https:\/\/sochic.com\/blog\/wp-content\/uploads\/2022\/11\/sochic-facebook-logo.png","contentUrl":"https:\/\/sochic.com\/blog\/wp-content\/uploads\/2022\/11\/sochic-facebook-logo.png","width":800,"height":800,"caption":"So CHIC..."},"image":{"@id":"https:\/\/www.sochic.com\/blog\/#\/schema\/logo\/image\/"},"sameAs":["https:\/\/www.facebook.com\/SoCHICGlobal","https:\/\/x.com\/SochicGlobal","https:\/\/www.instagram.com\/sochicofficial\/","https:\/\/www.youtube.com\/user\/SoCHICGlobal"]},{"@type":"Person","@id":"https:\/\/www.sochic.com\/blog\/#\/schema\/person\/217ac4906bdabe9ce9dc8568969acfdf","name":"So CHIC...","image":{"@type":"ImageObject","inLanguage":"tr","@id":"https:\/\/www.sochic.com\/blog\/#\/schema\/person\/image\/","url":"https:\/\/secure.gravatar.com\/avatar\/84475e064453b1a507b62af79954a400?s=96&d=mm&r=g","contentUrl":"https:\/\/secure.gravatar.com\/avatar\/84475e064453b1a507b62af79954a400?s=96&d=mm&r=g","caption":"So CHIC..."},"sameAs":["http:\/\/www.sochic.com"]}]}},"_links":{"self":[{"href":"https:\/\/www.sochic.com\/blog\/wp-json\/wp\/v2\/posts\/3357"}],"collection":[{"href":"https:\/\/www.sochic.com\/blog\/wp-json\/wp\/v2\/posts"}],"about":[{"href":"https:\/\/www.sochic.com\/blog\/wp-json\/wp\/v2\/types\/post"}],"author":[{"embeddable":true,"href":"https:\/\/www.sochic.com\/blog\/wp-json\/wp\/v2\/users\/2"}],"replies":[{"embeddable":true,"href":"https:\/\/www.sochic.com\/blog\/wp-json\/wp\/v2\/comments?post=3357"}],"version-history":[{"count":3,"href":"https:\/\/www.sochic.com\/blog\/wp-json\/wp\/v2\/posts\/3357\/revisions"}],"predecessor-version":[{"id":5806,"href":"https:\/\/www.sochic.com\/blog\/wp-json\/wp\/v2\/posts\/3357\/revisions\/5806"}],"wp:featuredmedia":[{"embeddable":true,"href":"https:\/\/www.sochic.com\/blog\/wp-json\/wp\/v2\/media\/3361"}],"wp:attachment":[{"href":"https:\/\/www.sochic.com\/blog\/wp-json\/wp\/v2\/media?parent=3357"}],"wp:term":[{"taxonomy":"category","embeddable":true,"href":"https:\/\/www.sochic.com\/blog\/wp-json\/wp\/v2\/categories?post=3357"},{"taxonomy":"post_tag","embeddable":true,"href":"https:\/\/www.sochic.com\/blog\/wp-json\/wp\/v2\/tags?post=3357"},{"taxonomy":"powerkit_post_featured","embeddable":true,"href":"https:\/\/www.sochic.com\/blog\/wp-json\/wp\/v2\/powerkit_post_featured?post=3357"}],"curies":[{"name":"wp","href":"https:\/\/api.w.org\/{rel}","templated":true}]}}