{"id":3446,"date":"2025-03-05T15:16:59","date_gmt":"2025-03-05T12:16:59","guid":{"rendered":"https:\/\/www.sochic.com\/blog\/?p=3446"},"modified":"2026-03-05T16:20:02","modified_gmt":"2026-03-05T13:20:02","slug":"yildiz-dusuklugu-icin-dogal-tas","status":"publish","type":"post","link":"https:\/\/www.sochic.com\/blog\/yildiz-dusuklugu-icin-dogal-tas","title":{"rendered":"Y\u0131ld\u0131z D\u00fc\u015f\u00fckl\u00fc\u011f\u00fc \u0130\u00e7in Do\u011fal Ta\u015f"},"content":{"rendered":"\n<p><strong>Y\u0131ld\u0131z d\u00fc\u015f\u00fckl\u00fc\u011f\u00fc<\/strong>, hem ruhsal hem de fiziksel enerji dengesinde ya\u015fanan bir eksikli\u011fin g\u00f6stergesi olarak de\u011ferlendirilen ve bir\u00e7ok insan\u0131n g\u00fcnl\u00fck ya\u015fam\u0131nda kar\u015f\u0131la\u015ft\u0131\u011f\u0131 bir durumdur. Bu yaz\u0131m\u0131zda <strong>y\u0131ld\u0131z d\u00fc\u015f\u00fckl\u00fc\u011f\u00fc nedir<\/strong> sorusunun cevab\u0131n\u0131 arayarak; bu durumun belirtilerini, nedenlerini ve do\u011fal ta\u015flar\u0131n sa\u011flad\u0131\u011f\u0131 olumlu enerjiyi ele alaca\u011f\u0131z. Ayr\u0131ca, <strong>y\u0131ld\u0131z d\u00fc\u015f\u00fckl\u00fc\u011f\u00fcne ne iyi gelir<\/strong> sorusuna yan\u0131t ararken, do\u011fal ta\u015flar\u0131n enerji dengesini nas\u0131l sa\u011flad\u0131\u011f\u0131n\u0131, kullan\u0131m y\u00f6ntemlerini ve en etkili ta\u015flar\u0131n hangileri oldu\u011funu detayl\u0131 bir \u015fekilde inceleyece\u011fiz. Okumaya devam edin!<\/p>\n\n\n\n<h2 id=\"yildiz-dusuklugu-nedir-ve-hangi-dogal-taslar-iyi-gelir\" class=\"wp-block-heading\">Y\u0131ld\u0131z D\u00fc\u015f\u00fckl\u00fc\u011f\u00fc Nedir ve Hangi Do\u011fal Ta\u015flar \u0130yi Gelir?<\/h2>\n\n\n\n<p>Y\u0131ld\u0131z d\u00fc\u015f\u00fckl\u00fc\u011f\u00fc, ki\u015finin ya\u015fam enerjisinin d\u00fc\u015f\u00fck olmas\u0131, motivasyon eksikli\u011fi, zihinsel ve duygusal yorgunluk gibi durumlar\u0131 ifade eder. Bu durum, \u00e7o\u011fu zaman ki\u015finin \u00e7evresel fakt\u00f6rlerden, ya\u015fam stresinden veya biyolojik dengesizliklerden kaynaklanabilir. <strong>Y\u0131ld\u0131z d\u00fc\u015f\u00fckl\u00fc\u011f\u00fc belirtileri<\/strong> aras\u0131nda s\u00fcrekli yorgunluk, i\u015ftah kayb\u0131, motivasyon eksikli\u011fi ve uyku problemleri gibi bir\u00e7ok etken bulunur.<\/p>\n\n\n\n<figure class=\"wp-block-gallery has-nested-images columns-default is-cropped wp-block-gallery-1 is-layout-flex wp-block-gallery-is-layout-flex\">\n<figure class=\"wp-block-image size-large\"><img  loading=\"lazy\"  decoding=\"async\"  width=\"1160\"  height=\"1740\"  data-id=\"3448\"  src=\"data:image\/png;base64,iVBORw0KGgoAAAANSUhEUgAABIgAAAbMAQMAAABBtD\/TAAAAA1BMVEUAAP+KeNJXAAAAAXRSTlMAQObYZgAAAAlwSFlzAAAOxAAADsQBlSsOGwAAAQ1JREFUeNrtwQENAAAAwqD3T20ON6AAAAAAAAAAAAAAAAAAAAAAAAAAAAAAAAAAAAAAAAAAAAAAAAAAAAAAAAAAAAAAAAAAAAAAAAAAAAAAAAAAAAAAAAAAAAAAAAAAAAAAAAAAAAAAAAAAAAAAAAAAAAAAAAAAAAAAAAAAAAAAAAAAAAAAAAAAAAAAAAAAAAAAAAAAAAAAAAAAAAAAAAAAAAAAAAAAAAAAAAAAAAAAAAAAAAAAAAAAAAAAAAAAAAAAAAAAAAAAAAAAAAAAAAAAAAAAAAAAAAAAAAAAAAAAAAAAAAAAAAAAAAAAAAAAAAAAAAAAAAAAAAAAAAAAAAAAAAAAAAAAAAAAAAA+DOCFAAEUI01yAAAAAElFTkSuQmCC\"  alt=\"\"  class=\"wp-image-3448 pk-lazyload\"  data-pk-sizes=\"auto\"  data-ls-sizes=\"(max-width: 1160px) 100vw, 1160px\"  data-pk-src=\"https:\/\/www.sochic.com\/blog\/wp-content\/uploads\/2025\/03\/07304311799-1160x1740.webp\"  data-pk-srcset=\"https:\/\/www.sochic.com\/blog\/wp-content\/uploads\/2025\/03\/07304311799-1160x1740.webp 1160w, https:\/\/www.sochic.com\/blog\/wp-content\/uploads\/2025\/03\/07304311799-800x1200.webp 800w, https:\/\/www.sochic.com\/blog\/wp-content\/uploads\/2025\/03\/07304311799-1024x1536.webp 1024w, https:\/\/www.sochic.com\/blog\/wp-content\/uploads\/2025\/03\/07304311799-120x180.webp 120w, https:\/\/www.sochic.com\/blog\/wp-content\/uploads\/2025\/03\/07304311799-90x135.webp 90w, https:\/\/www.sochic.com\/blog\/wp-content\/uploads\/2025\/03\/07304311799-320x480.webp 320w, https:\/\/www.sochic.com\/blog\/wp-content\/uploads\/2025\/03\/07304311799-560x840.webp 560w, https:\/\/www.sochic.com\/blog\/wp-content\/uploads\/2025\/03\/07304311799.webp 1200w\" ><figcaption class=\"wp-element-caption\">incelemek i\u00e7in <a href=\"https:\/\/www.sochic.com\/p-velvet-18-ayar-beyaz-altin-kaplama-45-cm-gumus-ametist-kolye-07304311799\" target=\"_blank\" rel=\"noreferrer noopener\">t\u0131klay\u0131n\u0131z!<\/a><\/figcaption><\/figure>\n\n\n\n<figure class=\"wp-block-image size-large\"><img  loading=\"lazy\"  decoding=\"async\"  width=\"1160\"  height=\"1740\"  data-id=\"5841\"  src=\"data:image\/png;base64,iVBORw0KGgoAAAANSUhEUgAABIgAAAbMAQMAAABBtD\/TAAAAA1BMVEUAAP+KeNJXAAAAAXRSTlMAQObYZgAAAAlwSFlzAAAOxAAADsQBlSsOGwAAAQ1JREFUeNrtwQENAAAAwqD3T20ON6AAAAAAAAAAAAAAAAAAAAAAAAAAAAAAAAAAAAAAAAAAAAAAAAAAAAAAAAAAAAAAAAAAAAAAAAAAAAAAAAAAAAAAAAAAAAAAAAAAAAAAAAAAAAAAAAAAAAAAAAAAAAAAAAAAAAAAAAAAAAAAAAAAAAAAAAAAAAAAAAAAAAAAAAAAAAAAAAAAAAAAAAAAAAAAAAAAAAAAAAAAAAAAAAAAAAAAAAAAAAAAAAAAAAAAAAAAAAAAAAAAAAAAAAAAAAAAAAAAAAAAAAAAAAAAAAAAAAAAAAAAAAAAAAAAAAAAAAAAAAAAAAAAAAAAAAAAAAAAAAAAAAAAAAA+DOCFAAEUI01yAAAAAElFTkSuQmCC\"  alt=\"\"  class=\"wp-image-5841 pk-lazyload\"  data-pk-sizes=\"auto\"  data-ls-sizes=\"(max-width: 1160px) 100vw, 1160px\"  data-pk-src=\"https:\/\/www.sochic.com\/blog\/wp-content\/uploads\/2025\/03\/1132201744-1-1160x1740.webp\"  data-pk-srcset=\"https:\/\/www.sochic.com\/blog\/wp-content\/uploads\/2025\/03\/1132201744-1-1160x1740.webp 1160w, https:\/\/www.sochic.com\/blog\/wp-content\/uploads\/2025\/03\/1132201744-1-800x1200.webp 800w, https:\/\/www.sochic.com\/blog\/wp-content\/uploads\/2025\/03\/1132201744-1-1024x1536.webp 1024w, https:\/\/www.sochic.com\/blog\/wp-content\/uploads\/2025\/03\/1132201744-1-120x180.webp 120w, https:\/\/www.sochic.com\/blog\/wp-content\/uploads\/2025\/03\/1132201744-1-90x135.webp 90w, https:\/\/www.sochic.com\/blog\/wp-content\/uploads\/2025\/03\/1132201744-1-320x480.webp 320w, https:\/\/www.sochic.com\/blog\/wp-content\/uploads\/2025\/03\/1132201744-1-560x840.webp 560w, https:\/\/www.sochic.com\/blog\/wp-content\/uploads\/2025\/03\/1132201744-1.webp 1200w\" ><figcaption class=\"wp-element-caption\">incelemek i\u00e7in <a href=\"https:\/\/www.sochic.com\/p-lavanta-18-ayar-sari-altin-kaplama-19-cm-gumus-ametist-bileklik-1132201744?recommended_by=instant_search&amp;recommended_code=ame\" target=\"_blank\" rel=\"noreferrer noopener\">t\u0131klay\u0131n\u0131z!<\/a><\/figcaption><\/figure>\n\n\n\n<figure class=\"wp-block-image size-large\"><img  loading=\"lazy\"  decoding=\"async\"  width=\"1160\"  height=\"1740\"  data-id=\"3449\"  src=\"data:image\/png;base64,iVBORw0KGgoAAAANSUhEUgAABIgAAAbMAQMAAABBtD\/TAAAAA1BMVEUAAP+KeNJXAAAAAXRSTlMAQObYZgAAAAlwSFlzAAAOxAAADsQBlSsOGwAAAQ1JREFUeNrtwQENAAAAwqD3T20ON6AAAAAAAAAAAAAAAAAAAAAAAAAAAAAAAAAAAAAAAAAAAAAAAAAAAAAAAAAAAAAAAAAAAAAAAAAAAAAAAAAAAAAAAAAAAAAAAAAAAAAAAAAAAAAAAAAAAAAAAAAAAAAAAAAAAAAAAAAAAAAAAAAAAAAAAAAAAAAAAAAAAAAAAAAAAAAAAAAAAAAAAAAAAAAAAAAAAAAAAAAAAAAAAAAAAAAAAAAAAAAAAAAAAAAAAAAAAAAAAAAAAAAAAAAAAAAAAAAAAAAAAAAAAAAAAAAAAAAAAAAAAAAAAAAAAAAAAAAAAAAAAAAAAAAAAAAAAAAAAAAAAAAAAAA+DOCFAAEUI01yAAAAAElFTkSuQmCC\"  alt=\"\"  class=\"wp-image-3449 pk-lazyload\"  data-pk-sizes=\"auto\"  data-ls-sizes=\"(max-width: 1160px) 100vw, 1160px\"  data-pk-src=\"https:\/\/www.sochic.com\/blog\/wp-content\/uploads\/2025\/03\/07304361799-1160x1740.webp\"  data-pk-srcset=\"https:\/\/www.sochic.com\/blog\/wp-content\/uploads\/2025\/03\/07304361799-1160x1740.webp 1160w, https:\/\/www.sochic.com\/blog\/wp-content\/uploads\/2025\/03\/07304361799-800x1200.webp 800w, https:\/\/www.sochic.com\/blog\/wp-content\/uploads\/2025\/03\/07304361799-1024x1536.webp 1024w, https:\/\/www.sochic.com\/blog\/wp-content\/uploads\/2025\/03\/07304361799-120x180.webp 120w, https:\/\/www.sochic.com\/blog\/wp-content\/uploads\/2025\/03\/07304361799-90x135.webp 90w, https:\/\/www.sochic.com\/blog\/wp-content\/uploads\/2025\/03\/07304361799-320x480.webp 320w, https:\/\/www.sochic.com\/blog\/wp-content\/uploads\/2025\/03\/07304361799-560x840.webp 560w, https:\/\/www.sochic.com\/blog\/wp-content\/uploads\/2025\/03\/07304361799.webp 1200w\" ><figcaption class=\"wp-element-caption\">incelemek i\u00e7in <a href=\"https:\/\/www.sochic.com\/p-zarif-uyum-18-ayar-beyaz-altin-kaplama-50-cm-gumus-ametist-kolye-07304361799\" target=\"_blank\" rel=\"noreferrer noopener\">t\u0131klay\u0131n\u0131z!<\/a><\/figcaption><\/figure>\n<\/figure>\n\n\n\n<p>Do\u011fal ta\u015flar, y\u00fczy\u0131llard\u0131r alternatif tedavi y\u00f6ntemleri aras\u0131nda yer alm\u0131\u015f, beden ve ruh dengesini sa\u011flamak amac\u0131yla kullan\u0131lm\u0131\u015ft\u0131r. Bu ta\u015flar\u0131n do\u011fal titre\u015fimleri, insan bedenindeki enerji ak\u0131\u015f\u0131n\u0131 dengeleyerek, ki\u015finin kendini daha canl\u0131 ve dengede hissetmesine yard\u0131mc\u0131 olabilir. \u00d6rne\u011fin; ametist, akik, kuvars ve turmalin gibi ta\u015flar, pozitif enerji ak\u0131\u015f\u0131n\u0131 destekleyerek, <strong>y\u0131ld\u0131z d\u00fc\u015f\u00fckl\u00fc\u011f\u00fc nas\u0131l y\u00fckseltilir<\/strong> sorusuna yan\u0131t sunar. Bu ta\u015flar\u0131n kullan\u0131m\u0131, g\u00fcnl\u00fck hayat\u0131n stresiyle ba\u015f etmede ve i\u00e7sel huzuru sa\u011flamada olduk\u00e7a etkili olabilir.<\/p>\n\n\n\n<h2 id=\"yildiz-dusuklugu-icin-hangi-taslar-enerji-dengesi-saglar\" class=\"wp-block-heading\">Y\u0131ld\u0131z D\u00fc\u015f\u00fckl\u00fc\u011f\u00fc \u0130\u00e7in Hangi Ta\u015flar Enerji Dengesi Sa\u011flar?<\/h2>\n\n\n\n<p>Enerji dengesini sa\u011flamak, yaln\u0131zca beden sa\u011fl\u0131\u011f\u0131 i\u00e7in de\u011fil, ayn\u0131 zamanda ruhsal denge i\u00e7in de son derece \u00f6nemlidir. Do\u011fal ta\u015flar, bu dengeyi sa\u011flamak amac\u0131yla \u00e7e\u015fitli titre\u015fim frekanslar\u0131yla \u00e7al\u0131\u015f\u0131r. \u00d6rne\u011fin; ametist ta\u015f\u0131, zihinsel ve duygusal dengeyi korumaya yard\u0131mc\u0131 olurken, akik ta\u015f\u0131 ise fiziksel enerji ak\u0131\u015f\u0131n\u0131 d\u00fczenler. Bu ta\u015flar, \u00f6zellikle <strong>y\u0131ld\u0131z d\u00fc\u015f\u00fckl\u00fc\u011f\u00fc neden olur<\/strong> sorusuna yan\u0131t arayanlar i\u00e7in alternatif bir \u00e7\u00f6z\u00fcm sunar.<\/p>\n\n\n\n<p>Ta\u015flar\u0131n enerjisiyle \u00e7al\u0131\u015f\u0131rken, her ta\u015f\u0131n kendine \u00f6zg\u00fc \u00f6zellikleri g\u00f6z \u00f6n\u00fcnde bulundurulmal\u0131d\u0131r. Turmalin, negatif enerjileri uzakla\u015ft\u0131r\u0131rken, kuvars kristali ise pozitif enerjiyi art\u0131r\u0131r. Bu ba\u011flamda do\u011fal ta\u015flar\u0131n kombinasyonlar\u0131 kullan\u0131larak, v\u00fccuttaki enerji dengesizliklerinin giderilmesi ve y\u0131ld\u0131z d\u00fc\u015f\u00fckl\u00fc\u011f\u00fc konusunda somut ad\u0131mlar at\u0131labilir. Bu s\u00fcre\u00e7te, ta\u015flar\u0131n do\u011fru yerle\u015ftirilmesi ve d\u00fczenli kullan\u0131m\u0131, enerji ak\u0131\u015f\u0131n\u0131n optimize edilmesine olanak tan\u0131r.<\/p>\n\n\n\n<h2 id=\"yildiz-dusuklugune-iyi-gelen-dogal-taslar-nasil-kullanilir\" class=\"wp-block-heading\">Y\u0131ld\u0131z D\u00fc\u015f\u00fckl\u00fc\u011f\u00fcne \u0130yi Gelen Do\u011fal Ta\u015flar Nas\u0131l Kullan\u0131l\u0131r?<\/h2>\n\n\n\n<p>Do\u011fal ta\u015flar\u0131n etkili bir \u015fekilde kullan\u0131labilmesi i\u00e7in, \u00f6ncelikle ta\u015flar\u0131n \u00f6zellikleri ve ki\u015finin enerji durumunun iyi analiz edilmesi gerekir. Ta\u015flar\u0131n kullan\u0131m\u0131nda temel prensip, onlar\u0131 do\u011frudan ciltle temas ettirmek veya yak\u0131n mesafede ta\u015f\u0131makt\u0131r. \u00d6rne\u011fin; meditatif seanslarda ametist veya kuvars kristali kullanmak, zihinsel odaklanmay\u0131 ve enerji ak\u0131\u015f\u0131n\u0131 art\u0131r\u0131r. Ayr\u0131ca, ev dekorasyonunda veya ofis ortamlar\u0131nda ta\u015flar\u0131n konumland\u0131r\u0131lmas\u0131, genel enerji dengesini olumlu y\u00f6nde etkiler.<\/p>\n\n\n\n<p>G\u00fcnl\u00fck ya\u015famda do\u011fal ta\u015fl\u0131 tak\u0131lar da \u00f6nemli bir rol oynar. <a href=\"https:\/\/www.sochic.com\/dogal-tasli-kolye-c-1005\" target=\"_blank\" rel=\"noreferrer noopener\">Do\u011fal ta\u015fl\u0131 kolye modelleri<\/a> gibi aksesuarlar, hem \u015f\u0131kl\u0131\u011f\u0131 yakalamak hem de enerjiyi s\u00fcrekli yan\u0131n\u0131zda ta\u015f\u0131mak ad\u0131na ideal bir se\u00e7enek sunar. Ayn\u0131 \u015fekilde, <a href=\"https:\/\/www.sochic.com\/kolye-c-1\" target=\"_blank\" rel=\"noreferrer noopener\">g\u00fcm\u00fc\u015f kolye modelleri<\/a> ve <a href=\"https:\/\/www.sochic.com\/altin-c-13\" target=\"_blank\" rel=\"noreferrer noopener\">alt\u0131n \u00fcr\u00fcn modelleri<\/a> ile birle\u015fen do\u011fal ta\u015flar; stil sahibi olman\u0131n yan\u0131 s\u0131ra, enerji dengesini koruman\u0131za yard\u0131mc\u0131 olur. Tak\u0131 se\u00e7iminde ki\u015fisel zevklerinizin yan\u0131 s\u0131ra, ta\u015f\u0131n titre\u015fim \u00f6zelliklerini g\u00f6z \u00f6n\u00fcnde bulundurmak daha etkili sonu\u00e7lar elde etmenizi sa\u011flar.<\/p>\n\n\n\n<p>Ta\u015flar\u0131n bak\u0131m\u0131na da \u00f6zen g\u00f6stermek enerjilerinin bozulmamas\u0131 i\u00e7in \u00f6nemlidir. D\u00fczenli olarak temizlenmeleri ve enerjilerinin tazelenmesi kullan\u0131c\u0131s\u0131na maksimum fayda sa\u011flar. Bu noktada ta\u015flar\u0131n do\u011fal \u00f6zelliklerini koruyarak, periyodik temizlik ve \u015farj i\u015flemleri uzun vadeli kullan\u0131mda b\u00fcy\u00fck rol oynar.<\/p>\n\n\n\n<h2 id=\"yildiz-dusuklugu-icin-en-etkili-dogal-tas-hangisidir\" class=\"wp-block-heading\">Y\u0131ld\u0131z D\u00fc\u015f\u00fckl\u00fc\u011f\u00fc \u0130\u00e7in En Etkili Do\u011fal Ta\u015f Hangisidir?<\/h2>\n\n\n\n<p>Do\u011fal ta\u015flar aras\u0131nda her bireyin enerji yap\u0131s\u0131na ve ihtiya\u00e7lar\u0131na g\u00f6re farkl\u0131 ta\u015flar etkili olabilir. Ancak, genel olarak ametist ta\u015f\u0131, y\u0131ld\u0131z d\u00fc\u015f\u00fckl\u00fc\u011f\u00fc durumunda en \u00e7ok tercih edilen ve etkili bulunan do\u011fal ta\u015flardan biridir. Ametist, sakinle\u015ftirici ve dengeleyici etkileri sayesinde zihinsel ve duygusal gerginli\u011fi azalt\u0131r. Ayn\u0131 zamanda meditasyon s\u0131ras\u0131nda kullan\u0131ld\u0131\u011f\u0131nda i\u00e7sel fark\u0131ndal\u0131\u011f\u0131 art\u0131rarak, ki\u015finin enerjisini yeniden yap\u0131land\u0131rmas\u0131na yard\u0131mc\u0131 olur.<\/p>\n\n\n\n<p>Ametist ta\u015f\u0131n\u0131n yan\u0131 s\u0131ra, akik ve kuvars kristali gibi ta\u015flar da olduk\u00e7a pop\u00fclerdir. Bu ta\u015flar, enerjiyi dengeleyerek, ki\u015finin ya\u015fam kalitesini y\u00fckseltmeye y\u00f6nelik g\u00fc\u00e7l\u00fc ara\u00e7lard\u0131r. <strong>Yildizi d\u00fcs\u00fck olanlar ne yapmali<\/strong> sorusuna cevap arayanlar bu ta\u015flar\u0131n kombine kullan\u0131m\u0131n\u0131 deneyebilirler. \u00d6zellikle, g\u00fcnl\u00fck meditasyon prati\u011finde ametist ve kuvars kristali kombinasyonu, pozitif enerji ak\u0131\u015f\u0131n\u0131 desteklerken, ya\u015fam\u0131n her alan\u0131nda daha canl\u0131 bir his uyand\u0131r\u0131r.<\/p>\n\n\n\n<p>Ta\u015flar\u0131n etkili kullan\u0131m\u0131 i\u00e7in, bireyin kendi enerjisini anlamas\u0131 ve hangi ta\u015f\u0131n kendisine daha uygun oldu\u011funu belirlemesi \u00f6nemlidir. Bu s\u00fcre\u00e7te, ta\u015flar\u0131n renkleri, dokular\u0131 ve titre\u015fimleri, se\u00e7im yaparken dikkat edilmesi gereken temel unsurlar aras\u0131nda yer al\u0131r. Do\u011fal ta\u015flar\u0131n her biri, ki\u015finin enerjisinde farkl\u0131 a\u00e7\u0131lardan denge sa\u011flayarak, genel ya\u015fam kalitesini art\u0131r\u0131r.<\/p>\n\n\n\n<h2 id=\"dogal-taslar-yildiz-dusuklugunu-nasil-onler\" class=\"wp-block-heading\">Do\u011fal Ta\u015flar Y\u0131ld\u0131z D\u00fc\u015f\u00fckl\u00fc\u011f\u00fcn\u00fc Nas\u0131l \u00d6nler?<\/h2>\n\n\n\n<p>Enerji dengesini sa\u011flamak, sadece mevcut d\u00fc\u015f\u00fckl\u00fckleri gidermekle kalmaz, ayn\u0131 zamanda gelecekte olu\u015fabilecek olumsuzluklar\u0131 da \u00f6nler. Do\u011fal ta\u015flar, ya\u015fam alanlar\u0131na yerle\u015ftirildiklerinde s\u00fcrekli bir koruma ve denge kayna\u011f\u0131 olarak i\u015flev g\u00f6r\u00fcrler. \u00d6zellikle meditasyon ve yoga gibi uygulamalarda bu ta\u015flar\u0131n kullan\u0131m\u0131, zihinsel ve fiziksel dayan\u0131kl\u0131l\u0131\u011f\u0131 art\u0131r\u0131r, b\u00f6ylece y\u0131ld\u0131z d\u00fc\u015f\u00fckl\u00fc\u011f\u00fcne s\u00fcrekli bir \u00e7\u00f6z\u00fcm sunar.<\/p>\n\n\n\n<p>Ev veya ofis ortamlar\u0131nda ta\u015flar\u0131n stratejik konumland\u0131r\u0131lmas\u0131 negatif enerjinin giri\u015fini engeller. Ta\u015flar\u0131n titre\u015fimlerinin, bulundu\u011fu alan\u0131n genel enerji ak\u0131\u015f\u0131n\u0131 d\u00fczenledi\u011fi bilinmektedir. B\u00f6ylece, ki\u015fisel alanlarda huzur ve denge sa\u011flanarak, ya\u015fam\u0131n her alan\u0131nda daha aktif ve pozitif bir enerji ak\u0131\u015f\u0131 m\u00fcmk\u00fcn hale gelir. Do\u011fal ta\u015flar\u0131n bu etkileyici yap\u0131s\u0131, ki\u015fisel geli\u015fim s\u00fcrecinde \u00f6nemli bir yer tutar ve enerji d\u00fc\u015f\u00fckl\u00fc\u011f\u00fcn\u00fc \u00f6nlemede etkili bir y\u00f6ntem olarak kabul edilir.<\/p>\n\n\n\n<figure class=\"wp-block-image size-large\"><img  loading=\"lazy\"  decoding=\"async\"  width=\"1160\"  height=\"653\"  src=\"data:image\/png;base64,iVBORw0KGgoAAAANSUhEUgAABIgAAAKNAQMAAABx\/8IJAAAAA1BMVEUAAP+KeNJXAAAAAXRSTlMAQObYZgAAAAlwSFlzAAAOxAAADsQBlSsOGwAAAHNJREFUeNrtwTEBAAAAwqD1T20ND6AAAAAAAAAAAAAAAAAAAAAAAAAAAAAAAAAAAAAAAAAAAAAAAAAAAAAAAAAAAAAAAAAAAAAAAAAAAAAAAAAAAAAAAAAAAAAAAAAAAAAAAAAAAAAAAAAAAAAAAAAAAPgwdHkAAc7CT7QAAAAASUVORK5CYII=\"  alt=\"\"  class=\"wp-image-3450 pk-lazyload\"  data-pk-sizes=\"auto\"  data-ls-sizes=\"(max-width: 1160px) 100vw, 1160px\"  data-pk-src=\"https:\/\/www.sochic.com\/blog\/wp-content\/uploads\/2025\/03\/Yildiz-Dusuklugu-Icin-Dogal-Tas-2-1160x653.jpg\"  data-pk-srcset=\"https:\/\/www.sochic.com\/blog\/wp-content\/uploads\/2025\/03\/Yildiz-Dusuklugu-Icin-Dogal-Tas-2-1160x653.jpg 1160w, https:\/\/www.sochic.com\/blog\/wp-content\/uploads\/2025\/03\/Yildiz-Dusuklugu-Icin-Dogal-Tas-2-800x450.jpg 800w, https:\/\/www.sochic.com\/blog\/wp-content\/uploads\/2025\/03\/Yildiz-Dusuklugu-Icin-Dogal-Tas-2-1536x864.jpg 1536w, https:\/\/www.sochic.com\/blog\/wp-content\/uploads\/2025\/03\/Yildiz-Dusuklugu-Icin-Dogal-Tas-2-120x68.jpg 120w, https:\/\/www.sochic.com\/blog\/wp-content\/uploads\/2025\/03\/Yildiz-Dusuklugu-Icin-Dogal-Tas-2-90x51.jpg 90w, https:\/\/www.sochic.com\/blog\/wp-content\/uploads\/2025\/03\/Yildiz-Dusuklugu-Icin-Dogal-Tas-2-320x180.jpg 320w, https:\/\/www.sochic.com\/blog\/wp-content\/uploads\/2025\/03\/Yildiz-Dusuklugu-Icin-Dogal-Tas-2-560x315.jpg 560w, https:\/\/www.sochic.com\/blog\/wp-content\/uploads\/2025\/03\/Yildiz-Dusuklugu-Icin-Dogal-Tas-2.jpg 1920w\" ><\/figure>\n\n\n\n<p>G\u00fcnl\u00fck ya\u015fam\u0131n\u0131zda ta\u015flar\u0131 yan\u0131n\u0131zda ta\u015f\u0131mak veya dekoratif objeler olarak kullanmak, enerjinizi s\u00fcrekli y\u00fcksek tutman\u0131za yard\u0131mc\u0131 olur. Ayr\u0131ca, do\u011fal ta\u015flar kullan\u0131larak olu\u015fturulan <a href=\"https:\/\/www.sochic.com\/editoriyal-editorun-secimi\" target=\"_blank\" rel=\"noreferrer noopener\">So Chic \u00fcr\u00fcn koleksiyonlar\u0131<\/a> ile stilinizi yans\u0131t\u0131rken, enerji dengenizi de koruyabilirsiniz. Bu yakla\u015f\u0131m, hem ki\u015fisel bak\u0131m\u0131n\u0131zda hem de ya\u015fam alanlar\u0131n\u0131zda b\u00fct\u00fcnsel bir sa\u011fl\u0131k anlay\u0131\u015f\u0131n\u0131 destekler.<\/p>\n\n\n\n<h2 id=\"yildiz-dusuklugu-icin-dogal-tasin-gucu\" class=\"wp-block-heading\">Y\u0131ld\u0131z D\u00fc\u015f\u00fckl\u00fc\u011f\u00fc \u0130\u00e7in Do\u011fal Ta\u015f\u0131n G\u00fcc\u00fc<\/h2>\n\n\n\n<p>\u00d6zetle, y\u0131ld\u0131z d\u00fc\u015f\u00fckl\u00fc\u011f\u00fc ya\u015fam\u0131n her alan\u0131nda kendini hissettiren, ruhsal ve fiziksel enerjinin azalmas\u0131na neden olan bir durumdur. Bu durumla ba\u015fa \u00e7\u0131kmak ve enerjinizi y\u00fckseltmek i\u00e7in do\u011fal ta\u015flar\u0131n sundu\u011fu \u00e7\u00f6z\u00fcmler olduk\u00e7a etkili olabilir. Ametist, akik, kuvars kristali gibi do\u011fal ta\u015flar, enerjinizi dengeleyerek, hem zihinsel hem de duygusal olarak sizi g\u00fc\u00e7lendirir.<\/p>\n\n\n\n<p>Do\u011fal ta\u015flar\u0131n kullan\u0131m\u0131 sadece alternatif bir tedavi y\u00f6ntemi olarak kalmay\u0131p, ayn\u0131 zamanda ya\u015fam kalitenizi art\u0131racak bir ya\u015fam tarz\u0131n\u0131n par\u00e7as\u0131 haline gelebilir. Her ta\u015f\u0131n kendine has \u00f6zellikleri ve enerjisi, do\u011fru kullan\u0131ld\u0131\u011f\u0131nda, <strong>y\u0131ld\u0131z d\u00fc\u015f\u00fckl\u00fc\u011f\u00fcne ne iyi gelir<\/strong> sorusunun cevab\u0131 olabilir. G\u00fcnl\u00fck rit\u00fcellerinizde ta\u015flar\u0131 kullanmak, meditasyon seanslar\u0131n\u0131za ekleyerek, ya\u015fam\u0131n\u0131zdaki enerjiyi s\u00fcrekli y\u00fcksek tutman\u0131za yard\u0131mc\u0131 olur.<\/p>\n\n\n\n<p>Ki\u015fisel deneyimler ve ya\u015fam kalitesi \u00fczerine yap\u0131lan g\u00f6zlemler, do\u011fal ta\u015flar\u0131n yaln\u0131zca bir s\u00fcs e\u015fyas\u0131 olmad\u0131\u011f\u0131n\u0131, ayn\u0131 zamanda ruhsal ve fiziksel denge sa\u011flayan \u00f6nemli ara\u00e7lar oldu\u011funu g\u00f6stermektedir. <a href=\"https:\/\/www.sochic.com\/taki-seti-c-7\" target=\"_blank\" rel=\"noreferrer noopener\">So CHIC tak\u0131 seti<\/a> gibi modern tasar\u0131mlarla birle\u015fen bu do\u011fal ta\u015flar, hem \u015f\u0131kl\u0131\u011f\u0131 hem de pozitif enerjiyi yan\u0131n\u0131zda ta\u015f\u0131man\u0131za imkan tan\u0131r.<\/p>\n\n\n\n<p>Unutulmamal\u0131d\u0131r ki, her bireyin enerji yap\u0131s\u0131 farkl\u0131d\u0131r. Dolay\u0131s\u0131yla, hangi ta\u015f\u0131n sizin i\u00e7in en etkili oldu\u011funu ke\u015ffetmek ki\u015fisel bir yolculuktur. Bu s\u00fcre\u00e7te ta\u015flar\u0131n titre\u015fimleriyle uyum i\u00e7inde olmak, ya\u015fam\u0131n her alan\u0131nda daha g\u00fc\u00e7l\u00fc ve dengeli hissetmenizi sa\u011flar. Enerji dengenizi sa\u011flamak i\u00e7in, do\u011fal ta\u015flar\u0131n sundu\u011fu bu benzersiz alternatifleri denemekten \u00e7ekinmeyin.<\/p>\n","protected":false},"excerpt":{"rendered":"<p>Y\u0131ld\u0131z d\u00fc\u015f\u00fckl\u00fc\u011f\u00fc, hem ruhsal hem de fiziksel enerji dengesinde ya\u015fanan bir eksikli\u011fin g\u00f6stergesi olarak de\u011ferlendirilen ve bir\u00e7ok insan\u0131n g\u00fcnl\u00fck ya\u015fam\u0131nda kar\u015f\u0131la\u015ft\u0131\u011f\u0131 bir durumdur. Bu yaz\u0131m\u0131zda y\u0131ld\u0131z d\u00fc\u015f\u00fckl\u00fc\u011f\u00fc nedir sorusunun cevab\u0131n\u0131&hellip;<\/p>\n","protected":false},"author":2,"featured_media":3451,"comment_status":"open","ping_status":"open","sticky":false,"template":"","format":"standard","meta":{"footnotes":""},"categories":[12],"tags":[],"powerkit_post_featured":[],"class_list":{"0":"post-3446","1":"post","2":"type-post","3":"status-publish","4":"format-standard","5":"has-post-thumbnail","7":"category-faydali-bilgiler"},"yoast_head":"<title>Y\u0131ld\u0131z D\u00fc\u015f\u00fckl\u00fc\u011f\u00fc \u0130\u00e7in Do\u011fal Ta\u015f | So CHIC...<\/title>\n<meta name=\"description\" content=\"Y\u0131ld\u0131z d\u00fc\u015f\u00fckl\u00fc\u011f\u00fc, hem ruhsal hem de fiziksel enerji dengesinde ya\u015fanan bir eksikli\u011fin g\u00f6stergesi olarak de\u011ferlendirilen ve bir\u00e7ok insan\u0131n g\u00fcnl\u00fck ya\u015fam\u0131nda | Y\u0131ld\u0131z D\u00fc\u015f\u00fckl\u00fc\u011f\u00fc \u0130\u00e7in Do\u011fal Ta\u015f Y\u0131ld\u0131z d\u00fc\u015f\u00fckl\u00fc\u011f\u00fcne kar\u015f\u0131 do\u011fal ta\u015flar\u0131n g\u00fcc\u00fcn\u00fc yaz\u0131m\u0131zda ke\u015ffedin! Enerji dengenizi art\u0131ran, ya\u015fam\u0131n\u0131za pozitif dokunu\u015flar katan y\u00f6ntemleri \u00f6\u011frenin.\" \/>\n<meta name=\"robots\" content=\"index, follow, max-snippet:-1, max-image-preview:large, max-video-preview:-1\" \/>\n<link rel=\"canonical\" href=\"https:\/\/www.sochic.com\/blog\/yildiz-dusuklugu-icin-dogal-tas\" \/>\n<meta property=\"og:locale\" content=\"tr_TR\" \/>\n<meta property=\"og:type\" content=\"article\" \/>\n<meta property=\"og:title\" content=\"Y\u0131ld\u0131z D\u00fc\u015f\u00fckl\u00fc\u011f\u00fc \u0130\u00e7in Do\u011fal Ta\u015f | So CHIC...\" \/>\n<meta property=\"og:description\" content=\"Y\u0131ld\u0131z d\u00fc\u015f\u00fckl\u00fc\u011f\u00fc, hem ruhsal hem de fiziksel enerji dengesinde ya\u015fanan bir eksikli\u011fin g\u00f6stergesi olarak de\u011ferlendirilen ve bir\u00e7ok insan\u0131n g\u00fcnl\u00fck ya\u015fam\u0131nda | Y\u0131ld\u0131z D\u00fc\u015f\u00fckl\u00fc\u011f\u00fc \u0130\u00e7in Do\u011fal Ta\u015f Y\u0131ld\u0131z d\u00fc\u015f\u00fckl\u00fc\u011f\u00fcne kar\u015f\u0131 do\u011fal ta\u015flar\u0131n g\u00fcc\u00fcn\u00fc yaz\u0131m\u0131zda ke\u015ffedin! Enerji dengenizi art\u0131ran, ya\u015fam\u0131n\u0131za pozitif dokunu\u015flar katan y\u00f6ntemleri \u00f6\u011frenin.\" \/>\n<meta property=\"og:url\" content=\"https:\/\/www.sochic.com\/blog\/yildiz-dusuklugu-icin-dogal-tas\" \/>\n<meta property=\"og:site_name\" content=\"So CHIC...\" \/>\n<meta property=\"article:publisher\" content=\"https:\/\/www.facebook.com\/SoCHICGlobal\" \/>\n<meta property=\"article:published_time\" content=\"2025-03-05T12:16:59+00:00\" \/>\n<meta property=\"article:modified_time\" content=\"2026-03-05T13:20:02+00:00\" \/>\n<meta property=\"og:image\" content=\"https:\/\/www.sochic.com\/blog\/wp-content\/uploads\/2025\/03\/Yildiz-Dusuklugu-Icin-Dogal-Tas.jpg\" \/>\n\t<meta property=\"og:image:width\" content=\"1920\" \/>\n\t<meta property=\"og:image:height\" content=\"1080\" \/>\n\t<meta property=\"og:image:type\" content=\"image\/jpeg\" \/>\n<meta name=\"author\" content=\"So CHIC...\" \/>\n<meta name=\"twitter:card\" content=\"summary_large_image\" \/>\n<meta name=\"twitter:creator\" content=\"@SochicGlobal\" \/>\n<meta name=\"twitter:site\" content=\"@SochicGlobal\" \/>\n<script type=\"application\/ld+json\" class=\"yoast-schema-graph\">{\"@context\":\"https:\/\/schema.org\",\"@graph\":[{\"@type\":[\"Article\",\"BlogPosting\"],\"@id\":\"https:\/\/www.sochic.com\/blog\/yildiz-dusuklugu-icin-dogal-tas#article\",\"isPartOf\":{\"@id\":\"https:\/\/www.sochic.com\/blog\/yildiz-dusuklugu-icin-dogal-tas\"},\"author\":{\"name\":\"So CHIC...\",\"@id\":\"https:\/\/www.sochic.com\/blog\/#\/schema\/person\/217ac4906bdabe9ce9dc8568969acfdf\"},\"headline\":\"Y\u0131ld\u0131z D\u00fc\u015f\u00fckl\u00fc\u011f\u00fc \u0130\u00e7in Do\u011fal Ta\u015f\",\"datePublished\":\"2025-03-05T12:16:59+00:00\",\"dateModified\":\"2026-03-05T13:20:02+00:00\",\"mainEntityOfPage\":{\"@id\":\"https:\/\/www.sochic.com\/blog\/yildiz-dusuklugu-icin-dogal-tas\"},\"wordCount\":1609,\"commentCount\":0,\"publisher\":{\"@id\":\"https:\/\/www.sochic.com\/blog\/#organization\"},\"image\":{\"@id\":\"https:\/\/www.sochic.com\/blog\/yildiz-dusuklugu-icin-dogal-tas#primaryimage\"},\"thumbnailUrl\":\"https:\/\/www.sochic.com\/blog\/wp-content\/uploads\/2025\/03\/Yildiz-Dusuklugu-Icin-Dogal-Tas.jpg\",\"articleSection\":[\"Faydal\u0131 Bilgiler\"],\"inLanguage\":\"tr\",\"potentialAction\":[{\"@type\":\"CommentAction\",\"name\":\"Comment\",\"target\":[\"https:\/\/www.sochic.com\/blog\/yildiz-dusuklugu-icin-dogal-tas#respond\"]}]},{\"@type\":\"WebPage\",\"@id\":\"https:\/\/www.sochic.com\/blog\/yildiz-dusuklugu-icin-dogal-tas\",\"url\":\"https:\/\/www.sochic.com\/blog\/yildiz-dusuklugu-icin-dogal-tas\",\"name\":\"Y\u0131ld\u0131z D\u00fc\u015f\u00fckl\u00fc\u011f\u00fc \u0130\u00e7in Do\u011fal Ta\u015f | So CHIC...\",\"isPartOf\":{\"@id\":\"https:\/\/www.sochic.com\/blog\/#website\"},\"primaryImageOfPage\":{\"@id\":\"https:\/\/www.sochic.com\/blog\/yildiz-dusuklugu-icin-dogal-tas#primaryimage\"},\"image\":{\"@id\":\"https:\/\/www.sochic.com\/blog\/yildiz-dusuklugu-icin-dogal-tas#primaryimage\"},\"thumbnailUrl\":\"https:\/\/www.sochic.com\/blog\/wp-content\/uploads\/2025\/03\/Yildiz-Dusuklugu-Icin-Dogal-Tas.jpg\",\"datePublished\":\"2025-03-05T12:16:59+00:00\",\"dateModified\":\"2026-03-05T13:20:02+00:00\",\"description\":\"Y\u0131ld\u0131z d\u00fc\u015f\u00fckl\u00fc\u011f\u00fc, hem ruhsal hem de fiziksel enerji dengesinde ya\u015fanan bir eksikli\u011fin g\u00f6stergesi olarak de\u011ferlendirilen ve bir\u00e7ok insan\u0131n g\u00fcnl\u00fck ya\u015fam\u0131nda | Y\u0131ld\u0131z D\u00fc\u015f\u00fckl\u00fc\u011f\u00fc \u0130\u00e7in Do\u011fal Ta\u015f Y\u0131ld\u0131z d\u00fc\u015f\u00fckl\u00fc\u011f\u00fcne kar\u015f\u0131 do\u011fal ta\u015flar\u0131n g\u00fcc\u00fcn\u00fc yaz\u0131m\u0131zda ke\u015ffedin! Enerji dengenizi art\u0131ran, ya\u015fam\u0131n\u0131za pozitif dokunu\u015flar katan y\u00f6ntemleri \u00f6\u011frenin.\",\"breadcrumb\":{\"@id\":\"https:\/\/www.sochic.com\/blog\/yildiz-dusuklugu-icin-dogal-tas#breadcrumb\"},\"inLanguage\":\"tr\",\"potentialAction\":[{\"@type\":\"ReadAction\",\"target\":[\"https:\/\/www.sochic.com\/blog\/yildiz-dusuklugu-icin-dogal-tas\"]}]},{\"@type\":\"ImageObject\",\"inLanguage\":\"tr\",\"@id\":\"https:\/\/www.sochic.com\/blog\/yildiz-dusuklugu-icin-dogal-tas#primaryimage\",\"url\":\"https:\/\/www.sochic.com\/blog\/wp-content\/uploads\/2025\/03\/Yildiz-Dusuklugu-Icin-Dogal-Tas.jpg\",\"contentUrl\":\"https:\/\/www.sochic.com\/blog\/wp-content\/uploads\/2025\/03\/Yildiz-Dusuklugu-Icin-Dogal-Tas.jpg\",\"width\":1920,\"height\":1080,\"caption\":\"Y\u0131ld\u0131z D\u00fc\u015f\u00fckl\u00fc\u011f\u00fc \u0130\u00e7in Do\u011fal Ta\u015f\"},{\"@type\":\"BreadcrumbList\",\"@id\":\"https:\/\/www.sochic.com\/blog\/yildiz-dusuklugu-icin-dogal-tas#breadcrumb\",\"itemListElement\":[{\"@type\":\"ListItem\",\"position\":1,\"name\":\"Anasayfa\",\"item\":\"https:\/\/www.sochic.com\/blog\/\"},{\"@type\":\"ListItem\",\"position\":2,\"name\":\"Faydal\u0131 Bilgiler\",\"item\":\"https:\/\/www.sochic.com\/blog\/faydali-bilgiler\"},{\"@type\":\"ListItem\",\"position\":3,\"name\":\"Y\u0131ld\u0131z D\u00fc\u015f\u00fckl\u00fc\u011f\u00fc \u0130\u00e7in Do\u011fal Ta\u015f\"}]},{\"@type\":\"WebSite\",\"@id\":\"https:\/\/www.sochic.com\/blog\/#website\",\"url\":\"https:\/\/www.sochic.com\/blog\/\",\"name\":\"So CHIC...\",\"description\":\"So CHIC Blog\",\"publisher\":{\"@id\":\"https:\/\/www.sochic.com\/blog\/#organization\"},\"alternateName\":\"So CHIC\",\"potentialAction\":[{\"@type\":\"SearchAction\",\"target\":{\"@type\":\"EntryPoint\",\"urlTemplate\":\"https:\/\/www.sochic.com\/blog\/?s={search_term_string}\"},\"query-input\":{\"@type\":\"PropertyValueSpecification\",\"valueRequired\":true,\"valueName\":\"search_term_string\"}}],\"inLanguage\":\"tr\"},{\"@type\":\"Organization\",\"@id\":\"https:\/\/www.sochic.com\/blog\/#organization\",\"name\":\"So CHIC...\",\"alternateName\":\"So CHIC\",\"url\":\"https:\/\/www.sochic.com\/blog\/\",\"logo\":{\"@type\":\"ImageObject\",\"inLanguage\":\"tr\",\"@id\":\"https:\/\/www.sochic.com\/blog\/#\/schema\/logo\/image\/\",\"url\":\"https:\/\/sochic.com\/blog\/wp-content\/uploads\/2022\/11\/sochic-facebook-logo.png\",\"contentUrl\":\"https:\/\/sochic.com\/blog\/wp-content\/uploads\/2022\/11\/sochic-facebook-logo.png\",\"width\":800,\"height\":800,\"caption\":\"So CHIC...\"},\"image\":{\"@id\":\"https:\/\/www.sochic.com\/blog\/#\/schema\/logo\/image\/\"},\"sameAs\":[\"https:\/\/www.facebook.com\/SoCHICGlobal\",\"https:\/\/x.com\/SochicGlobal\",\"https:\/\/www.instagram.com\/sochicofficial\/\",\"https:\/\/www.youtube.com\/user\/SoCHICGlobal\"]},{\"@type\":\"Person\",\"@id\":\"https:\/\/www.sochic.com\/blog\/#\/schema\/person\/217ac4906bdabe9ce9dc8568969acfdf\",\"name\":\"So CHIC...\",\"image\":{\"@type\":\"ImageObject\",\"inLanguage\":\"tr\",\"@id\":\"https:\/\/www.sochic.com\/blog\/#\/schema\/person\/image\/\",\"url\":\"https:\/\/secure.gravatar.com\/avatar\/84475e064453b1a507b62af79954a400?s=96&d=mm&r=g\",\"contentUrl\":\"https:\/\/secure.gravatar.com\/avatar\/84475e064453b1a507b62af79954a400?s=96&d=mm&r=g\",\"caption\":\"So CHIC...\"},\"sameAs\":[\"http:\/\/www.sochic.com\"]}]}<\/script>","yoast_head_json":{"title":"Y\u0131ld\u0131z D\u00fc\u015f\u00fckl\u00fc\u011f\u00fc \u0130\u00e7in Do\u011fal Ta\u015f | So CHIC...","description":"Y\u0131ld\u0131z d\u00fc\u015f\u00fckl\u00fc\u011f\u00fc, hem ruhsal hem de fiziksel enerji dengesinde ya\u015fanan bir eksikli\u011fin g\u00f6stergesi olarak de\u011ferlendirilen ve bir\u00e7ok insan\u0131n g\u00fcnl\u00fck ya\u015fam\u0131nda | Y\u0131ld\u0131z D\u00fc\u015f\u00fckl\u00fc\u011f\u00fc \u0130\u00e7in Do\u011fal Ta\u015f Y\u0131ld\u0131z d\u00fc\u015f\u00fckl\u00fc\u011f\u00fcne kar\u015f\u0131 do\u011fal ta\u015flar\u0131n g\u00fcc\u00fcn\u00fc yaz\u0131m\u0131zda ke\u015ffedin! Enerji dengenizi art\u0131ran, ya\u015fam\u0131n\u0131za pozitif dokunu\u015flar katan y\u00f6ntemleri \u00f6\u011frenin.","robots":{"index":"index","follow":"follow","max-snippet":"max-snippet:-1","max-image-preview":"max-image-preview:large","max-video-preview":"max-video-preview:-1"},"canonical":"https:\/\/www.sochic.com\/blog\/yildiz-dusuklugu-icin-dogal-tas","og_locale":"tr_TR","og_type":"article","og_title":"Y\u0131ld\u0131z D\u00fc\u015f\u00fckl\u00fc\u011f\u00fc \u0130\u00e7in Do\u011fal Ta\u015f | So CHIC...","og_description":"Y\u0131ld\u0131z d\u00fc\u015f\u00fckl\u00fc\u011f\u00fc, hem ruhsal hem de fiziksel enerji dengesinde ya\u015fanan bir eksikli\u011fin g\u00f6stergesi olarak de\u011ferlendirilen ve bir\u00e7ok insan\u0131n g\u00fcnl\u00fck ya\u015fam\u0131nda | Y\u0131ld\u0131z D\u00fc\u015f\u00fckl\u00fc\u011f\u00fc \u0130\u00e7in Do\u011fal Ta\u015f Y\u0131ld\u0131z d\u00fc\u015f\u00fckl\u00fc\u011f\u00fcne kar\u015f\u0131 do\u011fal ta\u015flar\u0131n g\u00fcc\u00fcn\u00fc yaz\u0131m\u0131zda ke\u015ffedin! Enerji dengenizi art\u0131ran, ya\u015fam\u0131n\u0131za pozitif dokunu\u015flar katan y\u00f6ntemleri \u00f6\u011frenin.","og_url":"https:\/\/www.sochic.com\/blog\/yildiz-dusuklugu-icin-dogal-tas","og_site_name":"So CHIC...","article_publisher":"https:\/\/www.facebook.com\/SoCHICGlobal","article_published_time":"2025-03-05T12:16:59+00:00","article_modified_time":"2026-03-05T13:20:02+00:00","og_image":[{"width":1920,"height":1080,"url":"https:\/\/www.sochic.com\/blog\/wp-content\/uploads\/2025\/03\/Yildiz-Dusuklugu-Icin-Dogal-Tas.jpg","type":"image\/jpeg"}],"author":"So CHIC...","twitter_card":"summary_large_image","twitter_creator":"@SochicGlobal","twitter_site":"@SochicGlobal","schema":{"@context":"https:\/\/schema.org","@graph":[{"@type":["Article","BlogPosting"],"@id":"https:\/\/www.sochic.com\/blog\/yildiz-dusuklugu-icin-dogal-tas#article","isPartOf":{"@id":"https:\/\/www.sochic.com\/blog\/yildiz-dusuklugu-icin-dogal-tas"},"author":{"name":"So CHIC...","@id":"https:\/\/www.sochic.com\/blog\/#\/schema\/person\/217ac4906bdabe9ce9dc8568969acfdf"},"headline":"Y\u0131ld\u0131z D\u00fc\u015f\u00fckl\u00fc\u011f\u00fc \u0130\u00e7in Do\u011fal Ta\u015f","datePublished":"2025-03-05T12:16:59+00:00","dateModified":"2026-03-05T13:20:02+00:00","mainEntityOfPage":{"@id":"https:\/\/www.sochic.com\/blog\/yildiz-dusuklugu-icin-dogal-tas"},"wordCount":1609,"commentCount":0,"publisher":{"@id":"https:\/\/www.sochic.com\/blog\/#organization"},"image":{"@id":"https:\/\/www.sochic.com\/blog\/yildiz-dusuklugu-icin-dogal-tas#primaryimage"},"thumbnailUrl":"https:\/\/www.sochic.com\/blog\/wp-content\/uploads\/2025\/03\/Yildiz-Dusuklugu-Icin-Dogal-Tas.jpg","articleSection":["Faydal\u0131 Bilgiler"],"inLanguage":"tr","potentialAction":[{"@type":"CommentAction","name":"Comment","target":["https:\/\/www.sochic.com\/blog\/yildiz-dusuklugu-icin-dogal-tas#respond"]}]},{"@type":"WebPage","@id":"https:\/\/www.sochic.com\/blog\/yildiz-dusuklugu-icin-dogal-tas","url":"https:\/\/www.sochic.com\/blog\/yildiz-dusuklugu-icin-dogal-tas","name":"Y\u0131ld\u0131z D\u00fc\u015f\u00fckl\u00fc\u011f\u00fc \u0130\u00e7in Do\u011fal Ta\u015f | So CHIC...","isPartOf":{"@id":"https:\/\/www.sochic.com\/blog\/#website"},"primaryImageOfPage":{"@id":"https:\/\/www.sochic.com\/blog\/yildiz-dusuklugu-icin-dogal-tas#primaryimage"},"image":{"@id":"https:\/\/www.sochic.com\/blog\/yildiz-dusuklugu-icin-dogal-tas#primaryimage"},"thumbnailUrl":"https:\/\/www.sochic.com\/blog\/wp-content\/uploads\/2025\/03\/Yildiz-Dusuklugu-Icin-Dogal-Tas.jpg","datePublished":"2025-03-05T12:16:59+00:00","dateModified":"2026-03-05T13:20:02+00:00","description":"Y\u0131ld\u0131z d\u00fc\u015f\u00fckl\u00fc\u011f\u00fc, hem ruhsal hem de fiziksel enerji dengesinde ya\u015fanan bir eksikli\u011fin g\u00f6stergesi olarak de\u011ferlendirilen ve bir\u00e7ok insan\u0131n g\u00fcnl\u00fck ya\u015fam\u0131nda | Y\u0131ld\u0131z D\u00fc\u015f\u00fckl\u00fc\u011f\u00fc \u0130\u00e7in Do\u011fal Ta\u015f Y\u0131ld\u0131z d\u00fc\u015f\u00fckl\u00fc\u011f\u00fcne kar\u015f\u0131 do\u011fal ta\u015flar\u0131n g\u00fcc\u00fcn\u00fc yaz\u0131m\u0131zda ke\u015ffedin! Enerji dengenizi art\u0131ran, ya\u015fam\u0131n\u0131za pozitif dokunu\u015flar katan y\u00f6ntemleri \u00f6\u011frenin.","breadcrumb":{"@id":"https:\/\/www.sochic.com\/blog\/yildiz-dusuklugu-icin-dogal-tas#breadcrumb"},"inLanguage":"tr","potentialAction":[{"@type":"ReadAction","target":["https:\/\/www.sochic.com\/blog\/yildiz-dusuklugu-icin-dogal-tas"]}]},{"@type":"ImageObject","inLanguage":"tr","@id":"https:\/\/www.sochic.com\/blog\/yildiz-dusuklugu-icin-dogal-tas#primaryimage","url":"https:\/\/www.sochic.com\/blog\/wp-content\/uploads\/2025\/03\/Yildiz-Dusuklugu-Icin-Dogal-Tas.jpg","contentUrl":"https:\/\/www.sochic.com\/blog\/wp-content\/uploads\/2025\/03\/Yildiz-Dusuklugu-Icin-Dogal-Tas.jpg","width":1920,"height":1080,"caption":"Y\u0131ld\u0131z D\u00fc\u015f\u00fckl\u00fc\u011f\u00fc \u0130\u00e7in Do\u011fal Ta\u015f"},{"@type":"BreadcrumbList","@id":"https:\/\/www.sochic.com\/blog\/yildiz-dusuklugu-icin-dogal-tas#breadcrumb","itemListElement":[{"@type":"ListItem","position":1,"name":"Anasayfa","item":"https:\/\/www.sochic.com\/blog\/"},{"@type":"ListItem","position":2,"name":"Faydal\u0131 Bilgiler","item":"https:\/\/www.sochic.com\/blog\/faydali-bilgiler"},{"@type":"ListItem","position":3,"name":"Y\u0131ld\u0131z D\u00fc\u015f\u00fckl\u00fc\u011f\u00fc \u0130\u00e7in Do\u011fal Ta\u015f"}]},{"@type":"WebSite","@id":"https:\/\/www.sochic.com\/blog\/#website","url":"https:\/\/www.sochic.com\/blog\/","name":"So CHIC...","description":"So CHIC Blog","publisher":{"@id":"https:\/\/www.sochic.com\/blog\/#organization"},"alternateName":"So CHIC","potentialAction":[{"@type":"SearchAction","target":{"@type":"EntryPoint","urlTemplate":"https:\/\/www.sochic.com\/blog\/?s={search_term_string}"},"query-input":{"@type":"PropertyValueSpecification","valueRequired":true,"valueName":"search_term_string"}}],"inLanguage":"tr"},{"@type":"Organization","@id":"https:\/\/www.sochic.com\/blog\/#organization","name":"So CHIC...","alternateName":"So CHIC","url":"https:\/\/www.sochic.com\/blog\/","logo":{"@type":"ImageObject","inLanguage":"tr","@id":"https:\/\/www.sochic.com\/blog\/#\/schema\/logo\/image\/","url":"https:\/\/sochic.com\/blog\/wp-content\/uploads\/2022\/11\/sochic-facebook-logo.png","contentUrl":"https:\/\/sochic.com\/blog\/wp-content\/uploads\/2022\/11\/sochic-facebook-logo.png","width":800,"height":800,"caption":"So CHIC..."},"image":{"@id":"https:\/\/www.sochic.com\/blog\/#\/schema\/logo\/image\/"},"sameAs":["https:\/\/www.facebook.com\/SoCHICGlobal","https:\/\/x.com\/SochicGlobal","https:\/\/www.instagram.com\/sochicofficial\/","https:\/\/www.youtube.com\/user\/SoCHICGlobal"]},{"@type":"Person","@id":"https:\/\/www.sochic.com\/blog\/#\/schema\/person\/217ac4906bdabe9ce9dc8568969acfdf","name":"So CHIC...","image":{"@type":"ImageObject","inLanguage":"tr","@id":"https:\/\/www.sochic.com\/blog\/#\/schema\/person\/image\/","url":"https:\/\/secure.gravatar.com\/avatar\/84475e064453b1a507b62af79954a400?s=96&d=mm&r=g","contentUrl":"https:\/\/secure.gravatar.com\/avatar\/84475e064453b1a507b62af79954a400?s=96&d=mm&r=g","caption":"So CHIC..."},"sameAs":["http:\/\/www.sochic.com"]}]}},"_links":{"self":[{"href":"https:\/\/www.sochic.com\/blog\/wp-json\/wp\/v2\/posts\/3446"}],"collection":[{"href":"https:\/\/www.sochic.com\/blog\/wp-json\/wp\/v2\/posts"}],"about":[{"href":"https:\/\/www.sochic.com\/blog\/wp-json\/wp\/v2\/types\/post"}],"author":[{"embeddable":true,"href":"https:\/\/www.sochic.com\/blog\/wp-json\/wp\/v2\/users\/2"}],"replies":[{"embeddable":true,"href":"https:\/\/www.sochic.com\/blog\/wp-json\/wp\/v2\/comments?post=3446"}],"version-history":[{"count":3,"href":"https:\/\/www.sochic.com\/blog\/wp-json\/wp\/v2\/posts\/3446\/revisions"}],"predecessor-version":[{"id":5842,"href":"https:\/\/www.sochic.com\/blog\/wp-json\/wp\/v2\/posts\/3446\/revisions\/5842"}],"wp:featuredmedia":[{"embeddable":true,"href":"https:\/\/www.sochic.com\/blog\/wp-json\/wp\/v2\/media\/3451"}],"wp:attachment":[{"href":"https:\/\/www.sochic.com\/blog\/wp-json\/wp\/v2\/media?parent=3446"}],"wp:term":[{"taxonomy":"category","embeddable":true,"href":"https:\/\/www.sochic.com\/blog\/wp-json\/wp\/v2\/categories?post=3446"},{"taxonomy":"post_tag","embeddable":true,"href":"https:\/\/www.sochic.com\/blog\/wp-json\/wp\/v2\/tags?post=3446"},{"taxonomy":"powerkit_post_featured","embeddable":true,"href":"https:\/\/www.sochic.com\/blog\/wp-json\/wp\/v2\/powerkit_post_featured?post=3446"}],"curies":[{"name":"wp","href":"https:\/\/api.w.org\/{rel}","templated":true}]}}