{"id":3488,"date":"2025-03-07T09:31:54","date_gmt":"2025-03-07T06:31:54","guid":{"rendered":"https:\/\/www.sochic.com\/blog\/?p=3488"},"modified":"2026-03-05T17:28:12","modified_gmt":"2026-03-05T14:28:12","slug":"leonardo-da-vinci-son-aksam-yemegi-tablosu-ve-mucevherin-zamansizligi","status":"publish","type":"post","link":"https:\/\/www.sochic.com\/blog\/leonardo-da-vinci-son-aksam-yemegi-tablosu-ve-mucevherin-zamansizligi","title":{"rendered":"Leonardo Da Vinci Son Ak\u015fam Yeme\u011fi Tablosu ve M\u00fccevherin Zamans\u0131zl\u0131\u011f\u0131"},"content":{"rendered":"\n<p>Leonardo Da Vinci\u2019nin Son Ak\u015fam Yeme\u011fi tablosu, sanat d\u00fcnyas\u0131nda y\u00fczy\u0131llar boyu iz b\u0131rakan \u00f6nemli bir eser olarak derin anlamlar ve detaylarla doludur. Tablo, sadece bir dini sahneyi betimlemekle kalmaz, insan ruhunun farkl\u0131 y\u00f6nlerine dair g\u00fc\u00e7l\u00fc bir anlat\u0131m vadeder. Ayn\u0131 \u015fekilde m\u00fccevherin zamans\u0131zl\u0131\u011f\u0131, tarih boyunca de\u011ferini koruyan ve estetik a\u00e7\u0131dan b\u00fcy\u00fcleyici unsurlar aras\u0131nda yer al\u0131r. Sanat ve m\u00fccevherin birle\u015fimindeki derinlik, her iki alan\u0131n da g\u00fcc\u00fcn\u00fc ke\u015ffetmek isteyenlere \u00f6nemli ipu\u00e7lar\u0131 verir. E\u011fer sanat ve de\u011ferli ta\u015flar\u0131n etkile\u015fimini anlamak istiyorsan\u0131z rehberimizi okumaya devam edebilirsiniz!<\/p>\n\n\n\n<h2 id=\"leonardo-da-vinci-son-aksam-yemegi-tablosu-ne-anlatiyor\" class=\"wp-block-heading\">Leonardo Da Vinci Son Ak\u015fam Yeme\u011fi Tablosu Ne Anlat\u0131yor?<\/h2>\n\n\n\n<p>Leonardo da Vinci\u2019nin Son Ak\u015fam Yeme\u011fi tablosu, duygusal yo\u011funlukla dolu bir an\u0131 yakalar. Her fig\u00fcr, farkl\u0131 bir tepki ve ruh haliyle tasvir edilmi\u015ftir. \u0130sa\u2019n\u0131n \u201cBeni ihanet edecek biri var\u201d s\u00f6zleri, tabloyu izlerken izleyiciyi derinden etkiler. Havarilerin \u015fa\u015fk\u0131nl\u0131klar\u0131, korkular\u0131 ve \u015fa\u015f\u0131rm\u0131\u015f bak\u0131\u015flar\u0131, eserin dramatik yap\u0131s\u0131n\u0131 g\u00fc\u00e7lendirir. Bu noktada Da Vinci&#8217;nin fig\u00fcrlerin duygular\u0131n\u0131 m\u00fckemmel bir \u015fekilde yakalayarak izleyicinin tabloya ba\u011flanmas\u0131n\u0131 sa\u011flad\u0131\u011f\u0131n\u0131 s\u00f6ylemek m\u00fcmk\u00fcnd\u00fcr.<\/p>\n\n\n\n<figure class=\"wp-block-gallery has-nested-images columns-default is-cropped wp-block-gallery-1 is-layout-flex wp-block-gallery-is-layout-flex\">\n<figure class=\"wp-block-image size-large\"><img  loading=\"lazy\"  decoding=\"async\"  width=\"1160\"  height=\"1738\"  data-id=\"5882\"  src=\"data:image\/png;base64,iVBORw0KGgoAAAANSUhEUgAABIgAAAbKAQMAAACX7dzOAAAAA1BMVEUAAP+KeNJXAAAAAXRSTlMAQObYZgAAAAlwSFlzAAAOxAAADsQBlSsOGwAAAQ1JREFUeNrtwTEBAAAAwqD1T20ND6AAAAAAAAAAAAAAAAAAAAAAAAAAAAAAAAAAAAAAAAAAAAAAAAAAAAAAAAAAAAAAAAAAAAAAAAAAAAAAAAAAAAAAAAAAAAAAAAAAAAAAAAAAAAAAAAAAAAAAAAAAAAAAAAAAAAAAAAAAAAAAAAAAAAAAAAAAAAAAAAAAAAAAAAAAAAAAAAAAAAAAAAAAAAAAAAAAAAAAAAAAAAAAAAAAAAAAAAAAAAAAAAAAAAAAAAAAAAAAAAAAAAAAAAAAAAAAAAAAAAAAAAAAAAAAAAAAAAAAAAAAAAAAAAAAAAAAAAAAAAAAAAAAAAAAAAAAAAAAAAAAAAAAAIAHA99hAAFIa+hwAAAAAElFTkSuQmCC\"  alt=\"\"  class=\"wp-image-5882 pk-lazyload\"  data-pk-sizes=\"auto\"  data-ls-sizes=\"(max-width: 1160px) 100vw, 1160px\"  data-pk-src=\"https:\/\/www.sochic.com\/blog\/wp-content\/uploads\/2025\/03\/50893999-298-0-1-1160x1738.webp\"  data-pk-srcset=\"https:\/\/www.sochic.com\/blog\/wp-content\/uploads\/2025\/03\/50893999-298-0-1-1160x1738.webp 1160w, https:\/\/www.sochic.com\/blog\/wp-content\/uploads\/2025\/03\/50893999-298-0-1-800x1199.webp 800w, https:\/\/www.sochic.com\/blog\/wp-content\/uploads\/2025\/03\/50893999-298-0-1-1025x1536.webp 1025w, https:\/\/www.sochic.com\/blog\/wp-content\/uploads\/2025\/03\/50893999-298-0-1-120x180.webp 120w, https:\/\/www.sochic.com\/blog\/wp-content\/uploads\/2025\/03\/50893999-298-0-1-90x135.webp 90w, https:\/\/www.sochic.com\/blog\/wp-content\/uploads\/2025\/03\/50893999-298-0-1-320x479.webp 320w, https:\/\/www.sochic.com\/blog\/wp-content\/uploads\/2025\/03\/50893999-298-0-1-560x839.webp 560w, https:\/\/www.sochic.com\/blog\/wp-content\/uploads\/2025\/03\/50893999-298-0-1.webp 1200w\" ><figcaption class=\"wp-element-caption\">incelemek i\u00e7in <a href=\"https:\/\/www.sochic.com\/p-kare-kesim-18-ayar-beyaz-altin-kaplama-gumus-su-yolu-kolye-50893999\" target=\"_blank\" rel=\"noreferrer noopener\">t\u0131klay\u0131n\u0131z!<\/a><\/figcaption><\/figure>\n\n\n\n<figure class=\"wp-block-image size-large\"><img  loading=\"lazy\"  decoding=\"async\"  width=\"1160\"  height=\"1738\"  data-id=\"3491\"  src=\"data:image\/png;base64,iVBORw0KGgoAAAANSUhEUgAABIgAAAbKAQMAAACX7dzOAAAAA1BMVEUAAP+KeNJXAAAAAXRSTlMAQObYZgAAAAlwSFlzAAAOxAAADsQBlSsOGwAAAQ1JREFUeNrtwTEBAAAAwqD1T20ND6AAAAAAAAAAAAAAAAAAAAAAAAAAAAAAAAAAAAAAAAAAAAAAAAAAAAAAAAAAAAAAAAAAAAAAAAAAAAAAAAAAAAAAAAAAAAAAAAAAAAAAAAAAAAAAAAAAAAAAAAAAAAAAAAAAAAAAAAAAAAAAAAAAAAAAAAAAAAAAAAAAAAAAAAAAAAAAAAAAAAAAAAAAAAAAAAAAAAAAAAAAAAAAAAAAAAAAAAAAAAAAAAAAAAAAAAAAAAAAAAAAAAAAAAAAAAAAAAAAAAAAAAAAAAAAAAAAAAAAAAAAAAAAAAAAAAAAAAAAAAAAAAAAAAAAAAAAAAAAAAAAAAAAAIAHA99hAAFIa+hwAAAAAElFTkSuQmCC\"  alt=\"\"  class=\"wp-image-3491 pk-lazyload\"  data-pk-sizes=\"auto\"  data-ls-sizes=\"(max-width: 1160px) 100vw, 1160px\"  data-pk-src=\"https:\/\/www.sochic.com\/blog\/wp-content\/uploads\/2025\/03\/5108130199-1160x1738.webp\"  data-pk-srcset=\"https:\/\/www.sochic.com\/blog\/wp-content\/uploads\/2025\/03\/5108130199-1160x1738.webp 1160w, https:\/\/www.sochic.com\/blog\/wp-content\/uploads\/2025\/03\/5108130199-800x1199.webp 800w, https:\/\/www.sochic.com\/blog\/wp-content\/uploads\/2025\/03\/5108130199-1025x1536.webp 1025w, https:\/\/www.sochic.com\/blog\/wp-content\/uploads\/2025\/03\/5108130199-120x180.webp 120w, https:\/\/www.sochic.com\/blog\/wp-content\/uploads\/2025\/03\/5108130199-90x135.webp 90w, https:\/\/www.sochic.com\/blog\/wp-content\/uploads\/2025\/03\/5108130199-320x479.webp 320w, https:\/\/www.sochic.com\/blog\/wp-content\/uploads\/2025\/03\/5108130199-560x839.webp 560w, https:\/\/www.sochic.com\/blog\/wp-content\/uploads\/2025\/03\/5108130199.webp 1200w\" ><figcaption class=\"wp-element-caption\">incelemek i\u00e7in <a href=\"https:\/\/www.sochic.com\/p-diana-inci-18-ayar-beyaz-altin-kaplama-gumus-tasarim-gerdanlik-5108130199\" target=\"_blank\" rel=\"noreferrer noopener\">t\u0131klay\u0131n\u0131z!<\/a><\/figcaption><\/figure>\n\n\n\n<figure class=\"wp-block-image size-large\"><img  loading=\"lazy\"  decoding=\"async\"  width=\"1160\"  height=\"1740\"  data-id=\"3490\"  src=\"data:image\/png;base64,iVBORw0KGgoAAAANSUhEUgAABIgAAAbMAQMAAABBtD\/TAAAAA1BMVEUAAP+KeNJXAAAAAXRSTlMAQObYZgAAAAlwSFlzAAAOxAAADsQBlSsOGwAAAQ1JREFUeNrtwQENAAAAwqD3T20ON6AAAAAAAAAAAAAAAAAAAAAAAAAAAAAAAAAAAAAAAAAAAAAAAAAAAAAAAAAAAAAAAAAAAAAAAAAAAAAAAAAAAAAAAAAAAAAAAAAAAAAAAAAAAAAAAAAAAAAAAAAAAAAAAAAAAAAAAAAAAAAAAAAAAAAAAAAAAAAAAAAAAAAAAAAAAAAAAAAAAAAAAAAAAAAAAAAAAAAAAAAAAAAAAAAAAAAAAAAAAAAAAAAAAAAAAAAAAAAAAAAAAAAAAAAAAAAAAAAAAAAAAAAAAAAAAAAAAAAAAAAAAAAAAAAAAAAAAAAAAAAAAAAAAAAAAAAAAAAAAAAAAAAAAAA+DOCFAAEUI01yAAAAAElFTkSuQmCC\"  alt=\"\"  class=\"wp-image-3490 pk-lazyload\"  data-pk-sizes=\"auto\"  data-ls-sizes=\"(max-width: 1160px) 100vw, 1160px\"  data-pk-src=\"https:\/\/www.sochic.com\/blog\/wp-content\/uploads\/2025\/03\/5142899942-1160x1740.webp\"  data-pk-srcset=\"https:\/\/www.sochic.com\/blog\/wp-content\/uploads\/2025\/03\/5142899942-1160x1740.webp 1160w, https:\/\/www.sochic.com\/blog\/wp-content\/uploads\/2025\/03\/5142899942-800x1200.webp 800w, https:\/\/www.sochic.com\/blog\/wp-content\/uploads\/2025\/03\/5142899942-1024x1536.webp 1024w, https:\/\/www.sochic.com\/blog\/wp-content\/uploads\/2025\/03\/5142899942-120x180.webp 120w, https:\/\/www.sochic.com\/blog\/wp-content\/uploads\/2025\/03\/5142899942-90x135.webp 90w, https:\/\/www.sochic.com\/blog\/wp-content\/uploads\/2025\/03\/5142899942-320x480.webp 320w, https:\/\/www.sochic.com\/blog\/wp-content\/uploads\/2025\/03\/5142899942-560x840.webp 560w, https:\/\/www.sochic.com\/blog\/wp-content\/uploads\/2025\/03\/5142899942.webp 1199w\" ><figcaption class=\"wp-element-caption\">incelemek i\u00e7in <a href=\"https:\/\/www.sochic.com\/p-begonvil-cicegi-18-ayar-beyaz-altin-kaplama-42-cm-gumus-gerdanlik-5142899942\" target=\"_blank\" rel=\"noreferrer noopener\">t\u0131klay\u0131n\u0131z!<\/a><\/figcaption><\/figure>\n<\/figure>\n\n\n\n<p>Tablonun tasar\u0131m\u0131ndaki incelikler izleyiciyi hem g\u00f6rsel hem de anlamsal olarak derinle\u015ftirir. \u00d6zellikle, \u0131\u015f\u0131k ve g\u00f6lge oyunlar\u0131 ile fig\u00fcrlerin ruh halleri aras\u0131ndaki ili\u015fkiyi anlamak, eserin g\u00fcc\u00fcn\u00fc anlamada yard\u0131mc\u0131 olur. \u0130sa&#8217;n\u0131n fig\u00fcr\u00fcn\u00fcn merkezdeki konumu, Tanr\u0131&#8217;n\u0131n y\u00fcceli\u011fini simgelerken, \u00e7evresindeki havarilerin konumlar\u0131, insan\u0131n zay\u0131fl\u0131\u011f\u0131n\u0131 ve do\u011fas\u0131n\u0131 anlat\u0131r. Leonardo\u2019nun insan psikolojisini detayl\u0131 bir bi\u00e7imde ele almas\u0131, tabloyu sadece bir dini sahne olmaktan \u00f6teye ta\u015f\u0131r, bir insanl\u0131k durumunu g\u00f6zler \u00f6n\u00fcne serer.<\/p>\n\n\n\n<p>Eserin izleyiciye verdi\u011fi mesajlar aras\u0131nda ihanet, sadakat, umut ve insan\u0131n i\u00e7sel m\u00fccadeleleri bulunur. Bu tabloyu inceledik\u00e7e sanat\u00e7\u0131lar\u0131n duygusal derinli\u011fi nas\u0131l yakalad\u0131\u011f\u0131n\u0131 daha iyi kavrayabilir ve eserin sadece bir resim olmad\u0131\u011f\u0131n\u0131, bir anlam y\u00fck\u00fc ta\u015f\u0131d\u0131\u011f\u0131n\u0131 hissedebilirsiniz. Sanat\u0131n g\u00fcc\u00fc, tarihsel bir olay\u0131 aktarmaktan \u00f6teye ge\u00e7er. \u0130zleyiciye zaman\u0131n \u00f6tesinde bir yolculuk vadeder.&nbsp;<\/p>\n\n\n\n<h2 id=\"leonardo-da-vincinin-son-aksam-yemegi-tablosu-hangi-sirlari-barindiriyor\" class=\"wp-block-heading\">Leonardo da Vinci&#8217;nin Son Ak\u015fam Yeme\u011fi Tablosu Hangi S\u0131rlar\u0131 Bar\u0131nd\u0131r\u0131yor?<\/h2>\n\n\n\n<p>Tarih boyunca sanat\u00e7\u0131n\u0131n niyetleri ve tablonun i\u00e7erdi\u011fi sembolizm \u00fczerine bir\u00e7ok teori geli\u015ftirilmi\u015ftir. Bir\u00e7ok ki\u015fi, tabloyu inceledik\u00e7e farkl\u0131 anlamlar ve gizemli unsurlar ke\u015ffetmi\u015f ve bu ke\u015fifler de eserin \u00e7ekicili\u011fini art\u0131rm\u0131\u015ft\u0131r. \u00d6rne\u011fin, \u0130sa&#8217;n\u0131n sa\u011f\u0131nda yer alan havarinin kimli\u011fi hakk\u0131nda tart\u0131\u015fmalar s\u00fcrer. Kimileri, bu fig\u00fcr\u00fcn asl\u0131nda bir kad\u0131n oldu\u011funu yani \u0130sa\u2019n\u0131n kad\u0131n bir takip\u00e7isi oldu\u011funu iddia etmi\u015ftir. \u0130lgili teori, tablonun gizemli y\u00f6nlerini daha da derinle\u015ftiren bir tart\u0131\u015fma yaratm\u0131\u015ft\u0131r.<\/p>\n\n\n\n<p>Bir ba\u015fka ilgin\u00e7 \u00f6zellik de tablonun geometrik d\u00fczenidir. Leonardo&#8217;nun matematiksel hesaplamalarla, fig\u00fcrlerin ve nesnelerin birbirleriyle olan oranlar\u0131n\u0131 m\u00fckemmel bir \u015fekilde uyumlu hale getirdi\u011fi g\u00f6zlemlenmi\u015ftir. \u00d6zellikle \u0130sa\u2019n\u0131n etraf\u0131ndaki d\u00f6rt gruptaki fig\u00fcrlerin d\u00fczeni, alt\u0131n oran vb. di\u011fer matematiksel ilkelere dayan\u0131r. Leonardo\u2019nun bilimle sanat aras\u0131ndaki derin ba\u011flant\u0131y\u0131 ke\u015ffetmesi, eserinin gizemini bir kat daha y\u00fckseltir.&nbsp;<\/p>\n\n\n\n<h2 id=\"son-aksam-yemegi-tablosu-mucevher-tasarimina-nasil-ilham-veriyor\" class=\"wp-block-heading\">Son Ak\u015fam Yeme\u011fi Tablosu M\u00fccevher Tasar\u0131m\u0131na Nas\u0131l \u0130lham Veriyor?<\/h2>\n\n\n\n<p>Leonardo da Vinci\u2019nin Son Ak\u015fam Yeme\u011fi tablosu, Hristiyanl\u0131k inanc\u0131n\u0131n \u00f6nemli bir an\u0131n\u0131 yans\u0131t\u0131r. \u0130sa&#8217;n\u0131n havarilerine, ihanetin yakla\u015ft\u0131\u011f\u0131n\u0131 a\u00e7\u0131klad\u0131\u011f\u0131 o an\u0131 betimler. Bu tablonun g\u00fcc\u00fc, sadece dini bir mesaj ta\u015f\u0131maktan \u00f6te, insan\u0131n i\u00e7sel d\u00fcnyas\u0131na dair derin duygusal yans\u0131malar sunmas\u0131nda yatar. \u0130sa&#8217;n\u0131n \u201cBeni ihanet edecek biri var\u201d s\u00f6zlerinin ard\u0131ndan havarilerin \u015fa\u015fk\u0131n bak\u0131\u015flar\u0131, duygusal bir yo\u011funluk yarat\u0131r. Tablo, bu duygu yo\u011funlu\u011funu yans\u0131tan fig\u00fcrleriyle, insan\u0131n i\u00e7sel karma\u015fas\u0131na dair g\u00fc\u00e7l\u00fc bir g\u00f6rsel anlat\u0131m sunar.<\/p>\n\n\n\n<p>Tablodaki her fig\u00fcr, benzersiz bir duygusal tepkiyle \u00e7izilmi\u015ftir. Havarilerin verdikleri tepkiler, bireysel ki\u015filiklerin bir yans\u0131mas\u0131d\u0131r. Da Vinci, insan ruhunun \u00e7e\u015fitlili\u011fini ve derinli\u011fini iyi \u015fekilde i\u015flerken, izleyiciyi eserin i\u00e7ine \u00e7eker. Her bir fig\u00fcrdeki farkl\u0131 duygusal ifadeler, tablonun anlam\u0131n\u0131 daha da derinle\u015ftirir. \u0130sa\u2019n\u0131n sab\u0131rl\u0131 duru\u015fu, ona ihanet edenlerin karars\u0131zl\u0131k ve korkular\u0131n\u0131 vurgular.&nbsp;<\/p>\n\n\n\n<p>Tablonun genel kompozisyonu da anlam katmanlar\u0131n\u0131 art\u0131r\u0131r. \u0130sa&#8217;n\u0131n etraf\u0131ndaki fig\u00fcrlerin yerle\u015fimi gerek sembolik gerekti\u011finde de geometrik a\u00e7\u0131dan dikkatlice d\u00fczenlenmi\u015ftir. Leonardo\u2019nun bilimsel bilgi ve sanatsal ustal\u0131\u011f\u0131n\u0131 birle\u015ftirerek ortaya \u00e7\u0131kard\u0131\u011f\u0131 eser, yaln\u0131zca dini bir sahne de\u011fil, bir insanl\u0131k durumunun yans\u0131mas\u0131d\u0131r.&nbsp;<\/p>\n\n\n\n<h2 id=\"mucevherin-zamansizligi-leonardo-da-vincinin-sanat-anlayisiyla-nasil-ortusuyor\" class=\"wp-block-heading\">M\u00fccevherin Zamans\u0131zl\u0131\u011f\u0131 Leonardo Da Vinci\u2019nin Sanat Anlay\u0131\u015f\u0131yla Nas\u0131l \u00d6rt\u00fc\u015f\u00fcyor?<\/h2>\n\n\n\n<p>Son Ak\u015fam Yeme\u011fi tablosunun detaylar\u0131 ve kompozisyonu, m\u00fccevher tasar\u0131m\u0131na ilham veren \u00f6\u011feler sunar. Tabloyu inceledik\u00e7e, fig\u00fcrlerin d\u00fczenindeki simetri ve denge, m\u00fccevherdeki tasar\u0131m unsurlar\u0131n\u0131 etkileyebilir. \u0130sa\u2019n\u0131n etraf\u0131ndaki havariler aras\u0131ndaki dinamik ili\u015fkiler, tasar\u0131mc\u0131lar\u0131 bir arada \u00e7al\u0131\u015fan unsurlar\u0131 dengelemeye te\u015fvik eder. Her fig\u00fcr\u00fcn farkl\u0131 bir pozisyonda olmas\u0131, m\u00fccevherde farkl\u0131 ta\u015flar\u0131n ya da metal t\u00fcrlerinin uyumlu \u015fekilde birle\u015ftirilmesine ilham verir. \u0130lgili yakla\u015f\u0131m, tasar\u0131mlarda estetik dengeyi sa\u011flamak ad\u0131na \u00f6nemli bir yol g\u00f6sterici olabilir.<\/p>\n\n\n\n<p>Tablodaki \u0131\u015f\u0131k ve g\u00f6lge oyunlar\u0131, m\u00fccevher tasar\u0131m\u0131nda \u0131\u015f\u0131\u011f\u0131n nas\u0131l oyun oynayaca\u011f\u0131na dair fikirler verir. Da Vinci\u2019nin ustaca kulland\u0131\u011f\u0131 \u0131\u015f\u0131k efektleri, m\u00fccevherlerde de ta\u015flar\u0131n ve metallerin yans\u0131mas\u0131n\u0131 dikkatlice planlamay\u0131 gerektirir. I\u015f\u0131\u011f\u0131n yans\u0131mas\u0131 ve ta\u015flar\u0131n par\u0131lt\u0131s\u0131, tasar\u0131mda estetik bir derinlik olu\u015fturur. Her bir fig\u00fcr\u00fcn etraf\u0131ndaki \u0131\u015f\u0131k ve g\u00f6lge kontrast\u0131, <a href=\"https:\/\/www.sochic.com\/kolye-c-1\" target=\"_blank\" rel=\"noreferrer noopener\">g\u00fcm\u00fc\u015f kolye<\/a>, ta\u015f, m\u00fccevherde ta\u015flar\u0131n farkl\u0131 a\u00e7\u0131lardan nas\u0131l g\u00f6r\u00fcnece\u011fi konusunda ilham kayna\u011f\u0131 olabilir.<\/p>\n\n\n\n<p>Son Ak\u015fam Yeme\u011fi tablosundaki sembolizm, m\u00fccevher tasar\u0131m\u0131na y\u00f6nelik anlaml\u0131 yorumlar sunar. \u0130sa\u2019n\u0131n merkezi konumu, bir m\u00fccevherin tasar\u0131m\u0131nda ta\u015f\u0131n ana odak noktas\u0131n\u0131n nas\u0131l yerle\u015ftirilece\u011fine dair bir \u00f6neri olu\u015fturur. M\u00fccevherlerde ta\u015flar\u0131n d\u00fczenlenmesi odak noktas\u0131n\u0131n belirlenmesi gibi \u00f6\u011feler, tablodaki yerle\u015fim d\u00fczeninden esinlenebilir. E\u011fer bir <a href=\"https:\/\/www.sochic.com\/altin-c-13\" target=\"_blank\" rel=\"noreferrer noopener\">alt\u0131n kolye<\/a> m\u00fccevher tasar\u0131m\u0131nda anlam ve estetik aras\u0131nda denge kurmak istiyorsan\u0131z, Leonardo\u2019nun tablosu size yol g\u00f6sterir.<\/p>\n\n\n\n<h2 id=\"son-aksam-yemegindeki-semboller-mucevher-dunyasinda-nasil-yorumlaniyor\" class=\"wp-block-heading\">Son Ak\u015fam Yeme\u011fi\u2019ndeki Semboller M\u00fccevher D\u00fcnyas\u0131nda Nas\u0131l Yorumlan\u0131yor?<\/h2>\n\n\n\n<p>Leonardo da Vinci&#8217;nin sanat anlay\u0131\u015f\u0131, zamans\u0131zl\u0131\u011f\u0131n \u00f6z\u00fcd\u00fcr ve bu \u00f6zellik m\u00fccevher tasar\u0131mlar\u0131nda da kendini g\u00f6sterir. Sanat\u00e7\u0131n\u0131n eserleri, zaman\u0131n \u00f6tesine ge\u00e7erek farkl\u0131 d\u00f6nemlere hitap edebilir. T\u0131pk\u0131 Da Vinci\u2019nin Son Ak\u015fam Yeme\u011fi tablosunda oldu\u011fu gibi, m\u00fccevherler de ge\u00e7mi\u015ften g\u00fcn\u00fcm\u00fcze, estetik ve fonksiyonellik aras\u0131nda denge kurar. Tabloda zamans\u0131z bir anlat\u0131m bulunur. Her fig\u00fcr, kendi zaman\u0131nda ya\u015fad\u0131\u011f\u0131 duygusal yo\u011funlu\u011fu yans\u0131t\u0131r. M\u00fccevherler de benzer \u015fekilde, tarih boyunca farkl\u0131 k\u00fclt\u00fcrlerde estetik de\u011fer ta\u015f\u0131y\u0131p, s\u00fcrekli olarak de\u011ferini korur. Bu iki alan, estetik bir anlay\u0131\u015fla birle\u015ferek zamans\u0131z bir g\u00fczellik yarat\u0131r.<\/p>\n\n\n\n<figure class=\"wp-block-image size-large\"><img  loading=\"lazy\"  decoding=\"async\"  width=\"1160\"  height=\"653\"  src=\"data:image\/png;base64,iVBORw0KGgoAAAANSUhEUgAABIgAAAKNAQMAAABx\/8IJAAAAA1BMVEUAAP+KeNJXAAAAAXRSTlMAQObYZgAAAAlwSFlzAAAOxAAADsQBlSsOGwAAAHNJREFUeNrtwTEBAAAAwqD1T20ND6AAAAAAAAAAAAAAAAAAAAAAAAAAAAAAAAAAAAAAAAAAAAAAAAAAAAAAAAAAAAAAAAAAAAAAAAAAAAAAAAAAAAAAAAAAAAAAAAAAAAAAAAAAAAAAAAAAAAAAAAAAAPgwdHkAAc7CT7QAAAAASUVORK5CYII=\"  alt=\"\"  class=\"wp-image-3492 pk-lazyload\"  data-pk-sizes=\"auto\"  data-ls-sizes=\"(max-width: 1160px) 100vw, 1160px\"  data-pk-src=\"https:\/\/www.sochic.com\/blog\/wp-content\/uploads\/2025\/03\/Leonardo-Da-Vinci-Son-Aksam-Yemegi-Tablosu-1160x653.jpg\"  data-pk-srcset=\"https:\/\/www.sochic.com\/blog\/wp-content\/uploads\/2025\/03\/Leonardo-Da-Vinci-Son-Aksam-Yemegi-Tablosu-1160x653.jpg 1160w, https:\/\/www.sochic.com\/blog\/wp-content\/uploads\/2025\/03\/Leonardo-Da-Vinci-Son-Aksam-Yemegi-Tablosu-800x450.jpg 800w, https:\/\/www.sochic.com\/blog\/wp-content\/uploads\/2025\/03\/Leonardo-Da-Vinci-Son-Aksam-Yemegi-Tablosu-1536x864.jpg 1536w, https:\/\/www.sochic.com\/blog\/wp-content\/uploads\/2025\/03\/Leonardo-Da-Vinci-Son-Aksam-Yemegi-Tablosu-120x68.jpg 120w, https:\/\/www.sochic.com\/blog\/wp-content\/uploads\/2025\/03\/Leonardo-Da-Vinci-Son-Aksam-Yemegi-Tablosu-90x51.jpg 90w, https:\/\/www.sochic.com\/blog\/wp-content\/uploads\/2025\/03\/Leonardo-Da-Vinci-Son-Aksam-Yemegi-Tablosu-320x180.jpg 320w, https:\/\/www.sochic.com\/blog\/wp-content\/uploads\/2025\/03\/Leonardo-Da-Vinci-Son-Aksam-Yemegi-Tablosu-560x315.jpg 560w, https:\/\/www.sochic.com\/blog\/wp-content\/uploads\/2025\/03\/Leonardo-Da-Vinci-Son-Aksam-Yemegi-Tablosu.jpg 1920w\" ><\/figure>\n\n\n\n<p>Da Vinci\u2019nin eserlerindeki simetri, denge ve detay, m\u00fccevher tasar\u0131m\u0131nda da s\u0131kl\u0131kla kar\u015f\u0131n\u0131za \u00e7\u0131kar. Sanat\u00e7\u0131n\u0131n fig\u00fcrlerin yerle\u015fimiyle yaratt\u0131\u011f\u0131 uyum, bir m\u00fccevherin tasar\u0131m\u0131nda ta\u015flar\u0131n ve metallerin nas\u0131l bir araya gelece\u011fini y\u00f6nlendirebilir. Di\u011fer yandan Da Vinci\u2019nin eserlerinde bulunan derin sembolizm <a href=\"https:\/\/www.sochic.com\/taki-seti-c-7\" target=\"_blank\" rel=\"noreferrer noopener\">tak\u0131 seti<\/a> ile m\u00fccevher tasar\u0131mc\u0131lar\u0131 i\u00e7in g\u00fc\u00e7l\u00fc bir ilham kayna\u011f\u0131d\u0131r. Tablolardaki anlam y\u00fckl\u00fc detaylar, m\u00fccevherlerin tasar\u0131m\u0131nda bir hikaye anlatma amac\u0131n\u0131 ta\u015f\u0131r. M\u00fccevherler, t\u0131pk\u0131 sanat eserleri gibi her bir tasar\u0131mda farkl\u0131 bir anlam bar\u0131nd\u0131r\u0131r.<\/p>\n\n\n\n<h2 id=\"leonardo-da-vincinin-estetik-anlayisi-modern-mucevher-tasarimlarini-nasil-etkiliyor\" class=\"wp-block-heading\">Leonardo Da Vinci\u2019nin Estetik Anlay\u0131\u015f\u0131 Modern M\u00fccevher Tasar\u0131mlar\u0131n\u0131 Nas\u0131l Etkiliyor?<\/h2>\n\n\n\n<p>Son Ak\u015fam Yeme\u011fi tablosundaki semboller, m\u00fccevher d\u00fcnyas\u0131nda g\u00fc\u00e7l\u00fc anlamlar ta\u015f\u0131r. Tabloda yer alan fig\u00fcrlerin her biri, belirli bir duyguyu ya da insanl\u0131k durumunu yans\u0131t\u0131r ve bu semboller, m\u00fccevher tasar\u0131m\u0131na ilham verir. \u00d6zellikle, \u0130sa&#8217;n\u0131n merkezdeki konumu ve etraf\u0131ndaki fig\u00fcrlerin s\u0131ralan\u0131\u015f\u0131, bir m\u00fccevherdeki ta\u015flar\u0131n yerle\u015ftirilmesiyle benzerlik g\u00f6sterir. M\u00fccevher tasar\u0131m\u0131nda, merkezdeki ta\u015f ya da fig\u00fcr, odak noktas\u0131 olarak tasarlan\u0131r ve etraf\u0131ndaki unsurlar bu odak noktas\u0131na odaklan\u0131r. \u0130lgili denge, eserin anlam\u0131n\u0131 derinle\u015ftirerek estetik de\u011fer yarat\u0131r.<\/p>\n\n\n\n<p>Tablodaki \u0131\u015f\u0131k ve g\u00f6lge kullan\u0131m\u0131, <a href=\"https:\/\/www.sochic.com\/dogal-tasli-kolye-c-1005\" target=\"_blank\" rel=\"noreferrer noopener\">do\u011fal ta\u015fl\u0131 kolye<\/a> modelinin m\u00fccevherdeki par\u0131lt\u0131s\u0131n\u0131 tasarlarken dikkate al\u0131nabilir. Her bir fig\u00fcr, \u0131\u015f\u0131k alt\u0131nda farkl\u0131 bir \u015fekilde yans\u0131r. Bu durum ta\u015flar\u0131n yans\u0131mas\u0131n\u0131 \u00f6zel \u015fekilde ifade etmek i\u00e7in bir ipucu olur. I\u015f\u0131\u011f\u0131n farkl\u0131 a\u00e7\u0131lardan ta\u015flar\u0131 nas\u0131l ayd\u0131nlataca\u011f\u0131na dair anlay\u0131\u015f, m\u00fccevher tasar\u0131mc\u0131lar\u0131n\u0131n yarat\u0131c\u0131 s\u00fcre\u00e7lerinde \u00f6nemli bir rol \u00fcstlenir. Son Ak\u015fam Yeme\u011fi\u2019nde oldu\u011fu gibi g\u00f6lge aras\u0131ndaki denge, m\u00fccevherin g\u00f6z al\u0131c\u0131 bir \u015fekilde parlamas\u0131na katk\u0131 verir.&nbsp;<\/p>\n","protected":false},"excerpt":{"rendered":"<p>Leonardo Da Vinci\u2019nin Son Ak\u015fam Yeme\u011fi tablosu, sanat d\u00fcnyas\u0131nda y\u00fczy\u0131llar boyu iz b\u0131rakan \u00f6nemli bir eser olarak derin anlamlar ve detaylarla doludur. Tablo, sadece bir dini sahneyi betimlemekle kalmaz, insan&hellip;<\/p>\n","protected":false},"author":2,"featured_media":3493,"comment_status":"open","ping_status":"open","sticky":false,"template":"","format":"standard","meta":{"footnotes":""},"categories":[12],"tags":[],"powerkit_post_featured":[],"class_list":{"0":"post-3488","1":"post","2":"type-post","3":"status-publish","4":"format-standard","5":"has-post-thumbnail","7":"category-faydali-bilgiler"},"yoast_head":"<title>Leonardo Da Vinci Son Ak\u015fam Yeme\u011fi Tablosu ve M\u00fccevherin Zamans\u0131zl\u0131\u011f\u0131 | So CHIC...<\/title>\n<meta name=\"description\" content=\"Leonardo Da Vinci\u2019nin Son Ak\u015fam Yeme\u011fi tablosu, sanat d\u00fcnyas\u0131nda y\u00fczy\u0131llar boyu iz b\u0131rakan \u00f6nemli bir eser olarak derin anlamlar ve detaylarla doludur. | Leonardo Da Vinci Son Ak\u015fam Yeme\u011fi Tablosu ve M\u00fccevherin Zamans\u0131zl\u0131\u011f\u0131 Leonardo Da Vinci\u2019nin Son Ak\u015fam Yeme\u011fi tablosu, sanat d\u00fcnyas\u0131nda y\u00fczy\u0131llar boyu iz b\u0131rakan \u00f6nemli bir eser olarak derin anlamlar ve detaylarla doludur.\" \/>\n<meta name=\"robots\" content=\"index, follow, max-snippet:-1, max-image-preview:large, max-video-preview:-1\" \/>\n<link rel=\"canonical\" href=\"https:\/\/www.sochic.com\/blog\/leonardo-da-vinci-son-aksam-yemegi-tablosu-ve-mucevherin-zamansizligi\" \/>\n<meta property=\"og:locale\" content=\"tr_TR\" \/>\n<meta property=\"og:type\" content=\"article\" \/>\n<meta property=\"og:title\" content=\"Leonardo Da Vinci Son Ak\u015fam Yeme\u011fi Tablosu ve M\u00fccevherin Zamans\u0131zl\u0131\u011f\u0131 | So CHIC...\" \/>\n<meta property=\"og:description\" content=\"Leonardo Da Vinci\u2019nin Son Ak\u015fam Yeme\u011fi tablosu, sanat d\u00fcnyas\u0131nda y\u00fczy\u0131llar boyu iz b\u0131rakan \u00f6nemli bir eser olarak derin anlamlar ve detaylarla doludur. | Leonardo Da Vinci Son Ak\u015fam Yeme\u011fi Tablosu ve M\u00fccevherin Zamans\u0131zl\u0131\u011f\u0131 Leonardo Da Vinci\u2019nin Son Ak\u015fam Yeme\u011fi tablosu, sanat d\u00fcnyas\u0131nda y\u00fczy\u0131llar boyu iz b\u0131rakan \u00f6nemli bir eser olarak derin anlamlar ve detaylarla doludur.\" \/>\n<meta property=\"og:url\" content=\"https:\/\/www.sochic.com\/blog\/leonardo-da-vinci-son-aksam-yemegi-tablosu-ve-mucevherin-zamansizligi\" \/>\n<meta property=\"og:site_name\" content=\"So CHIC...\" \/>\n<meta property=\"article:publisher\" content=\"https:\/\/www.facebook.com\/SoCHICGlobal\" \/>\n<meta property=\"article:published_time\" content=\"2025-03-07T06:31:54+00:00\" \/>\n<meta property=\"article:modified_time\" content=\"2026-03-05T14:28:12+00:00\" \/>\n<meta property=\"og:image\" content=\"https:\/\/www.sochic.com\/blog\/wp-content\/uploads\/2025\/03\/Leonardo-Da-Vinci-Son-Aksam-Yemegi-Tablosu-1.jpg\" \/>\n\t<meta property=\"og:image:width\" content=\"1920\" \/>\n\t<meta property=\"og:image:height\" content=\"1080\" \/>\n\t<meta property=\"og:image:type\" content=\"image\/jpeg\" \/>\n<meta name=\"author\" content=\"So CHIC...\" \/>\n<meta name=\"twitter:card\" content=\"summary_large_image\" \/>\n<meta name=\"twitter:creator\" content=\"@SochicGlobal\" \/>\n<meta name=\"twitter:site\" content=\"@SochicGlobal\" \/>\n<script type=\"application\/ld+json\" class=\"yoast-schema-graph\">{\"@context\":\"https:\/\/schema.org\",\"@graph\":[{\"@type\":[\"Article\",\"BlogPosting\"],\"@id\":\"https:\/\/www.sochic.com\/blog\/leonardo-da-vinci-son-aksam-yemegi-tablosu-ve-mucevherin-zamansizligi#article\",\"isPartOf\":{\"@id\":\"https:\/\/www.sochic.com\/blog\/leonardo-da-vinci-son-aksam-yemegi-tablosu-ve-mucevherin-zamansizligi\"},\"author\":{\"name\":\"So CHIC...\",\"@id\":\"https:\/\/www.sochic.com\/blog\/#\/schema\/person\/217ac4906bdabe9ce9dc8568969acfdf\"},\"headline\":\"Leonardo Da Vinci Son Ak\u015fam Yeme\u011fi Tablosu ve M\u00fccevherin Zamans\u0131zl\u0131\u011f\u0131\",\"datePublished\":\"2025-03-07T06:31:54+00:00\",\"dateModified\":\"2026-03-05T14:28:12+00:00\",\"mainEntityOfPage\":{\"@id\":\"https:\/\/www.sochic.com\/blog\/leonardo-da-vinci-son-aksam-yemegi-tablosu-ve-mucevherin-zamansizligi\"},\"wordCount\":1660,\"commentCount\":0,\"publisher\":{\"@id\":\"https:\/\/www.sochic.com\/blog\/#organization\"},\"image\":{\"@id\":\"https:\/\/www.sochic.com\/blog\/leonardo-da-vinci-son-aksam-yemegi-tablosu-ve-mucevherin-zamansizligi#primaryimage\"},\"thumbnailUrl\":\"https:\/\/www.sochic.com\/blog\/wp-content\/uploads\/2025\/03\/Leonardo-Da-Vinci-Son-Aksam-Yemegi-Tablosu-1.jpg\",\"articleSection\":[\"Faydal\u0131 Bilgiler\"],\"inLanguage\":\"tr\",\"potentialAction\":[{\"@type\":\"CommentAction\",\"name\":\"Comment\",\"target\":[\"https:\/\/www.sochic.com\/blog\/leonardo-da-vinci-son-aksam-yemegi-tablosu-ve-mucevherin-zamansizligi#respond\"]}]},{\"@type\":\"WebPage\",\"@id\":\"https:\/\/www.sochic.com\/blog\/leonardo-da-vinci-son-aksam-yemegi-tablosu-ve-mucevherin-zamansizligi\",\"url\":\"https:\/\/www.sochic.com\/blog\/leonardo-da-vinci-son-aksam-yemegi-tablosu-ve-mucevherin-zamansizligi\",\"name\":\"Leonardo Da Vinci Son Ak\u015fam Yeme\u011fi Tablosu ve M\u00fccevherin Zamans\u0131zl\u0131\u011f\u0131 | So CHIC...\",\"isPartOf\":{\"@id\":\"https:\/\/www.sochic.com\/blog\/#website\"},\"primaryImageOfPage\":{\"@id\":\"https:\/\/www.sochic.com\/blog\/leonardo-da-vinci-son-aksam-yemegi-tablosu-ve-mucevherin-zamansizligi#primaryimage\"},\"image\":{\"@id\":\"https:\/\/www.sochic.com\/blog\/leonardo-da-vinci-son-aksam-yemegi-tablosu-ve-mucevherin-zamansizligi#primaryimage\"},\"thumbnailUrl\":\"https:\/\/www.sochic.com\/blog\/wp-content\/uploads\/2025\/03\/Leonardo-Da-Vinci-Son-Aksam-Yemegi-Tablosu-1.jpg\",\"datePublished\":\"2025-03-07T06:31:54+00:00\",\"dateModified\":\"2026-03-05T14:28:12+00:00\",\"description\":\"Leonardo Da Vinci\u2019nin Son Ak\u015fam Yeme\u011fi tablosu, sanat d\u00fcnyas\u0131nda y\u00fczy\u0131llar boyu iz b\u0131rakan \u00f6nemli bir eser olarak derin anlamlar ve detaylarla doludur. | Leonardo Da Vinci Son Ak\u015fam Yeme\u011fi Tablosu ve M\u00fccevherin Zamans\u0131zl\u0131\u011f\u0131 Leonardo Da Vinci\u2019nin Son Ak\u015fam Yeme\u011fi tablosu, sanat d\u00fcnyas\u0131nda y\u00fczy\u0131llar boyu iz b\u0131rakan \u00f6nemli bir eser olarak derin anlamlar ve detaylarla doludur.\",\"breadcrumb\":{\"@id\":\"https:\/\/www.sochic.com\/blog\/leonardo-da-vinci-son-aksam-yemegi-tablosu-ve-mucevherin-zamansizligi#breadcrumb\"},\"inLanguage\":\"tr\",\"potentialAction\":[{\"@type\":\"ReadAction\",\"target\":[\"https:\/\/www.sochic.com\/blog\/leonardo-da-vinci-son-aksam-yemegi-tablosu-ve-mucevherin-zamansizligi\"]}]},{\"@type\":\"ImageObject\",\"inLanguage\":\"tr\",\"@id\":\"https:\/\/www.sochic.com\/blog\/leonardo-da-vinci-son-aksam-yemegi-tablosu-ve-mucevherin-zamansizligi#primaryimage\",\"url\":\"https:\/\/www.sochic.com\/blog\/wp-content\/uploads\/2025\/03\/Leonardo-Da-Vinci-Son-Aksam-Yemegi-Tablosu-1.jpg\",\"contentUrl\":\"https:\/\/www.sochic.com\/blog\/wp-content\/uploads\/2025\/03\/Leonardo-Da-Vinci-Son-Aksam-Yemegi-Tablosu-1.jpg\",\"width\":1920,\"height\":1080,\"caption\":\"Leonardo Da Vinci Son Ak\u015fam Yeme\u011fi Tablosu ve M\u00fccevherin Zamans\u0131zl\u0131\u011f\u0131\"},{\"@type\":\"BreadcrumbList\",\"@id\":\"https:\/\/www.sochic.com\/blog\/leonardo-da-vinci-son-aksam-yemegi-tablosu-ve-mucevherin-zamansizligi#breadcrumb\",\"itemListElement\":[{\"@type\":\"ListItem\",\"position\":1,\"name\":\"Anasayfa\",\"item\":\"https:\/\/www.sochic.com\/blog\/\"},{\"@type\":\"ListItem\",\"position\":2,\"name\":\"Faydal\u0131 Bilgiler\",\"item\":\"https:\/\/www.sochic.com\/blog\/faydali-bilgiler\"},{\"@type\":\"ListItem\",\"position\":3,\"name\":\"Leonardo Da Vinci Son Ak\u015fam Yeme\u011fi Tablosu ve M\u00fccevherin Zamans\u0131zl\u0131\u011f\u0131\"}]},{\"@type\":\"WebSite\",\"@id\":\"https:\/\/www.sochic.com\/blog\/#website\",\"url\":\"https:\/\/www.sochic.com\/blog\/\",\"name\":\"So CHIC...\",\"description\":\"So CHIC Blog\",\"publisher\":{\"@id\":\"https:\/\/www.sochic.com\/blog\/#organization\"},\"alternateName\":\"So CHIC\",\"potentialAction\":[{\"@type\":\"SearchAction\",\"target\":{\"@type\":\"EntryPoint\",\"urlTemplate\":\"https:\/\/www.sochic.com\/blog\/?s={search_term_string}\"},\"query-input\":{\"@type\":\"PropertyValueSpecification\",\"valueRequired\":true,\"valueName\":\"search_term_string\"}}],\"inLanguage\":\"tr\"},{\"@type\":\"Organization\",\"@id\":\"https:\/\/www.sochic.com\/blog\/#organization\",\"name\":\"So CHIC...\",\"alternateName\":\"So CHIC\",\"url\":\"https:\/\/www.sochic.com\/blog\/\",\"logo\":{\"@type\":\"ImageObject\",\"inLanguage\":\"tr\",\"@id\":\"https:\/\/www.sochic.com\/blog\/#\/schema\/logo\/image\/\",\"url\":\"https:\/\/sochic.com\/blog\/wp-content\/uploads\/2022\/11\/sochic-facebook-logo.png\",\"contentUrl\":\"https:\/\/sochic.com\/blog\/wp-content\/uploads\/2022\/11\/sochic-facebook-logo.png\",\"width\":800,\"height\":800,\"caption\":\"So CHIC...\"},\"image\":{\"@id\":\"https:\/\/www.sochic.com\/blog\/#\/schema\/logo\/image\/\"},\"sameAs\":[\"https:\/\/www.facebook.com\/SoCHICGlobal\",\"https:\/\/x.com\/SochicGlobal\",\"https:\/\/www.instagram.com\/sochicofficial\/\",\"https:\/\/www.youtube.com\/user\/SoCHICGlobal\"]},{\"@type\":\"Person\",\"@id\":\"https:\/\/www.sochic.com\/blog\/#\/schema\/person\/217ac4906bdabe9ce9dc8568969acfdf\",\"name\":\"So CHIC...\",\"image\":{\"@type\":\"ImageObject\",\"inLanguage\":\"tr\",\"@id\":\"https:\/\/www.sochic.com\/blog\/#\/schema\/person\/image\/\",\"url\":\"https:\/\/secure.gravatar.com\/avatar\/84475e064453b1a507b62af79954a400?s=96&d=mm&r=g\",\"contentUrl\":\"https:\/\/secure.gravatar.com\/avatar\/84475e064453b1a507b62af79954a400?s=96&d=mm&r=g\",\"caption\":\"So CHIC...\"},\"sameAs\":[\"http:\/\/www.sochic.com\"]}]}<\/script>","yoast_head_json":{"title":"Leonardo Da Vinci Son Ak\u015fam Yeme\u011fi Tablosu ve M\u00fccevherin Zamans\u0131zl\u0131\u011f\u0131 | So CHIC...","description":"Leonardo Da Vinci\u2019nin Son Ak\u015fam Yeme\u011fi tablosu, sanat d\u00fcnyas\u0131nda y\u00fczy\u0131llar boyu iz b\u0131rakan \u00f6nemli bir eser olarak derin anlamlar ve detaylarla doludur. | Leonardo Da Vinci Son Ak\u015fam Yeme\u011fi Tablosu ve M\u00fccevherin Zamans\u0131zl\u0131\u011f\u0131 Leonardo Da Vinci\u2019nin Son Ak\u015fam Yeme\u011fi tablosu, sanat d\u00fcnyas\u0131nda y\u00fczy\u0131llar boyu iz b\u0131rakan \u00f6nemli bir eser olarak derin anlamlar ve detaylarla doludur.","robots":{"index":"index","follow":"follow","max-snippet":"max-snippet:-1","max-image-preview":"max-image-preview:large","max-video-preview":"max-video-preview:-1"},"canonical":"https:\/\/www.sochic.com\/blog\/leonardo-da-vinci-son-aksam-yemegi-tablosu-ve-mucevherin-zamansizligi","og_locale":"tr_TR","og_type":"article","og_title":"Leonardo Da Vinci Son Ak\u015fam Yeme\u011fi Tablosu ve M\u00fccevherin Zamans\u0131zl\u0131\u011f\u0131 | So CHIC...","og_description":"Leonardo Da Vinci\u2019nin Son Ak\u015fam Yeme\u011fi tablosu, sanat d\u00fcnyas\u0131nda y\u00fczy\u0131llar boyu iz b\u0131rakan \u00f6nemli bir eser olarak derin anlamlar ve detaylarla doludur. | Leonardo Da Vinci Son Ak\u015fam Yeme\u011fi Tablosu ve M\u00fccevherin Zamans\u0131zl\u0131\u011f\u0131 Leonardo Da Vinci\u2019nin Son Ak\u015fam Yeme\u011fi tablosu, sanat d\u00fcnyas\u0131nda y\u00fczy\u0131llar boyu iz b\u0131rakan \u00f6nemli bir eser olarak derin anlamlar ve detaylarla doludur.","og_url":"https:\/\/www.sochic.com\/blog\/leonardo-da-vinci-son-aksam-yemegi-tablosu-ve-mucevherin-zamansizligi","og_site_name":"So CHIC...","article_publisher":"https:\/\/www.facebook.com\/SoCHICGlobal","article_published_time":"2025-03-07T06:31:54+00:00","article_modified_time":"2026-03-05T14:28:12+00:00","og_image":[{"width":1920,"height":1080,"url":"https:\/\/www.sochic.com\/blog\/wp-content\/uploads\/2025\/03\/Leonardo-Da-Vinci-Son-Aksam-Yemegi-Tablosu-1.jpg","type":"image\/jpeg"}],"author":"So CHIC...","twitter_card":"summary_large_image","twitter_creator":"@SochicGlobal","twitter_site":"@SochicGlobal","schema":{"@context":"https:\/\/schema.org","@graph":[{"@type":["Article","BlogPosting"],"@id":"https:\/\/www.sochic.com\/blog\/leonardo-da-vinci-son-aksam-yemegi-tablosu-ve-mucevherin-zamansizligi#article","isPartOf":{"@id":"https:\/\/www.sochic.com\/blog\/leonardo-da-vinci-son-aksam-yemegi-tablosu-ve-mucevherin-zamansizligi"},"author":{"name":"So CHIC...","@id":"https:\/\/www.sochic.com\/blog\/#\/schema\/person\/217ac4906bdabe9ce9dc8568969acfdf"},"headline":"Leonardo Da Vinci Son Ak\u015fam Yeme\u011fi Tablosu ve M\u00fccevherin Zamans\u0131zl\u0131\u011f\u0131","datePublished":"2025-03-07T06:31:54+00:00","dateModified":"2026-03-05T14:28:12+00:00","mainEntityOfPage":{"@id":"https:\/\/www.sochic.com\/blog\/leonardo-da-vinci-son-aksam-yemegi-tablosu-ve-mucevherin-zamansizligi"},"wordCount":1660,"commentCount":0,"publisher":{"@id":"https:\/\/www.sochic.com\/blog\/#organization"},"image":{"@id":"https:\/\/www.sochic.com\/blog\/leonardo-da-vinci-son-aksam-yemegi-tablosu-ve-mucevherin-zamansizligi#primaryimage"},"thumbnailUrl":"https:\/\/www.sochic.com\/blog\/wp-content\/uploads\/2025\/03\/Leonardo-Da-Vinci-Son-Aksam-Yemegi-Tablosu-1.jpg","articleSection":["Faydal\u0131 Bilgiler"],"inLanguage":"tr","potentialAction":[{"@type":"CommentAction","name":"Comment","target":["https:\/\/www.sochic.com\/blog\/leonardo-da-vinci-son-aksam-yemegi-tablosu-ve-mucevherin-zamansizligi#respond"]}]},{"@type":"WebPage","@id":"https:\/\/www.sochic.com\/blog\/leonardo-da-vinci-son-aksam-yemegi-tablosu-ve-mucevherin-zamansizligi","url":"https:\/\/www.sochic.com\/blog\/leonardo-da-vinci-son-aksam-yemegi-tablosu-ve-mucevherin-zamansizligi","name":"Leonardo Da Vinci Son Ak\u015fam Yeme\u011fi Tablosu ve M\u00fccevherin Zamans\u0131zl\u0131\u011f\u0131 | So CHIC...","isPartOf":{"@id":"https:\/\/www.sochic.com\/blog\/#website"},"primaryImageOfPage":{"@id":"https:\/\/www.sochic.com\/blog\/leonardo-da-vinci-son-aksam-yemegi-tablosu-ve-mucevherin-zamansizligi#primaryimage"},"image":{"@id":"https:\/\/www.sochic.com\/blog\/leonardo-da-vinci-son-aksam-yemegi-tablosu-ve-mucevherin-zamansizligi#primaryimage"},"thumbnailUrl":"https:\/\/www.sochic.com\/blog\/wp-content\/uploads\/2025\/03\/Leonardo-Da-Vinci-Son-Aksam-Yemegi-Tablosu-1.jpg","datePublished":"2025-03-07T06:31:54+00:00","dateModified":"2026-03-05T14:28:12+00:00","description":"Leonardo Da Vinci\u2019nin Son Ak\u015fam Yeme\u011fi tablosu, sanat d\u00fcnyas\u0131nda y\u00fczy\u0131llar boyu iz b\u0131rakan \u00f6nemli bir eser olarak derin anlamlar ve detaylarla doludur. | Leonardo Da Vinci Son Ak\u015fam Yeme\u011fi Tablosu ve M\u00fccevherin Zamans\u0131zl\u0131\u011f\u0131 Leonardo Da Vinci\u2019nin Son Ak\u015fam Yeme\u011fi tablosu, sanat d\u00fcnyas\u0131nda y\u00fczy\u0131llar boyu iz b\u0131rakan \u00f6nemli bir eser olarak derin anlamlar ve detaylarla doludur.","breadcrumb":{"@id":"https:\/\/www.sochic.com\/blog\/leonardo-da-vinci-son-aksam-yemegi-tablosu-ve-mucevherin-zamansizligi#breadcrumb"},"inLanguage":"tr","potentialAction":[{"@type":"ReadAction","target":["https:\/\/www.sochic.com\/blog\/leonardo-da-vinci-son-aksam-yemegi-tablosu-ve-mucevherin-zamansizligi"]}]},{"@type":"ImageObject","inLanguage":"tr","@id":"https:\/\/www.sochic.com\/blog\/leonardo-da-vinci-son-aksam-yemegi-tablosu-ve-mucevherin-zamansizligi#primaryimage","url":"https:\/\/www.sochic.com\/blog\/wp-content\/uploads\/2025\/03\/Leonardo-Da-Vinci-Son-Aksam-Yemegi-Tablosu-1.jpg","contentUrl":"https:\/\/www.sochic.com\/blog\/wp-content\/uploads\/2025\/03\/Leonardo-Da-Vinci-Son-Aksam-Yemegi-Tablosu-1.jpg","width":1920,"height":1080,"caption":"Leonardo Da Vinci Son Ak\u015fam Yeme\u011fi Tablosu ve M\u00fccevherin Zamans\u0131zl\u0131\u011f\u0131"},{"@type":"BreadcrumbList","@id":"https:\/\/www.sochic.com\/blog\/leonardo-da-vinci-son-aksam-yemegi-tablosu-ve-mucevherin-zamansizligi#breadcrumb","itemListElement":[{"@type":"ListItem","position":1,"name":"Anasayfa","item":"https:\/\/www.sochic.com\/blog\/"},{"@type":"ListItem","position":2,"name":"Faydal\u0131 Bilgiler","item":"https:\/\/www.sochic.com\/blog\/faydali-bilgiler"},{"@type":"ListItem","position":3,"name":"Leonardo Da Vinci Son Ak\u015fam Yeme\u011fi Tablosu ve M\u00fccevherin Zamans\u0131zl\u0131\u011f\u0131"}]},{"@type":"WebSite","@id":"https:\/\/www.sochic.com\/blog\/#website","url":"https:\/\/www.sochic.com\/blog\/","name":"So CHIC...","description":"So CHIC Blog","publisher":{"@id":"https:\/\/www.sochic.com\/blog\/#organization"},"alternateName":"So CHIC","potentialAction":[{"@type":"SearchAction","target":{"@type":"EntryPoint","urlTemplate":"https:\/\/www.sochic.com\/blog\/?s={search_term_string}"},"query-input":{"@type":"PropertyValueSpecification","valueRequired":true,"valueName":"search_term_string"}}],"inLanguage":"tr"},{"@type":"Organization","@id":"https:\/\/www.sochic.com\/blog\/#organization","name":"So CHIC...","alternateName":"So CHIC","url":"https:\/\/www.sochic.com\/blog\/","logo":{"@type":"ImageObject","inLanguage":"tr","@id":"https:\/\/www.sochic.com\/blog\/#\/schema\/logo\/image\/","url":"https:\/\/sochic.com\/blog\/wp-content\/uploads\/2022\/11\/sochic-facebook-logo.png","contentUrl":"https:\/\/sochic.com\/blog\/wp-content\/uploads\/2022\/11\/sochic-facebook-logo.png","width":800,"height":800,"caption":"So CHIC..."},"image":{"@id":"https:\/\/www.sochic.com\/blog\/#\/schema\/logo\/image\/"},"sameAs":["https:\/\/www.facebook.com\/SoCHICGlobal","https:\/\/x.com\/SochicGlobal","https:\/\/www.instagram.com\/sochicofficial\/","https:\/\/www.youtube.com\/user\/SoCHICGlobal"]},{"@type":"Person","@id":"https:\/\/www.sochic.com\/blog\/#\/schema\/person\/217ac4906bdabe9ce9dc8568969acfdf","name":"So CHIC...","image":{"@type":"ImageObject","inLanguage":"tr","@id":"https:\/\/www.sochic.com\/blog\/#\/schema\/person\/image\/","url":"https:\/\/secure.gravatar.com\/avatar\/84475e064453b1a507b62af79954a400?s=96&d=mm&r=g","contentUrl":"https:\/\/secure.gravatar.com\/avatar\/84475e064453b1a507b62af79954a400?s=96&d=mm&r=g","caption":"So CHIC..."},"sameAs":["http:\/\/www.sochic.com"]}]}},"_links":{"self":[{"href":"https:\/\/www.sochic.com\/blog\/wp-json\/wp\/v2\/posts\/3488"}],"collection":[{"href":"https:\/\/www.sochic.com\/blog\/wp-json\/wp\/v2\/posts"}],"about":[{"href":"https:\/\/www.sochic.com\/blog\/wp-json\/wp\/v2\/types\/post"}],"author":[{"embeddable":true,"href":"https:\/\/www.sochic.com\/blog\/wp-json\/wp\/v2\/users\/2"}],"replies":[{"embeddable":true,"href":"https:\/\/www.sochic.com\/blog\/wp-json\/wp\/v2\/comments?post=3488"}],"version-history":[{"count":4,"href":"https:\/\/www.sochic.com\/blog\/wp-json\/wp\/v2\/posts\/3488\/revisions"}],"predecessor-version":[{"id":5883,"href":"https:\/\/www.sochic.com\/blog\/wp-json\/wp\/v2\/posts\/3488\/revisions\/5883"}],"wp:featuredmedia":[{"embeddable":true,"href":"https:\/\/www.sochic.com\/blog\/wp-json\/wp\/v2\/media\/3493"}],"wp:attachment":[{"href":"https:\/\/www.sochic.com\/blog\/wp-json\/wp\/v2\/media?parent=3488"}],"wp:term":[{"taxonomy":"category","embeddable":true,"href":"https:\/\/www.sochic.com\/blog\/wp-json\/wp\/v2\/categories?post=3488"},{"taxonomy":"post_tag","embeddable":true,"href":"https:\/\/www.sochic.com\/blog\/wp-json\/wp\/v2\/tags?post=3488"},{"taxonomy":"powerkit_post_featured","embeddable":true,"href":"https:\/\/www.sochic.com\/blog\/wp-json\/wp\/v2\/powerkit_post_featured?post=3488"}],"curies":[{"name":"wp","href":"https:\/\/api.w.org\/{rel}","templated":true}]}}