{"id":3497,"date":"2025-03-07T09:47:24","date_gmt":"2025-03-07T06:47:24","guid":{"rendered":"https:\/\/www.sochic.com\/blog\/?p=3497"},"modified":"2026-03-16T15:37:31","modified_gmt":"2026-03-16T12:37:31","slug":"cakra-nedir-cakra-renkleri-anlamlari-ve-ozellikleri","status":"publish","type":"post","link":"https:\/\/www.sochic.com\/blog\/cakra-nedir-cakra-renkleri-anlamlari-ve-ozellikleri","title":{"rendered":"\u00c7akra Nedir? \u00c7akra Renkleri, Anlamlar\u0131 ve \u00d6zellikleri"},"content":{"rendered":"\n<p><strong>\u00c7akra<\/strong>, bedenimizin enerji merkezlerini ifade eden ve hem fiziksel hem de ruhsal dengeyi sa\u011flayan \u00f6nemli noktalard\u0131r. Binlerce y\u0131ld\u0131r meditasyon, yoga ve alternatif tedavi y\u00f6ntemlerinde kullan\u0131lan \u00e7akra kavram\u0131; ki\u015fisel geli\u015fimden sa\u011fl\u0131k alan\u0131na kadar geni\u015f bir yelpazede etkili kabul ediliyor. Bu yaz\u0131m\u0131zda <strong>\u00e7akra nedir<\/strong> sorusuna cevap arayarak; \u00e7akra renkleri, anlamlar\u0131 ve \u00f6zelliklerini detayl\u0131 bir bi\u00e7imde inceleyece\u011fiz.<\/p>\n\n\n\n<h2 id=\"cakra-nedir-ve-bedenimizde-nasil-calisir\" class=\"wp-block-heading\">\u00c7akra Nedir ve Bedenimizde Nas\u0131l \u00c7al\u0131\u015f\u0131r?<\/h2>\n\n\n\n<p>\u00c7akra, Sanskrit\u00e7e &#8220;tekerlek&#8221; anlam\u0131na gelir ve bedenimizdeki enerji ak\u0131\u015f\u0131n\u0131n merkezleri olarak kabul edilir. Her \u00e7akra, belirli bir v\u00fccut b\u00f6lgesiyle ili\u015fkilendirilir ve fiziksel, duygusal ve zihinsel durumlar\u0131m\u0131z \u00fczerinde derin etkiler b\u0131rak\u0131r. \u00c7akralar\u0131n d\u00fczg\u00fcn \u00e7al\u0131\u015fmas\u0131 bedenimizdeki enerji ak\u0131\u015f\u0131n\u0131n engellenmemesi ve serbest\u00e7e dola\u015fabilmesi anlam\u0131na gelir. Bu da ya\u015fam kalitemizi do\u011frudan etkiler.<\/p>\n\n\n\n<p>Bedenimizde yedi ana \u00e7akra bulunur: k\u00f6k, sakral, solar pleksus, kalp, bo\u011faz, \u00fc\u00e7\u00fcnc\u00fc g\u00f6z ve ta\u00e7 \u00e7akras\u0131. Her biri farkl\u0131 renkler, semboller ve elementlerle temsil edilir. \u00d6rne\u011fin; k\u00f6k \u00e7akras\u0131 k\u0131rm\u0131z\u0131 ile, kalp \u00e7akras\u0131 ise ye\u015fil veya pembe tonlar\u0131yla ili\u015fkilendirilir. Bu \u00e7akralar, enerjimizin dengede olmas\u0131n\u0131 sa\u011flayarak, fiziksel sa\u011fl\u0131\u011f\u0131m\u0131z\u0131 ve ruhsal huzurumuzu korur. D\u00fczenli meditasyon ve yoga prati\u011fi ile \u00e7akralar\u0131n a\u00e7\u0131lmas\u0131, engellerin kald\u0131r\u0131lmas\u0131 ve enerji ak\u0131\u015f\u0131n\u0131n sa\u011flanmas\u0131 m\u00fcmk\u00fcnd\u00fcr.<\/p>\n\n\n\n<figure class=\"wp-block-gallery has-nested-images columns-default is-cropped wp-block-gallery-1 is-layout-flex wp-block-gallery-is-layout-flex\">\n<figure class=\"wp-block-image size-large\"><img  loading=\"lazy\"  decoding=\"async\"  width=\"1160\"  height=\"1739\"  data-id=\"6010\"  src=\"data:image\/png;base64,iVBORw0KGgoAAAANSUhEUgAABIgAAAbLAQMAAABcsQ9rAAAAA1BMVEUAAP+KeNJXAAAAAXRSTlMAQObYZgAAAAlwSFlzAAAOxAAADsQBlSsOGwAAAQ1JREFUeNrtwYEAAAAAw6D5U1\/gCFUBAAAAAAAAAAAAAAAAAAAAAAAAAAAAAAAAAAAAAAAAAAAAAAAAAAAAAAAAAAAAAAAAAAAAAAAAAAAAAAAAAAAAAAAAAAAAAAAAAAAAAAAAAAAAAAAAAAAAAAAAAAAAAAAAAAAAAAAAAAAAAAAAAAAAAAAAAAAAAAAAAAAAAAAAAAAAAAAAAAAAAAAAAAAAAAAAAAAAAAAAAAAAAAAAAAAAAAAAAAAAAAAAAAAAAAAAAAAAAAAAAAAAAAAAAAAAAAAAAAAAAAAAAAAAAAAAAAAAAAAAAAAAAAAAAAAAAAAAAAAAAAAAAAAAAAAAAAAAAAAAAAAAAAA8A9\/zAAFMW\/ErAAAAAElFTkSuQmCC\"  alt=\"\"  class=\"wp-image-6010 pk-lazyload\"  data-pk-sizes=\"auto\"  data-ls-sizes=\"(max-width: 1160px) 100vw, 1160px\"  data-pk-src=\"https:\/\/www.sochic.com\/blog\/wp-content\/uploads\/2025\/03\/07310020499-1_4-1-1160x1739.webp\"  data-pk-srcset=\"https:\/\/www.sochic.com\/blog\/wp-content\/uploads\/2025\/03\/07310020499-1_4-1-1160x1739.webp 1160w, https:\/\/www.sochic.com\/blog\/wp-content\/uploads\/2025\/03\/07310020499-1_4-1-800x1199.webp 800w, https:\/\/www.sochic.com\/blog\/wp-content\/uploads\/2025\/03\/07310020499-1_4-1-1025x1536.webp 1025w, https:\/\/www.sochic.com\/blog\/wp-content\/uploads\/2025\/03\/07310020499-1_4-1-120x180.webp 120w, https:\/\/www.sochic.com\/blog\/wp-content\/uploads\/2025\/03\/07310020499-1_4-1-90x135.webp 90w, https:\/\/www.sochic.com\/blog\/wp-content\/uploads\/2025\/03\/07310020499-1_4-1-320x480.webp 320w, https:\/\/www.sochic.com\/blog\/wp-content\/uploads\/2025\/03\/07310020499-1_4-1-560x840.webp 560w, https:\/\/www.sochic.com\/blog\/wp-content\/uploads\/2025\/03\/07310020499-1_4-1.webp 1200w\" ><figcaption class=\"wp-element-caption\">incelemek i\u00e7in <a href=\"https:\/\/www.sochic.com\/p-ikizler-burcu-18-ayar-beyaz-altin-kaplama-ayarlanabilir-unisex-gumus-bileklik-07310020499\" target=\"_blank\" rel=\"noreferrer noopener\">t\u0131klay\u0131n\u0131z!<\/a><\/figcaption><\/figure>\n\n\n\n<figure class=\"wp-block-image size-large\"><img  loading=\"lazy\"  decoding=\"async\"  width=\"1160\"  height=\"1738\"  data-id=\"6009\"  src=\"data:image\/png;base64,iVBORw0KGgoAAAANSUhEUgAABIgAAAbKAQMAAACX7dzOAAAAA1BMVEUAAP+KeNJXAAAAAXRSTlMAQObYZgAAAAlwSFlzAAAOxAAADsQBlSsOGwAAAQ1JREFUeNrtwTEBAAAAwqD1T20ND6AAAAAAAAAAAAAAAAAAAAAAAAAAAAAAAAAAAAAAAAAAAAAAAAAAAAAAAAAAAAAAAAAAAAAAAAAAAAAAAAAAAAAAAAAAAAAAAAAAAAAAAAAAAAAAAAAAAAAAAAAAAAAAAAAAAAAAAAAAAAAAAAAAAAAAAAAAAAAAAAAAAAAAAAAAAAAAAAAAAAAAAAAAAAAAAAAAAAAAAAAAAAAAAAAAAAAAAAAAAAAAAAAAAAAAAAAAAAAAAAAAAAAAAAAAAAAAAAAAAAAAAAAAAAAAAAAAAAAAAAAAAAAAAAAAAAAAAAAAAAAAAAAAAAAAAAAAAAAAAAAAAAAAAIAHA99hAAFIa+hwAAAAAElFTkSuQmCC\"  alt=\"\"  class=\"wp-image-6009 pk-lazyload\"  data-pk-sizes=\"auto\"  data-ls-sizes=\"(max-width: 1160px) 100vw, 1160px\"  data-pk-src=\"https:\/\/www.sochic.com\/blog\/wp-content\/uploads\/2025\/03\/07310420444-1-2-1160x1738.webp\"  data-pk-srcset=\"https:\/\/www.sochic.com\/blog\/wp-content\/uploads\/2025\/03\/07310420444-1-2-1160x1738.webp 1160w, https:\/\/www.sochic.com\/blog\/wp-content\/uploads\/2025\/03\/07310420444-1-2-800x1199.webp 800w, https:\/\/www.sochic.com\/blog\/wp-content\/uploads\/2025\/03\/07310420444-1-2-1025x1536.webp 1025w, https:\/\/www.sochic.com\/blog\/wp-content\/uploads\/2025\/03\/07310420444-1-2-120x180.webp 120w, https:\/\/www.sochic.com\/blog\/wp-content\/uploads\/2025\/03\/07310420444-1-2-90x135.webp 90w, https:\/\/www.sochic.com\/blog\/wp-content\/uploads\/2025\/03\/07310420444-1-2-320x479.webp 320w, https:\/\/www.sochic.com\/blog\/wp-content\/uploads\/2025\/03\/07310420444-1-2-560x839.webp 560w, https:\/\/www.sochic.com\/blog\/wp-content\/uploads\/2025\/03\/07310420444-1-2.webp 1200w\" ><figcaption class=\"wp-element-caption\">incelemek i\u00e7in <a href=\"https:\/\/www.sochic.com\/p-ikizler-burcu-18-ayar-sari-altin-kaplama-45-cm-gumus-kolye-07310420444\" target=\"_blank\" rel=\"noreferrer noopener\">t\u0131klay\u0131n\u0131z!<\/a><\/figcaption><\/figure>\n\n\n\n<figure class=\"wp-block-image size-large\"><img  loading=\"lazy\"  decoding=\"async\"  width=\"1160\"  height=\"1740\"  data-id=\"6011\"  src=\"data:image\/png;base64,iVBORw0KGgoAAAANSUhEUgAABIgAAAbMAQMAAABBtD\/TAAAAA1BMVEUAAP+KeNJXAAAAAXRSTlMAQObYZgAAAAlwSFlzAAAOxAAADsQBlSsOGwAAAQ1JREFUeNrtwQENAAAAwqD3T20ON6AAAAAAAAAAAAAAAAAAAAAAAAAAAAAAAAAAAAAAAAAAAAAAAAAAAAAAAAAAAAAAAAAAAAAAAAAAAAAAAAAAAAAAAAAAAAAAAAAAAAAAAAAAAAAAAAAAAAAAAAAAAAAAAAAAAAAAAAAAAAAAAAAAAAAAAAAAAAAAAAAAAAAAAAAAAAAAAAAAAAAAAAAAAAAAAAAAAAAAAAAAAAAAAAAAAAAAAAAAAAAAAAAAAAAAAAAAAAAAAAAAAAAAAAAAAAAAAAAAAAAAAAAAAAAAAAAAAAAAAAAAAAAAAAAAAAAAAAAAAAAAAAAAAAAAAAAAAAAAAAAAAAAAAAA+DOCFAAEUI01yAAAAAElFTkSuQmCC\"  alt=\"\"  class=\"wp-image-6011 pk-lazyload\"  data-pk-sizes=\"auto\"  data-ls-sizes=\"(max-width: 1160px) 100vw, 1160px\"  data-pk-src=\"https:\/\/www.sochic.com\/blog\/wp-content\/uploads\/2025\/03\/terazi1-1160x1740.webp\"  data-pk-srcset=\"https:\/\/www.sochic.com\/blog\/wp-content\/uploads\/2025\/03\/terazi1-1160x1740.webp 1160w, https:\/\/www.sochic.com\/blog\/wp-content\/uploads\/2025\/03\/terazi1-800x1200.webp 800w, https:\/\/www.sochic.com\/blog\/wp-content\/uploads\/2025\/03\/terazi1-1024x1536.webp 1024w, https:\/\/www.sochic.com\/blog\/wp-content\/uploads\/2025\/03\/terazi1-120x180.webp 120w, https:\/\/www.sochic.com\/blog\/wp-content\/uploads\/2025\/03\/terazi1-90x135.webp 90w, https:\/\/www.sochic.com\/blog\/wp-content\/uploads\/2025\/03\/terazi1-320x480.webp 320w, https:\/\/www.sochic.com\/blog\/wp-content\/uploads\/2025\/03\/terazi1-560x840.webp 560w, https:\/\/www.sochic.com\/blog\/wp-content\/uploads\/2025\/03\/terazi1.webp 1200w\" ><figcaption class=\"wp-element-caption\">incelemek i\u00e7in <a href=\"https:\/\/www.sochic.com\/p-terazi-burcu-18-ayar-sari-altin-kaplama-20-cm-gumus-bileklik-07310269344\" target=\"_blank\" rel=\"noreferrer noopener\">t\u0131klay\u0131n\u0131z!<\/a><\/figcaption><\/figure>\n<\/figure>\n\n\n\n<h2 id=\"cakranin-ozellikleri-nelerdir\" class=\"wp-block-heading\">\u00c7akran\u0131n \u00d6zellikleri Nelerdir?<\/h2>\n\n\n\n<p>Her \u00e7akra kendine has \u00f6zelliklere ve fonksiyonlara sahiptir. K\u00f6k \u00e7akras\u0131; hayatta kalma g\u00fcc\u00fc, g\u00fcven ve istikrarla ili\u015fkilendirilirken, sakral \u00e7akra; yarat\u0131c\u0131l\u0131k, cinsellik ve duygusal dengeyi temsil eder. Solar pleksus \u00e7akras\u0131; ki\u015fisel g\u00fc\u00e7 ve \u00f6zg\u00fcvenin merkezi olarak g\u00f6r\u00fcl\u00fcrken, kalp \u00e7akras\u0131; sevgi, \u015fefkat ve ba\u011f\u0131\u015flaman\u0131n sembol\u00fcd\u00fcr. Bo\u011faz \u00e7akras\u0131 ise ileti\u015fim ve ifade yetene\u011finin merkezi olarak kabul edilir.<\/p>\n\n\n\n<p>\u00dc\u00e7\u00fcnc\u00fc g\u00f6z ve ta\u00e7 \u00e7akralar\u0131; spirit\u00fcel fark\u0131ndal\u0131k ve bilin\u00e7 seviyemizi y\u00fckseltir. Bu \u00e7akralar\u0131n dengede olmas\u0131 ya\u015fam\u0131n derin anlamlar\u0131na ula\u015fmam\u0131za yard\u0131mc\u0131 olur. \u00c7akralar ve \u00f6zellikleri konusundaki bu detayl\u0131 yap\u0131, ki\u015fisel enerjimizi optimize ederek, stres ve olumsuz duygularla ba\u015fa \u00e7\u0131kmam\u0131zda kritik rol oynar. \u00d6zellikle modern ya\u015fam\u0131n getirdi\u011fi yo\u011funluk i\u00e7inde bu enerji merkezlerini dengelemek, daha sa\u011fl\u0131kl\u0131 bir ya\u015fam s\u00fcrd\u00fcrmek i\u00e7in olduk\u00e7a \u00f6nemlidir.<\/p>\n\n\n\n<h2 id=\"cakra-renkleri-nelerdir-ve-cakra-renklerinin-anlamlari\" class=\"wp-block-heading\">\u00c7akra Renkleri Nelerdir? ve \u00c7akra Renklerinin Anlamlar\u0131<\/h2>\n\n\n\n<p>\u00c7akra renkleri, her enerji merkezinin titre\u015fim frekans\u0131n\u0131 ve enerjisini yans\u0131tan sembolik ifadelerdir. K\u00f6k \u00e7akras\u0131 i\u00e7in k\u0131rm\u0131z\u0131, sakral \u00e7akra i\u00e7in turuncu, solar pleksus i\u00e7in sar\u0131, kalp \u00e7akras\u0131 i\u00e7in ye\u015fil veya pembe, bo\u011faz \u00e7akras\u0131 i\u00e7in mavi, \u00fc\u00e7\u00fcnc\u00fc g\u00f6z \u00e7akras\u0131 i\u00e7in lacivert veya indigo ve ta\u00e7 \u00e7akras\u0131 i\u00e7in mor renkler kullan\u0131lmaktad\u0131r. Bu renkler, \u00e7akralar\u0131n enerjilerini dengelemekte ve v\u00fccudun farkl\u0131 b\u00f6lgelerinde farkl\u0131 fonksiyonlar \u00fcstlenmektedir.<\/p>\n\n\n\n<p>Renkler ayn\u0131 zamanda ruhsal ve duygusal durumlar\u0131m\u0131z\u0131 da etkiler. \u00d6rne\u011fin; mavi renk sakinlik ve huzur getirirken, sar\u0131 renk enerji ve mutluluk sa\u011flar. \u00c7akra renkleri ve anlamlar\u0131, hem bireysel enerji dengemizi kurmam\u0131za yard\u0131mc\u0131 olur hem de ya\u015fam\u0131n farkl\u0131 alanlar\u0131nda fark\u0131ndal\u0131k yarat\u0131r. Do\u011fru renklerle \u00e7evrili bir ortam olu\u015fturmak stresle ba\u015fa \u00e7\u0131kmay\u0131 kolayla\u015ft\u0131r\u0131r ve i\u00e7sel huzuru destekler. Bu ba\u011flamda \u00e7akra renklerinin anlamlar\u0131n\u0131 bilmek ki\u015fisel geli\u015fim s\u00fcrecinde \u00f6nemli bir ad\u0131m olarak kar\u015f\u0131m\u0131za \u00e7\u0131kar.<\/p>\n\n\n\n<h2 id=\"cakra-taslari-nasil-kullanilir-ve-temizlenir\" class=\"wp-block-heading\">\u00c7akra Ta\u015flar\u0131 Nas\u0131l Kullan\u0131l\u0131r ve Temizlenir?<\/h2>\n\n\n\n<p><strong>\u00c7akra ta\u015flar\u0131<\/strong>, do\u011fan\u0131n bize sundu\u011fu \u015fifa ara\u00e7lar\u0131 olarak kabul edilir. Bu ta\u015flar, enerji merkezlerimizi dengelemek ve g\u00fc\u00e7lendirmek i\u00e7in kullan\u0131l\u0131r. Do\u011fru \u00e7akra ta\u015flar\u0131 se\u00e7ildi\u011finde meditasyon, yoga ya da g\u00fcnl\u00fck ya\u015fam\u0131n stresinden uzakla\u015fmak i\u00e7in etkili birer ara\u00e7 haline gelir. Ta\u015flar\u0131n bedenimize ve \u00e7evremize olan enerjisini dengelemek i\u00e7in d\u00fczenli aral\u0131klarla temizlenmesi b\u00fcy\u00fck \u00f6nem ta\u015f\u0131r.<\/p>\n\n\n\n<p>\u00c7akra ta\u015flar\u0131n\u0131 kullan\u0131rken, ta\u015flar\u0131 v\u00fccudunuza yak\u0131n ta\u015f\u0131mak veya meditasyon s\u0131ras\u0131nda elinizde tutmak yayg\u0131n y\u00f6ntemlerdendir. Ayr\u0131ca, ev dekorasyonunda veya ofis ortam\u0131nda bu ta\u015flar\u0131 belirli noktalara yerle\u015ftirmek, \u00e7evresel enerji ak\u0131\u015f\u0131n\u0131 da olumlu y\u00f6nde etkiler. Temizlik i\u00e7in, ta\u015flar\u0131n\u0131z\u0131 do\u011fal su, ada\u00e7ay\u0131 veya ay \u0131\u015f\u0131\u011f\u0131 alt\u0131nda \u015farj etmek olduk\u00e7a etkili y\u00f6ntemlerdir. D\u00fczenli temizlik, ta\u015flar\u0131n enerjilerini yenileyerek, s\u00fcrekli pozitif bir etki sa\u011flamalar\u0131na yard\u0131mc\u0131 olur.<\/p>\n\n\n\n<h2 id=\"hangi-cakra-tasi-hangi-burc-icin-uygundur\" class=\"wp-block-heading\">Hangi \u00c7akra Ta\u015f\u0131 Hangi Bur\u00e7 \u0130\u00e7in Uygundur?<\/h2>\n\n\n\n<p>Farkl\u0131 bur\u00e7lar\u0131n kendine \u00f6zg\u00fc enerji yap\u0131lar\u0131 bulundu\u011fu i\u00e7in, \u00e7akra ta\u015flar\u0131 da ki\u015fisel astrolojik yap\u0131ya g\u00f6re se\u00e7ilebilir. \u00d6rne\u011fin; Ko\u00e7 ve Aslan gibi ate\u015f bur\u00e7lar\u0131na sahip ki\u015filer i\u00e7in turuncu veya k\u0131rm\u0131z\u0131 tonlardaki ta\u015flar daha uygun olabilir. Bu ta\u015flar, ki\u015fisel enerjiyi art\u0131r\u0131rken, \u00f6zg\u00fcven ve motivasyonu da destekler. Bo\u011fa ve Ba\u015fak gibi toprak bur\u00e7lar\u0131 ise yerden gelen enerjiyi temsil eden ye\u015fil ve kahverengi tonlar\u0131nda ta\u015flarla daha dengeli bir yap\u0131 olu\u015fturabilir.<\/p>\n\n\n\n<p>Su grubu bur\u00e7lar\u0131 i\u00e7in mavi ve mor tonlar\u0131nda ta\u015flar tercih edilirken, hava grubu bur\u00e7lar\u0131, zihin ve ileti\u015fimle ili\u015fkili olarak sar\u0131 veya a\u00e7\u0131k mavi renkli ta\u015flardan faydalanabilirler. Astrolojik yap\u0131 ile \u00e7akra ta\u015flar\u0131n\u0131n uyumu, bireyin ya\u015fam enerjisini ve ruhsal dengesini g\u00fc\u00e7lendirir. Bu uyum, do\u011fru ta\u015f se\u00e7imiyle desteklenerek ki\u015fisel geli\u015fim yolculu\u011funda \u00f6nemli bir ad\u0131m at\u0131lmas\u0131n\u0131 sa\u011flar.<\/p>\n\n\n\n<h2 id=\"so-chic-cakra-taslari-hangi-enerjileri-dengeler\" class=\"wp-block-heading\">So CHIC \u00c7akra Ta\u015flar\u0131 Hangi Enerjileri Dengeler?<\/h2>\n\n\n\n<p>So CHIC, modern tasar\u0131m ve do\u011fal \u015fifa prensiplerini birle\u015ftirerek \u00e7akra ta\u015flar\u0131n\u0131 zarif tak\u0131 setleri haline getiriyor. Bu \u00f6zel koleksiyon, hem estetik hem de fonksiyonel a\u00e7\u0131dan \u00f6zenle se\u00e7ilmi\u015f ta\u015flar\u0131 i\u00e7eriyor. <a href=\"https:\/\/www.sochic.com\/taki-seti-c-7\" target=\"_blank\" rel=\"noreferrer noopener\">So CHIC tak\u0131 seti<\/a> ile hem tarz\u0131n\u0131z\u0131 yans\u0131t\u0131r hem de enerjinizi dengeleyebilirsiniz. Markam\u0131z\u0131n \u00fcr\u00fcnleri, kaliteli malzeme kullan\u0131m\u0131yla birlikte, \u00e7akralar\u0131n dengesini sa\u011flamaya y\u00f6nelik enerji titre\u015fimlerini de destekler.<\/p>\n\n\n\n<p>So CHIC \u00fcr\u00fcnleri aras\u0131nda yer alan tasar\u0131mlar, g\u00fcn\u00fcm\u00fcz trendlerini yans\u0131tan modern \u00e7izgilerle haz\u0131rlanan aksesuarlar aras\u0131nda \u00f6ne \u00e7\u0131k\u0131yor. Ayn\u0131 zamanda <a href=\"https:\/\/www.sochic.com\/dogal-tasli-kolye-c-1005\" target=\"_blank\" rel=\"noreferrer noopener\">do\u011fal ta\u015fl\u0131 kolye modelleri<\/a> sayesinde g\u00fcnl\u00fck ya\u015fam\u0131n\u0131zda pozitif enerjiyi yan\u0131n\u0131zda ta\u015f\u0131man\u0131z m\u00fcmk\u00fcn. Markam\u0131z, <a href=\"https:\/\/www.sochic.com\/altin-c-13\" target=\"_blank\" rel=\"noreferrer noopener\">alt\u0131n \u00fcr\u00fcn modelleri<\/a> ve <a href=\"https:\/\/www.sochic.com\/kolye-c-1\" target=\"_blank\" rel=\"noreferrer noopener\">g\u00fcm\u00fc\u015f kolye modelleri<\/a> gibi se\u00e7eneklerle her zevke uygun \u015f\u0131k ve fonksiyonel tak\u0131lar sunuyor. Bu sayede hem enerji dengenizi korurken hem de stil sahibi olman\u0131n keyfini ya\u015fayabilirsiniz. Ayr\u0131ca, ev dekorasyonunuzda <a href=\"https:\/\/www.sochic.com\/editoriyal-editorun-secimi\" target=\"_blank\" rel=\"noreferrer noopener\">So Chic \u00fcr\u00fcn koleksiyonlar\u0131<\/a>ndan ilham alarak enerjinizi destekleyecek objeler tercih edebilirsiniz.<\/p>\n\n\n\n<p>So CHIC\u2019in \u00e7akra ta\u015flar\u0131, \u00f6zellikle meditasyon ve yoga gibi uygulamalarda enerjiyi art\u0131r\u0131c\u0131 etkileriyle \u00f6ne \u00e7\u0131kar. D\u00fczenli kullan\u0131m, \u00e7akralar\u0131n a\u00e7\u0131lmas\u0131 ve enerji ak\u0131\u015f\u0131n\u0131n serbest kalmas\u0131na yard\u0131mc\u0131 olur. Bu ta\u015flar, hem bireysel enerji dengesini sa\u011flamakta hem de ya\u015fam kalitesini art\u0131rmakta etkili bir rol oynar. Markam\u0131z\u0131n sundu\u011fu \u00fcr\u00fcnler, modern ya\u015fam\u0131n stresinden uzakla\u015fmak isteyenler i\u00e7in ideal bir \u015fifa kayna\u011f\u0131 olarak \u00f6ne \u00e7\u0131k\u0131yor.<\/p>\n\n\n\n<h2 id=\"cakra-enerjisi-ile-dengeli-bir-yasam\" class=\"wp-block-heading\">\u00c7akra Enerjisi ile Dengeli Bir Ya\u015fam<\/h2>\n\n\n\n<p>\u00c7akralar, bedenimizdeki enerji merkezlerini temsil eden ve ya\u015fam kalitemizi do\u011frudan etkileyen \u00f6nemli unsurlard\u0131r. Her \u00e7akran\u0131n kendine has rengi, anlam\u0131 ve \u00f6zellikleri bulunur; bu \u00f6zellikler, beden ve ruh dengesini sa\u011flamada kritik rol oynar.<br><\/p>\n\n\n\n<figure class=\"wp-block-image size-large\"><img  loading=\"lazy\"  decoding=\"async\"  width=\"1160\"  height=\"653\"  src=\"data:image\/png;base64,iVBORw0KGgoAAAANSUhEUgAABIgAAAKNAQMAAABx\/8IJAAAAA1BMVEUAAP+KeNJXAAAAAXRSTlMAQObYZgAAAAlwSFlzAAAOxAAADsQBlSsOGwAAAHNJREFUeNrtwTEBAAAAwqD1T20ND6AAAAAAAAAAAAAAAAAAAAAAAAAAAAAAAAAAAAAAAAAAAAAAAAAAAAAAAAAAAAAAAAAAAAAAAAAAAAAAAAAAAAAAAAAAAAAAAAAAAAAAAAAAAAAAAAAAAAAAAAAAAPgwdHkAAc7CT7QAAAAASUVORK5CYII=\"  alt=\"\"  class=\"wp-image-3501 pk-lazyload\"  data-pk-sizes=\"auto\"  data-ls-sizes=\"(max-width: 1160px) 100vw, 1160px\"  data-pk-src=\"https:\/\/www.sochic.com\/blog\/wp-content\/uploads\/2025\/03\/Cakra-Anlamlari-1160x653.jpg\"  data-pk-srcset=\"https:\/\/www.sochic.com\/blog\/wp-content\/uploads\/2025\/03\/Cakra-Anlamlari-1160x653.jpg 1160w, https:\/\/www.sochic.com\/blog\/wp-content\/uploads\/2025\/03\/Cakra-Anlamlari-800x450.jpg 800w, https:\/\/www.sochic.com\/blog\/wp-content\/uploads\/2025\/03\/Cakra-Anlamlari-1536x864.jpg 1536w, https:\/\/www.sochic.com\/blog\/wp-content\/uploads\/2025\/03\/Cakra-Anlamlari-120x68.jpg 120w, https:\/\/www.sochic.com\/blog\/wp-content\/uploads\/2025\/03\/Cakra-Anlamlari-90x51.jpg 90w, https:\/\/www.sochic.com\/blog\/wp-content\/uploads\/2025\/03\/Cakra-Anlamlari-320x180.jpg 320w, https:\/\/www.sochic.com\/blog\/wp-content\/uploads\/2025\/03\/Cakra-Anlamlari-560x315.jpg 560w, https:\/\/www.sochic.com\/blog\/wp-content\/uploads\/2025\/03\/Cakra-Anlamlari.jpg 1920w\" ><\/figure>\n\n\n\n<p>Meditasyon, yoga ve g\u00fcnl\u00fck rit\u00fcellerle \u00e7akralar\u0131n dengelenmesi, ki\u015fisel enerjinin art\u0131r\u0131lmas\u0131 ve stresin azalt\u0131lmas\u0131 konusunda g\u00fc\u00e7l\u00fc bir ara\u00e7t\u0131r. \u00c7akra ta\u015flar\u0131 ise bu s\u00fcreci destekleyerek, do\u011fal enerjilerle uyum i\u00e7inde ya\u015fam\u0131n\u0131z\u0131 yeniden yap\u0131land\u0131rman\u0131za yard\u0131mc\u0131 olur. So CHIC\u2019in modern tasar\u0131mlarla bulu\u015fturdu\u011fu \u00e7akra ta\u015flar\u0131, hem \u015f\u0131kl\u0131\u011f\u0131 hem de enerji dengesini bir araya getiriyor. Bu sayede kendinizi daha huzurlu, dengeli ve enerjik hissetmeniz m\u00fcmk\u00fcn oluyor.<\/p>\n\n\n\n<p>Kendi enerjinize yat\u0131r\u0131m yaparak ya\u015fam\u0131n getirdi\u011fi zorluklara kar\u015f\u0131 daha diren\u00e7li bir yap\u0131 olu\u015fturabilirsiniz. Do\u011fru \u00e7akra ta\u015flar\u0131n\u0131 se\u00e7mek, temizlemek ve d\u00fczenli olarak kullanmak, enerji merkezlerinizin a\u00e7\u0131lmas\u0131na ve ya\u015fam kalitenizin artmas\u0131na katk\u0131 sa\u011flar. Bu yolculukta, hem fiziksel hem de ruhsal sa\u011fl\u0131\u011f\u0131n\u0131z\u0131 destekleyecek uygulamalar\u0131 hayat\u0131n\u0131za entegre etmeniz b\u00fcy\u00fck \u00f6nem ta\u015f\u0131r.<\/p>\n\n\n\n<p>Her bireyin enerji yap\u0131s\u0131 farkl\u0131 oldu\u011fundan, hangi ta\u015f\u0131n sizin i\u00e7in en uygun oldu\u011funu ke\u015ffetmek ki\u015fisel bir deneyimdir. Bu s\u00fcre\u00e7te, \u00e7akra renkleri ve anlamlar\u0131n\u0131 bilmek, ki\u015fisel fark\u0131ndal\u0131\u011f\u0131n\u0131z\u0131 art\u0131r\u0131r. Astrolojik uyum ve bur\u00e7 \u00f6zelliklerine g\u00f6re ta\u015f se\u00e7imi yaparak, ya\u015fam enerjinizi daha da optimize edebilirsiniz.<\/p>\n\n\n\n<p>Sonu\u00e7 olarak, <strong>\u00e7akra nedir<\/strong> sorusunun \u00f6tesinde, \u00e7akra renkleri, anlamlar\u0131 ve \u00f6zellikleri hayat\u0131m\u0131zda b\u00fct\u00fcnsel bir enerji dengesi yaratmada \u00f6nemli bir rol oynar. So CHIC \u00c7akra Ta\u015flar\u0131 gibi modern \u00e7\u00f6z\u00fcmler, bu enerjiyi hem estetik hem de fonksiyonel a\u00e7\u0131dan destekleyerek, g\u00fcnl\u00fck ya\u015fam\u0131n\u0131zda pozitif de\u011fi\u015fiklikler yapman\u0131za olanak tan\u0131r.<\/p>\n\n\n\n<p>Dilerseniz, bu do\u011fal \u015fifa y\u00f6ntemlerini deneyimleyerek, hem ruhsal hem de fiziksel dengenizi yeniden ke\u015ffedebilirsiniz. Kendi enerjinizi dengeleyip, ya\u015fam\u0131n\u0131za yeni bir soluk getirmek i\u00e7in ad\u0131m atman\u0131n tam zaman\u0131!<\/p>\n","protected":false},"excerpt":{"rendered":"<p>\u00c7akra, bedenimizin enerji merkezlerini ifade eden ve hem fiziksel hem de ruhsal dengeyi sa\u011flayan \u00f6nemli noktalard\u0131r. Binlerce y\u0131ld\u0131r meditasyon, yoga ve alternatif tedavi y\u00f6ntemlerinde kullan\u0131lan \u00e7akra kavram\u0131; ki\u015fisel geli\u015fimden sa\u011fl\u0131k&hellip;<\/p>\n","protected":false},"author":2,"featured_media":3502,"comment_status":"open","ping_status":"open","sticky":false,"template":"","format":"standard","meta":{"footnotes":""},"categories":[12],"tags":[],"powerkit_post_featured":[],"class_list":{"0":"post-3497","1":"post","2":"type-post","3":"status-publish","4":"format-standard","5":"has-post-thumbnail","7":"category-faydali-bilgiler"},"yoast_head":"<title>\u00c7akra Nedir? \u00c7akra Renkleri, Anlamlar\u0131 ve \u00d6zellikleri | So CHIC...<\/title>\n<meta name=\"description\" content=\"\u00c7akra, bedenimizin enerji merkezlerini ifade eden ve hem fiziksel hem de ruhsal dengeyi sa\u011flayan \u00f6nemli noktalard\u0131r. Binlerce y\u0131ld\u0131r meditasyon, yoga ve | \u00c7akra Nedir? \u00c7akra Renkleri, Anlamlar\u0131 ve \u00d6zellikleri \u00c7akra nedir, \u00e7akra renkleri ve anlamlar\u0131 ile So CHIC \u00c7akra Ta\u015flar\u0131 hakk\u0131nda yaz\u0131m\u0131zdan detayl\u0131 bilgi edinin, enerji dengenizi g\u00fc\u00e7lendirin ve huzurlu ya\u015fay\u0131n!\" \/>\n<meta name=\"robots\" content=\"index, follow, max-snippet:-1, max-image-preview:large, max-video-preview:-1\" \/>\n<link rel=\"canonical\" href=\"https:\/\/www.sochic.com\/blog\/cakra-nedir-cakra-renkleri-anlamlari-ve-ozellikleri\" \/>\n<meta property=\"og:locale\" content=\"tr_TR\" \/>\n<meta property=\"og:type\" content=\"article\" \/>\n<meta property=\"og:title\" content=\"\u00c7akra Nedir? \u00c7akra Renkleri, Anlamlar\u0131 ve \u00d6zellikleri | So CHIC...\" \/>\n<meta property=\"og:description\" content=\"\u00c7akra, bedenimizin enerji merkezlerini ifade eden ve hem fiziksel hem de ruhsal dengeyi sa\u011flayan \u00f6nemli noktalard\u0131r. Binlerce y\u0131ld\u0131r meditasyon, yoga ve | \u00c7akra Nedir? \u00c7akra Renkleri, Anlamlar\u0131 ve \u00d6zellikleri \u00c7akra nedir, \u00e7akra renkleri ve anlamlar\u0131 ile So CHIC \u00c7akra Ta\u015flar\u0131 hakk\u0131nda yaz\u0131m\u0131zdan detayl\u0131 bilgi edinin, enerji dengenizi g\u00fc\u00e7lendirin ve huzurlu ya\u015fay\u0131n!\" \/>\n<meta property=\"og:url\" content=\"https:\/\/www.sochic.com\/blog\/cakra-nedir-cakra-renkleri-anlamlari-ve-ozellikleri\" \/>\n<meta property=\"og:site_name\" content=\"So CHIC...\" \/>\n<meta property=\"article:publisher\" content=\"https:\/\/www.facebook.com\/SoCHICGlobal\" \/>\n<meta property=\"article:published_time\" content=\"2025-03-07T06:47:24+00:00\" \/>\n<meta property=\"article:modified_time\" content=\"2026-03-16T12:37:31+00:00\" \/>\n<meta property=\"og:image\" content=\"https:\/\/www.sochic.com\/blog\/wp-content\/uploads\/2025\/03\/Cakra-Nedir-Cakra-Renkleri-Anlamlari-ve-Ozellikleri.jpg\" \/>\n\t<meta property=\"og:image:width\" content=\"1920\" \/>\n\t<meta property=\"og:image:height\" content=\"1080\" \/>\n\t<meta property=\"og:image:type\" content=\"image\/jpeg\" \/>\n<meta name=\"author\" content=\"So CHIC...\" \/>\n<meta name=\"twitter:card\" content=\"summary_large_image\" \/>\n<meta name=\"twitter:creator\" content=\"@SochicGlobal\" \/>\n<meta name=\"twitter:site\" content=\"@SochicGlobal\" \/>\n<script type=\"application\/ld+json\" class=\"yoast-schema-graph\">{\"@context\":\"https:\/\/schema.org\",\"@graph\":[{\"@type\":[\"Article\",\"BlogPosting\"],\"@id\":\"https:\/\/www.sochic.com\/blog\/cakra-nedir-cakra-renkleri-anlamlari-ve-ozellikleri#article\",\"isPartOf\":{\"@id\":\"https:\/\/www.sochic.com\/blog\/cakra-nedir-cakra-renkleri-anlamlari-ve-ozellikleri\"},\"author\":{\"name\":\"So CHIC...\",\"@id\":\"https:\/\/www.sochic.com\/blog\/#\/schema\/person\/217ac4906bdabe9ce9dc8568969acfdf\"},\"headline\":\"\u00c7akra Nedir? \u00c7akra Renkleri, Anlamlar\u0131 ve \u00d6zellikleri\",\"datePublished\":\"2025-03-07T06:47:24+00:00\",\"dateModified\":\"2026-03-16T12:37:31+00:00\",\"mainEntityOfPage\":{\"@id\":\"https:\/\/www.sochic.com\/blog\/cakra-nedir-cakra-renkleri-anlamlari-ve-ozellikleri\"},\"wordCount\":1612,\"commentCount\":0,\"publisher\":{\"@id\":\"https:\/\/www.sochic.com\/blog\/#organization\"},\"image\":{\"@id\":\"https:\/\/www.sochic.com\/blog\/cakra-nedir-cakra-renkleri-anlamlari-ve-ozellikleri#primaryimage\"},\"thumbnailUrl\":\"https:\/\/www.sochic.com\/blog\/wp-content\/uploads\/2025\/03\/Cakra-Nedir-Cakra-Renkleri-Anlamlari-ve-Ozellikleri.jpg\",\"articleSection\":[\"Faydal\u0131 Bilgiler\"],\"inLanguage\":\"tr\",\"potentialAction\":[{\"@type\":\"CommentAction\",\"name\":\"Comment\",\"target\":[\"https:\/\/www.sochic.com\/blog\/cakra-nedir-cakra-renkleri-anlamlari-ve-ozellikleri#respond\"]}]},{\"@type\":\"WebPage\",\"@id\":\"https:\/\/www.sochic.com\/blog\/cakra-nedir-cakra-renkleri-anlamlari-ve-ozellikleri\",\"url\":\"https:\/\/www.sochic.com\/blog\/cakra-nedir-cakra-renkleri-anlamlari-ve-ozellikleri\",\"name\":\"\u00c7akra Nedir? \u00c7akra Renkleri, Anlamlar\u0131 ve \u00d6zellikleri | So CHIC...\",\"isPartOf\":{\"@id\":\"https:\/\/www.sochic.com\/blog\/#website\"},\"primaryImageOfPage\":{\"@id\":\"https:\/\/www.sochic.com\/blog\/cakra-nedir-cakra-renkleri-anlamlari-ve-ozellikleri#primaryimage\"},\"image\":{\"@id\":\"https:\/\/www.sochic.com\/blog\/cakra-nedir-cakra-renkleri-anlamlari-ve-ozellikleri#primaryimage\"},\"thumbnailUrl\":\"https:\/\/www.sochic.com\/blog\/wp-content\/uploads\/2025\/03\/Cakra-Nedir-Cakra-Renkleri-Anlamlari-ve-Ozellikleri.jpg\",\"datePublished\":\"2025-03-07T06:47:24+00:00\",\"dateModified\":\"2026-03-16T12:37:31+00:00\",\"description\":\"\u00c7akra, bedenimizin enerji merkezlerini ifade eden ve hem fiziksel hem de ruhsal dengeyi sa\u011flayan \u00f6nemli noktalard\u0131r. Binlerce y\u0131ld\u0131r meditasyon, yoga ve | \u00c7akra Nedir? \u00c7akra Renkleri, Anlamlar\u0131 ve \u00d6zellikleri \u00c7akra nedir, \u00e7akra renkleri ve anlamlar\u0131 ile So CHIC \u00c7akra Ta\u015flar\u0131 hakk\u0131nda yaz\u0131m\u0131zdan detayl\u0131 bilgi edinin, enerji dengenizi g\u00fc\u00e7lendirin ve huzurlu ya\u015fay\u0131n!\",\"breadcrumb\":{\"@id\":\"https:\/\/www.sochic.com\/blog\/cakra-nedir-cakra-renkleri-anlamlari-ve-ozellikleri#breadcrumb\"},\"inLanguage\":\"tr\",\"potentialAction\":[{\"@type\":\"ReadAction\",\"target\":[\"https:\/\/www.sochic.com\/blog\/cakra-nedir-cakra-renkleri-anlamlari-ve-ozellikleri\"]}]},{\"@type\":\"ImageObject\",\"inLanguage\":\"tr\",\"@id\":\"https:\/\/www.sochic.com\/blog\/cakra-nedir-cakra-renkleri-anlamlari-ve-ozellikleri#primaryimage\",\"url\":\"https:\/\/www.sochic.com\/blog\/wp-content\/uploads\/2025\/03\/Cakra-Nedir-Cakra-Renkleri-Anlamlari-ve-Ozellikleri.jpg\",\"contentUrl\":\"https:\/\/www.sochic.com\/blog\/wp-content\/uploads\/2025\/03\/Cakra-Nedir-Cakra-Renkleri-Anlamlari-ve-Ozellikleri.jpg\",\"width\":1920,\"height\":1080,\"caption\":\"\u00c7akra Nedir? \u00c7akra Renkleri, Anlamlar\u0131 ve \u00d6zellikleri\"},{\"@type\":\"BreadcrumbList\",\"@id\":\"https:\/\/www.sochic.com\/blog\/cakra-nedir-cakra-renkleri-anlamlari-ve-ozellikleri#breadcrumb\",\"itemListElement\":[{\"@type\":\"ListItem\",\"position\":1,\"name\":\"Anasayfa\",\"item\":\"https:\/\/www.sochic.com\/blog\/\"},{\"@type\":\"ListItem\",\"position\":2,\"name\":\"Faydal\u0131 Bilgiler\",\"item\":\"https:\/\/www.sochic.com\/blog\/faydali-bilgiler\"},{\"@type\":\"ListItem\",\"position\":3,\"name\":\"\u00c7akra Nedir? \u00c7akra Renkleri, Anlamlar\u0131 ve \u00d6zellikleri\"}]},{\"@type\":\"WebSite\",\"@id\":\"https:\/\/www.sochic.com\/blog\/#website\",\"url\":\"https:\/\/www.sochic.com\/blog\/\",\"name\":\"So CHIC...\",\"description\":\"So CHIC Blog\",\"publisher\":{\"@id\":\"https:\/\/www.sochic.com\/blog\/#organization\"},\"alternateName\":\"So CHIC\",\"potentialAction\":[{\"@type\":\"SearchAction\",\"target\":{\"@type\":\"EntryPoint\",\"urlTemplate\":\"https:\/\/www.sochic.com\/blog\/?s={search_term_string}\"},\"query-input\":{\"@type\":\"PropertyValueSpecification\",\"valueRequired\":true,\"valueName\":\"search_term_string\"}}],\"inLanguage\":\"tr\"},{\"@type\":\"Organization\",\"@id\":\"https:\/\/www.sochic.com\/blog\/#organization\",\"name\":\"So CHIC...\",\"alternateName\":\"So CHIC\",\"url\":\"https:\/\/www.sochic.com\/blog\/\",\"logo\":{\"@type\":\"ImageObject\",\"inLanguage\":\"tr\",\"@id\":\"https:\/\/www.sochic.com\/blog\/#\/schema\/logo\/image\/\",\"url\":\"https:\/\/sochic.com\/blog\/wp-content\/uploads\/2022\/11\/sochic-facebook-logo.png\",\"contentUrl\":\"https:\/\/sochic.com\/blog\/wp-content\/uploads\/2022\/11\/sochic-facebook-logo.png\",\"width\":800,\"height\":800,\"caption\":\"So CHIC...\"},\"image\":{\"@id\":\"https:\/\/www.sochic.com\/blog\/#\/schema\/logo\/image\/\"},\"sameAs\":[\"https:\/\/www.facebook.com\/SoCHICGlobal\",\"https:\/\/x.com\/SochicGlobal\",\"https:\/\/www.instagram.com\/sochicofficial\/\",\"https:\/\/www.youtube.com\/user\/SoCHICGlobal\"]},{\"@type\":\"Person\",\"@id\":\"https:\/\/www.sochic.com\/blog\/#\/schema\/person\/217ac4906bdabe9ce9dc8568969acfdf\",\"name\":\"So CHIC...\",\"image\":{\"@type\":\"ImageObject\",\"inLanguage\":\"tr\",\"@id\":\"https:\/\/www.sochic.com\/blog\/#\/schema\/person\/image\/\",\"url\":\"https:\/\/secure.gravatar.com\/avatar\/84475e064453b1a507b62af79954a400?s=96&d=mm&r=g\",\"contentUrl\":\"https:\/\/secure.gravatar.com\/avatar\/84475e064453b1a507b62af79954a400?s=96&d=mm&r=g\",\"caption\":\"So CHIC...\"},\"sameAs\":[\"http:\/\/www.sochic.com\"]}]}<\/script>","yoast_head_json":{"title":"\u00c7akra Nedir? \u00c7akra Renkleri, Anlamlar\u0131 ve \u00d6zellikleri | So CHIC...","description":"\u00c7akra, bedenimizin enerji merkezlerini ifade eden ve hem fiziksel hem de ruhsal dengeyi sa\u011flayan \u00f6nemli noktalard\u0131r. Binlerce y\u0131ld\u0131r meditasyon, yoga ve | \u00c7akra Nedir? \u00c7akra Renkleri, Anlamlar\u0131 ve \u00d6zellikleri \u00c7akra nedir, \u00e7akra renkleri ve anlamlar\u0131 ile So CHIC \u00c7akra Ta\u015flar\u0131 hakk\u0131nda yaz\u0131m\u0131zdan detayl\u0131 bilgi edinin, enerji dengenizi g\u00fc\u00e7lendirin ve huzurlu ya\u015fay\u0131n!","robots":{"index":"index","follow":"follow","max-snippet":"max-snippet:-1","max-image-preview":"max-image-preview:large","max-video-preview":"max-video-preview:-1"},"canonical":"https:\/\/www.sochic.com\/blog\/cakra-nedir-cakra-renkleri-anlamlari-ve-ozellikleri","og_locale":"tr_TR","og_type":"article","og_title":"\u00c7akra Nedir? \u00c7akra Renkleri, Anlamlar\u0131 ve \u00d6zellikleri | So CHIC...","og_description":"\u00c7akra, bedenimizin enerji merkezlerini ifade eden ve hem fiziksel hem de ruhsal dengeyi sa\u011flayan \u00f6nemli noktalard\u0131r. Binlerce y\u0131ld\u0131r meditasyon, yoga ve | \u00c7akra Nedir? \u00c7akra Renkleri, Anlamlar\u0131 ve \u00d6zellikleri \u00c7akra nedir, \u00e7akra renkleri ve anlamlar\u0131 ile So CHIC \u00c7akra Ta\u015flar\u0131 hakk\u0131nda yaz\u0131m\u0131zdan detayl\u0131 bilgi edinin, enerji dengenizi g\u00fc\u00e7lendirin ve huzurlu ya\u015fay\u0131n!","og_url":"https:\/\/www.sochic.com\/blog\/cakra-nedir-cakra-renkleri-anlamlari-ve-ozellikleri","og_site_name":"So CHIC...","article_publisher":"https:\/\/www.facebook.com\/SoCHICGlobal","article_published_time":"2025-03-07T06:47:24+00:00","article_modified_time":"2026-03-16T12:37:31+00:00","og_image":[{"width":1920,"height":1080,"url":"https:\/\/www.sochic.com\/blog\/wp-content\/uploads\/2025\/03\/Cakra-Nedir-Cakra-Renkleri-Anlamlari-ve-Ozellikleri.jpg","type":"image\/jpeg"}],"author":"So CHIC...","twitter_card":"summary_large_image","twitter_creator":"@SochicGlobal","twitter_site":"@SochicGlobal","schema":{"@context":"https:\/\/schema.org","@graph":[{"@type":["Article","BlogPosting"],"@id":"https:\/\/www.sochic.com\/blog\/cakra-nedir-cakra-renkleri-anlamlari-ve-ozellikleri#article","isPartOf":{"@id":"https:\/\/www.sochic.com\/blog\/cakra-nedir-cakra-renkleri-anlamlari-ve-ozellikleri"},"author":{"name":"So CHIC...","@id":"https:\/\/www.sochic.com\/blog\/#\/schema\/person\/217ac4906bdabe9ce9dc8568969acfdf"},"headline":"\u00c7akra Nedir? \u00c7akra Renkleri, Anlamlar\u0131 ve \u00d6zellikleri","datePublished":"2025-03-07T06:47:24+00:00","dateModified":"2026-03-16T12:37:31+00:00","mainEntityOfPage":{"@id":"https:\/\/www.sochic.com\/blog\/cakra-nedir-cakra-renkleri-anlamlari-ve-ozellikleri"},"wordCount":1612,"commentCount":0,"publisher":{"@id":"https:\/\/www.sochic.com\/blog\/#organization"},"image":{"@id":"https:\/\/www.sochic.com\/blog\/cakra-nedir-cakra-renkleri-anlamlari-ve-ozellikleri#primaryimage"},"thumbnailUrl":"https:\/\/www.sochic.com\/blog\/wp-content\/uploads\/2025\/03\/Cakra-Nedir-Cakra-Renkleri-Anlamlari-ve-Ozellikleri.jpg","articleSection":["Faydal\u0131 Bilgiler"],"inLanguage":"tr","potentialAction":[{"@type":"CommentAction","name":"Comment","target":["https:\/\/www.sochic.com\/blog\/cakra-nedir-cakra-renkleri-anlamlari-ve-ozellikleri#respond"]}]},{"@type":"WebPage","@id":"https:\/\/www.sochic.com\/blog\/cakra-nedir-cakra-renkleri-anlamlari-ve-ozellikleri","url":"https:\/\/www.sochic.com\/blog\/cakra-nedir-cakra-renkleri-anlamlari-ve-ozellikleri","name":"\u00c7akra Nedir? \u00c7akra Renkleri, Anlamlar\u0131 ve \u00d6zellikleri | So CHIC...","isPartOf":{"@id":"https:\/\/www.sochic.com\/blog\/#website"},"primaryImageOfPage":{"@id":"https:\/\/www.sochic.com\/blog\/cakra-nedir-cakra-renkleri-anlamlari-ve-ozellikleri#primaryimage"},"image":{"@id":"https:\/\/www.sochic.com\/blog\/cakra-nedir-cakra-renkleri-anlamlari-ve-ozellikleri#primaryimage"},"thumbnailUrl":"https:\/\/www.sochic.com\/blog\/wp-content\/uploads\/2025\/03\/Cakra-Nedir-Cakra-Renkleri-Anlamlari-ve-Ozellikleri.jpg","datePublished":"2025-03-07T06:47:24+00:00","dateModified":"2026-03-16T12:37:31+00:00","description":"\u00c7akra, bedenimizin enerji merkezlerini ifade eden ve hem fiziksel hem de ruhsal dengeyi sa\u011flayan \u00f6nemli noktalard\u0131r. Binlerce y\u0131ld\u0131r meditasyon, yoga ve | \u00c7akra Nedir? \u00c7akra Renkleri, Anlamlar\u0131 ve \u00d6zellikleri \u00c7akra nedir, \u00e7akra renkleri ve anlamlar\u0131 ile So CHIC \u00c7akra Ta\u015flar\u0131 hakk\u0131nda yaz\u0131m\u0131zdan detayl\u0131 bilgi edinin, enerji dengenizi g\u00fc\u00e7lendirin ve huzurlu ya\u015fay\u0131n!","breadcrumb":{"@id":"https:\/\/www.sochic.com\/blog\/cakra-nedir-cakra-renkleri-anlamlari-ve-ozellikleri#breadcrumb"},"inLanguage":"tr","potentialAction":[{"@type":"ReadAction","target":["https:\/\/www.sochic.com\/blog\/cakra-nedir-cakra-renkleri-anlamlari-ve-ozellikleri"]}]},{"@type":"ImageObject","inLanguage":"tr","@id":"https:\/\/www.sochic.com\/blog\/cakra-nedir-cakra-renkleri-anlamlari-ve-ozellikleri#primaryimage","url":"https:\/\/www.sochic.com\/blog\/wp-content\/uploads\/2025\/03\/Cakra-Nedir-Cakra-Renkleri-Anlamlari-ve-Ozellikleri.jpg","contentUrl":"https:\/\/www.sochic.com\/blog\/wp-content\/uploads\/2025\/03\/Cakra-Nedir-Cakra-Renkleri-Anlamlari-ve-Ozellikleri.jpg","width":1920,"height":1080,"caption":"\u00c7akra Nedir? \u00c7akra Renkleri, Anlamlar\u0131 ve \u00d6zellikleri"},{"@type":"BreadcrumbList","@id":"https:\/\/www.sochic.com\/blog\/cakra-nedir-cakra-renkleri-anlamlari-ve-ozellikleri#breadcrumb","itemListElement":[{"@type":"ListItem","position":1,"name":"Anasayfa","item":"https:\/\/www.sochic.com\/blog\/"},{"@type":"ListItem","position":2,"name":"Faydal\u0131 Bilgiler","item":"https:\/\/www.sochic.com\/blog\/faydali-bilgiler"},{"@type":"ListItem","position":3,"name":"\u00c7akra Nedir? \u00c7akra Renkleri, Anlamlar\u0131 ve \u00d6zellikleri"}]},{"@type":"WebSite","@id":"https:\/\/www.sochic.com\/blog\/#website","url":"https:\/\/www.sochic.com\/blog\/","name":"So CHIC...","description":"So CHIC Blog","publisher":{"@id":"https:\/\/www.sochic.com\/blog\/#organization"},"alternateName":"So CHIC","potentialAction":[{"@type":"SearchAction","target":{"@type":"EntryPoint","urlTemplate":"https:\/\/www.sochic.com\/blog\/?s={search_term_string}"},"query-input":{"@type":"PropertyValueSpecification","valueRequired":true,"valueName":"search_term_string"}}],"inLanguage":"tr"},{"@type":"Organization","@id":"https:\/\/www.sochic.com\/blog\/#organization","name":"So CHIC...","alternateName":"So CHIC","url":"https:\/\/www.sochic.com\/blog\/","logo":{"@type":"ImageObject","inLanguage":"tr","@id":"https:\/\/www.sochic.com\/blog\/#\/schema\/logo\/image\/","url":"https:\/\/sochic.com\/blog\/wp-content\/uploads\/2022\/11\/sochic-facebook-logo.png","contentUrl":"https:\/\/sochic.com\/blog\/wp-content\/uploads\/2022\/11\/sochic-facebook-logo.png","width":800,"height":800,"caption":"So CHIC..."},"image":{"@id":"https:\/\/www.sochic.com\/blog\/#\/schema\/logo\/image\/"},"sameAs":["https:\/\/www.facebook.com\/SoCHICGlobal","https:\/\/x.com\/SochicGlobal","https:\/\/www.instagram.com\/sochicofficial\/","https:\/\/www.youtube.com\/user\/SoCHICGlobal"]},{"@type":"Person","@id":"https:\/\/www.sochic.com\/blog\/#\/schema\/person\/217ac4906bdabe9ce9dc8568969acfdf","name":"So CHIC...","image":{"@type":"ImageObject","inLanguage":"tr","@id":"https:\/\/www.sochic.com\/blog\/#\/schema\/person\/image\/","url":"https:\/\/secure.gravatar.com\/avatar\/84475e064453b1a507b62af79954a400?s=96&d=mm&r=g","contentUrl":"https:\/\/secure.gravatar.com\/avatar\/84475e064453b1a507b62af79954a400?s=96&d=mm&r=g","caption":"So CHIC..."},"sameAs":["http:\/\/www.sochic.com"]}]}},"_links":{"self":[{"href":"https:\/\/www.sochic.com\/blog\/wp-json\/wp\/v2\/posts\/3497"}],"collection":[{"href":"https:\/\/www.sochic.com\/blog\/wp-json\/wp\/v2\/posts"}],"about":[{"href":"https:\/\/www.sochic.com\/blog\/wp-json\/wp\/v2\/types\/post"}],"author":[{"embeddable":true,"href":"https:\/\/www.sochic.com\/blog\/wp-json\/wp\/v2\/users\/2"}],"replies":[{"embeddable":true,"href":"https:\/\/www.sochic.com\/blog\/wp-json\/wp\/v2\/comments?post=3497"}],"version-history":[{"count":3,"href":"https:\/\/www.sochic.com\/blog\/wp-json\/wp\/v2\/posts\/3497\/revisions"}],"predecessor-version":[{"id":6013,"href":"https:\/\/www.sochic.com\/blog\/wp-json\/wp\/v2\/posts\/3497\/revisions\/6013"}],"wp:featuredmedia":[{"embeddable":true,"href":"https:\/\/www.sochic.com\/blog\/wp-json\/wp\/v2\/media\/3502"}],"wp:attachment":[{"href":"https:\/\/www.sochic.com\/blog\/wp-json\/wp\/v2\/media?parent=3497"}],"wp:term":[{"taxonomy":"category","embeddable":true,"href":"https:\/\/www.sochic.com\/blog\/wp-json\/wp\/v2\/categories?post=3497"},{"taxonomy":"post_tag","embeddable":true,"href":"https:\/\/www.sochic.com\/blog\/wp-json\/wp\/v2\/tags?post=3497"},{"taxonomy":"powerkit_post_featured","embeddable":true,"href":"https:\/\/www.sochic.com\/blog\/wp-json\/wp\/v2\/powerkit_post_featured?post=3497"}],"curies":[{"name":"wp","href":"https:\/\/api.w.org\/{rel}","templated":true}]}}