{"id":3769,"date":"2025-04-09T16:50:17","date_gmt":"2025-04-09T13:50:17","guid":{"rendered":"https:\/\/www.sochic.com\/blog\/?p=3769"},"modified":"2026-03-05T16:14:25","modified_gmt":"2026-03-05T13:14:25","slug":"yaz-cicekleri-nelerdir-cicek-takilar-nasil-takilir","status":"publish","type":"post","link":"https:\/\/www.sochic.com\/blog\/yaz-cicekleri-nelerdir-cicek-takilar-nasil-takilir","title":{"rendered":"Yaz \u00c7i\u00e7ekleri Nelerdir? \u00c7i\u00e7ek Tak\u0131lar Nas\u0131l Tak\u0131l\u0131r?"},"content":{"rendered":"\n<p>Yaz mevsimi, do\u011fan\u0131n en c\u00f6mert oldu\u011fu, renklerin ve kokular\u0131n en canl\u0131 haliyle bizleri b\u00fcy\u00fcledi\u011fi bir d\u00f6nemdir. Bu mevsimde a\u00e7an \u00e7i\u00e7ekler, bah\u00e7elerimizi s\u00fcslerken, onlardan ilham alan tak\u0131lar da stilimizi tamamlar. Peki, <strong>yaz\u0131n hangi \u00e7i\u00e7ekler a\u00e7ar ve bu \u00e7i\u00e7eklerden esinlenen tak\u0131lar nas\u0131l kombinlenir?<\/strong> Bu yaz\u0131m\u0131zda hem yaz \u00e7i\u00e7ekleri hakk\u0131nda bilgi verecek hem de \u00e7i\u00e7ek temal\u0131 tak\u0131lar\u0131n nas\u0131l kullan\u0131laca\u011f\u0131na dair ipu\u00e7lar\u0131 payla\u015faca\u011f\u0131z.<\/p>\n\n\n\n<h2 id=\"en-guzel-yaz-cicekleri-nelerdir\" class=\"wp-block-heading\">En G\u00fczel Yaz \u00c7i\u00e7ekleri Nelerdir?<\/h2>\n\n\n\n<p>Yaz aylar\u0131, birbirinden g\u00fczel ve renkli \u00e7i\u00e7eklerin a\u00e7t\u0131\u011f\u0131 bir d\u00f6nemdir. Bu \u00e7i\u00e7ekler, bah\u00e7elerimizi s\u00fcslerken ayn\u0131 zamanda do\u011fan\u0131n mucizesini de g\u00f6zler \u00f6n\u00fcne serer. \u0130\u015fte yaz\u0131n a\u00e7an en g\u00fczel \u00e7i\u00e7eklerden baz\u0131lar\u0131:<\/p>\n\n\n\n<ul class=\"wp-block-list\">\n<li><strong>Lavanta<\/strong>, yaz\u0131n vazge\u00e7ilmez \u00e7i\u00e7eklerinden biridir. Haziran ve A\u011fustos aylar\u0131 aras\u0131nda a\u00e7an lavantalar, hem g\u00f6r\u00fcn\u00fc\u015fleri hem de etkileyici kokular\u0131 ile dikkat \u00e7eker. Mor tonlar\u0131ndaki bu zarif \u00e7i\u00e7ekler, hem bah\u00e7eleri s\u00fcsler hem de kurutularak y\u0131l boyu kullan\u0131labilir.<\/li>\n\n\n\n<li><strong>Ay\u00e7i\u00e7e\u011fi<\/strong>, yaz mevsiminin belki de en ikonik \u00e7i\u00e7e\u011fidir. G\u00fcne\u015fe do\u011fru d\u00f6nen bu sar\u0131 g\u00fczellikler, Temmuz ve A\u011fustos aylar\u0131nda en g\u00fczel hallerini al\u0131rlar. B\u00fcy\u00fck ve g\u00f6steri\u015fli yap\u0131lar\u0131 ile bah\u00e7elere canl\u0131l\u0131k katarlar.<\/li>\n\n\n\n<li><strong>Ortanca<\/strong>, yaz bah\u00e7elerinin g\u00f6z bebe\u011fidir. Mavi, pembe, beyaz ve mor gibi \u00e7e\u015fitli renklerde a\u00e7an ortancalar, Haziran ve Eyl\u00fcl aylar\u0131 aras\u0131nda g\u00f6r\u00fclebilir. B\u00fcy\u00fck ve yuvarlak \u00e7i\u00e7ek k\u00fcmeleri ile bah\u00e7elere zarif bir hava katarlar.<\/li>\n\n\n\n<li><strong>Zambak<\/strong>, yaz\u0131n a\u00e7an en zarif \u00e7i\u00e7eklerden biridir. Beyaz, pembe, turuncu ve sar\u0131 gibi \u00e7e\u015fitli renklerde bulunurlar. Keskin ve etkileyici kokular\u0131 ile yaz bah\u00e7elerinin vazge\u00e7ilmezidir. Haziran ve A\u011fustos aras\u0131nda en g\u00fczel d\u00f6nemlerini ya\u015farlar.<\/li>\n\n\n\n<li><strong>G\u00fcl<\/strong>, her mevsimin krali\u00e7esi olmakla birlikte, yaz aylar\u0131nda \u00f6zellikle canl\u0131 ve kokulu bir hal al\u0131r. Say\u0131s\u0131z renk ve \u00e7e\u015fidiyle bah\u00e7eleri s\u00fcsleyen g\u00fcller, Haziran ve Eyl\u00fcl aras\u0131nda en verimli d\u00f6nemlerini ya\u015farlar.<\/li>\n\n\n\n<li><strong>Begonyalar<\/strong>, yaz g\u00fcne\u015fini seven ve bu mevsimde canl\u0131 renkler a\u00e7an \u00e7i\u00e7eklerdendir. K\u0131rm\u0131z\u0131, pembe, turuncu ve beyaz gibi renklerde a\u00e7an begonyalar, hem bah\u00e7eleri hem de balkonlar\u0131 s\u00fcslemek i\u00e7in idealdir.<\/li>\n\n\n\n<li><strong>Yasemin<\/strong>, yaz\u0131n a\u00e7an ve etkileyici kokusuyla bilinen bir di\u011fer \u00e7i\u00e7ektir. Beyaz k\u00fc\u00e7\u00fck \u00e7i\u00e7ekleri ile zarif bir g\u00f6r\u00fcn\u00fcme sahiptir. \u00d6zellikle ak\u015famlar\u0131 kokusu daha da yo\u011funla\u015f\u0131r ve bah\u00e7elere mistik bir hava katar.<\/li>\n<\/ul>\n\n\n\n<figure class=\"wp-block-gallery has-nested-images columns-default is-cropped wp-block-gallery-1 is-layout-flex wp-block-gallery-is-layout-flex\">\n<figure class=\"wp-block-image size-large\"><img  loading=\"lazy\"  decoding=\"async\"  width=\"1160\"  height=\"1740\"  data-id=\"3771\"  src=\"data:image\/png;base64,iVBORw0KGgoAAAANSUhEUgAABIgAAAbMAQMAAABBtD\/TAAAAA1BMVEUAAP+KeNJXAAAAAXRSTlMAQObYZgAAAAlwSFlzAAAOxAAADsQBlSsOGwAAAQ1JREFUeNrtwQENAAAAwqD3T20ON6AAAAAAAAAAAAAAAAAAAAAAAAAAAAAAAAAAAAAAAAAAAAAAAAAAAAAAAAAAAAAAAAAAAAAAAAAAAAAAAAAAAAAAAAAAAAAAAAAAAAAAAAAAAAAAAAAAAAAAAAAAAAAAAAAAAAAAAAAAAAAAAAAAAAAAAAAAAAAAAAAAAAAAAAAAAAAAAAAAAAAAAAAAAAAAAAAAAAAAAAAAAAAAAAAAAAAAAAAAAAAAAAAAAAAAAAAAAAAAAAAAAAAAAAAAAAAAAAAAAAAAAAAAAAAAAAAAAAAAAAAAAAAAAAAAAAAAAAAAAAAAAAAAAAAAAAAAAAAAAAAAAAAAAAA+DOCFAAEUI01yAAAAAElFTkSuQmCC\"  alt=\"\"  class=\"wp-image-3771 pk-lazyload\"  data-pk-sizes=\"auto\"  data-ls-sizes=\"(max-width: 1160px) 100vw, 1160px\"  data-pk-src=\"https:\/\/www.sochic.com\/blog\/wp-content\/uploads\/2025\/04\/1125620144-1160x1740.webp\"  data-pk-srcset=\"https:\/\/www.sochic.com\/blog\/wp-content\/uploads\/2025\/04\/1125620144-1160x1740.webp 1160w, https:\/\/www.sochic.com\/blog\/wp-content\/uploads\/2025\/04\/1125620144-800x1200.webp 800w, https:\/\/www.sochic.com\/blog\/wp-content\/uploads\/2025\/04\/1125620144-1024x1536.webp 1024w, https:\/\/www.sochic.com\/blog\/wp-content\/uploads\/2025\/04\/1125620144-120x180.webp 120w, https:\/\/www.sochic.com\/blog\/wp-content\/uploads\/2025\/04\/1125620144-90x135.webp 90w, https:\/\/www.sochic.com\/blog\/wp-content\/uploads\/2025\/04\/1125620144-320x480.webp 320w, https:\/\/www.sochic.com\/blog\/wp-content\/uploads\/2025\/04\/1125620144-560x840.webp 560w, https:\/\/www.sochic.com\/blog\/wp-content\/uploads\/2025\/04\/1125620144.webp 1200w\" ><figcaption class=\"wp-element-caption\">incelemek i\u00e7in <a href=\"https:\/\/www.sochic.com\/p-yasam-cicegi-18-ayar-sari-altin-kaplama-45-cm-gumus-kolye-1125620144\" target=\"_blank\" rel=\"noreferrer noopener\">t\u0131klay\u0131n\u0131z!<\/a><\/figcaption><\/figure>\n\n\n\n<figure class=\"wp-block-image size-large\"><img  loading=\"lazy\"  decoding=\"async\"  width=\"1160\"  height=\"1740\"  data-id=\"5823\"  src=\"data:image\/png;base64,iVBORw0KGgoAAAANSUhEUgAABIgAAAbMAQMAAABBtD\/TAAAAA1BMVEUAAP+KeNJXAAAAAXRSTlMAQObYZgAAAAlwSFlzAAAOxAAADsQBlSsOGwAAAQ1JREFUeNrtwQENAAAAwqD3T20ON6AAAAAAAAAAAAAAAAAAAAAAAAAAAAAAAAAAAAAAAAAAAAAAAAAAAAAAAAAAAAAAAAAAAAAAAAAAAAAAAAAAAAAAAAAAAAAAAAAAAAAAAAAAAAAAAAAAAAAAAAAAAAAAAAAAAAAAAAAAAAAAAAAAAAAAAAAAAAAAAAAAAAAAAAAAAAAAAAAAAAAAAAAAAAAAAAAAAAAAAAAAAAAAAAAAAAAAAAAAAAAAAAAAAAAAAAAAAAAAAAAAAAAAAAAAAAAAAAAAAAAAAAAAAAAAAAAAAAAAAAAAAAAAAAAAAAAAAAAAAAAAAAAAAAAAAAAAAAAAAAAAAAAAAAA+DOCFAAEUI01yAAAAAElFTkSuQmCC\"  alt=\"\"  class=\"wp-image-5823 pk-lazyload\"  data-pk-sizes=\"auto\"  data-ls-sizes=\"(max-width: 1160px) 100vw, 1160px\"  data-pk-src=\"https:\/\/www.sochic.com\/blog\/wp-content\/uploads\/2025\/04\/1034590199-1-1160x1740.webp\"  data-pk-srcset=\"https:\/\/www.sochic.com\/blog\/wp-content\/uploads\/2025\/04\/1034590199-1-1160x1740.webp 1160w, https:\/\/www.sochic.com\/blog\/wp-content\/uploads\/2025\/04\/1034590199-1-800x1200.webp 800w, https:\/\/www.sochic.com\/blog\/wp-content\/uploads\/2025\/04\/1034590199-1-1024x1536.webp 1024w, https:\/\/www.sochic.com\/blog\/wp-content\/uploads\/2025\/04\/1034590199-1-120x180.webp 120w, https:\/\/www.sochic.com\/blog\/wp-content\/uploads\/2025\/04\/1034590199-1-90x135.webp 90w, https:\/\/www.sochic.com\/blog\/wp-content\/uploads\/2025\/04\/1034590199-1-320x480.webp 320w, https:\/\/www.sochic.com\/blog\/wp-content\/uploads\/2025\/04\/1034590199-1-560x840.webp 560w, https:\/\/www.sochic.com\/blog\/wp-content\/uploads\/2025\/04\/1034590199-1.webp 1200w\" ><figcaption class=\"wp-element-caption\">incelemek i\u00e7in <a href=\"https:\/\/www.sochic.com\/p-18-ayar-beyaz-altin-kaplama-gumus-50-cm-mikail-melegi-kolye-1034590199?recommended_by=instant_search&amp;recommended_code=1034590199\" target=\"_blank\" rel=\"noreferrer noopener\">t\u0131klay\u0131n\u0131z!<\/a><\/figcaption><\/figure>\n\n\n\n<figure class=\"wp-block-image size-large\"><img  loading=\"lazy\"  decoding=\"async\"  width=\"1160\"  height=\"1740\"  data-id=\"3770\"  src=\"data:image\/png;base64,iVBORw0KGgoAAAANSUhEUgAABIgAAAbMAQMAAABBtD\/TAAAAA1BMVEUAAP+KeNJXAAAAAXRSTlMAQObYZgAAAAlwSFlzAAAOxAAADsQBlSsOGwAAAQ1JREFUeNrtwQENAAAAwqD3T20ON6AAAAAAAAAAAAAAAAAAAAAAAAAAAAAAAAAAAAAAAAAAAAAAAAAAAAAAAAAAAAAAAAAAAAAAAAAAAAAAAAAAAAAAAAAAAAAAAAAAAAAAAAAAAAAAAAAAAAAAAAAAAAAAAAAAAAAAAAAAAAAAAAAAAAAAAAAAAAAAAAAAAAAAAAAAAAAAAAAAAAAAAAAAAAAAAAAAAAAAAAAAAAAAAAAAAAAAAAAAAAAAAAAAAAAAAAAAAAAAAAAAAAAAAAAAAAAAAAAAAAAAAAAAAAAAAAAAAAAAAAAAAAAAAAAAAAAAAAAAAAAAAAAAAAAAAAAAAAAAAAAAAAAAAAA+DOCFAAEUI01yAAAAAElFTkSuQmCC\"  alt=\"\"  class=\"wp-image-3770 pk-lazyload\"  data-pk-sizes=\"auto\"  data-ls-sizes=\"(max-width: 1160px) 100vw, 1160px\"  data-pk-src=\"https:\/\/www.sochic.com\/blog\/wp-content\/uploads\/2025\/04\/1125630144-1160x1740.webp\"  data-pk-srcset=\"https:\/\/www.sochic.com\/blog\/wp-content\/uploads\/2025\/04\/1125630144-1160x1740.webp 1160w, https:\/\/www.sochic.com\/blog\/wp-content\/uploads\/2025\/04\/1125630144-800x1200.webp 800w, https:\/\/www.sochic.com\/blog\/wp-content\/uploads\/2025\/04\/1125630144-1024x1536.webp 1024w, https:\/\/www.sochic.com\/blog\/wp-content\/uploads\/2025\/04\/1125630144-120x180.webp 120w, https:\/\/www.sochic.com\/blog\/wp-content\/uploads\/2025\/04\/1125630144-90x135.webp 90w, https:\/\/www.sochic.com\/blog\/wp-content\/uploads\/2025\/04\/1125630144-320x480.webp 320w, https:\/\/www.sochic.com\/blog\/wp-content\/uploads\/2025\/04\/1125630144-560x840.webp 560w, https:\/\/www.sochic.com\/blog\/wp-content\/uploads\/2025\/04\/1125630144.webp 1200w\" ><figcaption class=\"wp-element-caption\">incelemek i\u00e7in <a href=\"https:\/\/www.sochic.com\/p-yasam-cicegi-18-ayar-sari-altin-kaplama-20-cm-gumus-bileklik-1125630144\" target=\"_blank\" rel=\"noreferrer noopener\">t\u0131klay\u0131n\u0131z!<\/a><\/figcaption><\/figure>\n<\/figure>\n\n\n\n<p>Bu yaz \u00e7i\u00e7ekleri, sadece bah\u00e7elerimizi s\u00fcslemekle kalmaz, ayn\u0131 zamanda tak\u0131 tasar\u0131mc\u0131lar\u0131na da ilham kayna\u011f\u0131 olur. \u00d6rne\u011fin; bir <a href=\"https:\/\/www.sochic.com\/kolye-c-1?tema=cicek-kolye\">\u00e7i\u00e7ek kolye<\/a> ile yaz\u0131n enerjisini ve canl\u0131l\u0131\u011f\u0131n\u0131 t\u00fcm y\u0131l boyunca ta\u015f\u0131yabilirsiniz.<\/p>\n\n\n\n<h2 id=\"cicek-takilar-nasil-kombinlenir\" class=\"wp-block-heading\">\u00c7i\u00e7ek Tak\u0131lar Nas\u0131l Kombinlenir?<\/h2>\n\n\n\n<p>\u00c7i\u00e7ek temal\u0131 tak\u0131lar, do\u011fan\u0131n zarafetini ve canl\u0131l\u0131\u011f\u0131n\u0131 stilinize ta\u015f\u0131man\u0131n en g\u00fczel yollar\u0131ndan biridir. Bu tak\u0131lar\u0131 do\u011fru \u015fekilde kombinleyerek hem \u00f6zel g\u00fcnlerde hem de g\u00fcnl\u00fck hayatta \u015f\u0131k bir g\u00f6r\u00fcn\u00fcm elde edebilirsiniz. \u0130\u015fte \u00e7i\u00e7ek tak\u0131lar\u0131 kombinlemenin p\u00fcf noktalar\u0131:<\/p>\n\n\n\n<ul class=\"wp-block-list\">\n<li>\u00d6ncelikle, \u00e7i\u00e7ek tak\u0131lar\u0131n kendileri zaten olduk\u00e7a dikkat \u00e7ekici oldu\u011fundan k\u0131yafetlerinizin daha sade olmas\u0131 dengeyi korumak ad\u0131na \u00f6nemlidir. \u00d6rne\u011fin; \u00e7i\u00e7ek motifli bir kolye takt\u0131\u011f\u0131n\u0131zda d\u00fcz renk veya minimal desenlere sahip bir k\u0131yafet tercih etmek tak\u0131n\u0131z\u0131n daha \u00e7ok \u00f6n plana \u00e7\u0131kmas\u0131n\u0131 sa\u011flayacakt\u0131r.<\/li>\n\n\n\n<li>Mevsime uygun kombinler yapmak da \u00f6nemlidir. Yaz aylar\u0131nda daha canl\u0131 ve renkli \u00e7i\u00e7ek tak\u0131lar\u0131 tercih edebilirken, sonbahar ve k\u0131\u015f aylar\u0131nda daha pastel veya koyu tonlara sahip \u00e7i\u00e7ek tak\u0131lar\u0131 tercih edebilirsiniz. \u00d6rne\u011fin; yaz\u0131n sar\u0131 veya pembe \u00e7i\u00e7ek motifli tak\u0131lar takarken, sonbaharda bordo veya turuncu tonlar\u0131ndaki \u00e7i\u00e7ek tak\u0131lar\u0131 daha uyumlu g\u00f6r\u00fcnecektir.<\/li>\n\n\n\n<li>Katmanl\u0131 tak\u0131 kullan\u0131m\u0131, \u00e7i\u00e7ek tak\u0131larla modern bir g\u00f6r\u00fcn\u00fcm elde etmenin etkili bir yoludur. Farkl\u0131 uzunluklarda birka\u00e7 \u00e7i\u00e7ek kolye veya bileklik bir arada kullan\u0131labilir. \u00d6zellikle bir <a href=\"https:\/\/www.sochic.com\/uzun-kolye-c-1009\" target=\"_blank\" rel=\"noreferrer noopener\">uzun kolye<\/a> ile daha k\u0131sa bir \u00e7i\u00e7ek kolyeyi birlikte takmak, \u015f\u0131k ve dengeli bir g\u00f6r\u00fcn\u00fcm sa\u011flar.<\/li>\n\n\n\n<li>\u00c7i\u00e7ek tak\u0131lar\u0131n\u0131 di\u011fer do\u011fal elementlerle kombine etmek de g\u00fczel bir se\u00e7enektir. \u00d6rne\u011fin; ah\u015fap, deniz kabu\u011fu veya do\u011fal ta\u015f detayl\u0131 tak\u0131larla \u00e7i\u00e7ek tak\u0131lar\u0131 bir arada kullanarak do\u011fal ve organik bir stil yaratabilirsiniz.<\/li>\n\n\n\n<li>Renk uyumuna dikkat etmek, \u00e7i\u00e7ek tak\u0131lar\u0131n\u0131z\u0131n \u015f\u0131kl\u0131\u011f\u0131n\u0131 art\u0131racakt\u0131r. Tak\u0131n\u0131zdaki \u00e7i\u00e7e\u011fin rengiyle uyumlu veya kontrast bir k\u0131yafet se\u00e7mek, g\u00f6r\u00fcn\u00fcm\u00fcn\u00fcz\u00fc tamamlayacakt\u0131r. \u00d6rne\u011fin; mor \u00e7i\u00e7ekli bir tak\u0131yla sar\u0131 veya beyaz bir k\u0131yafet, renk \u00e7emberinde g\u00fczel bir kontrast olu\u015fturur.<\/li>\n\n\n\n<li>Farkl\u0131 tak\u0131 t\u00fcrlerini bir arada kullan\u0131rken \u00f6l\u00e7\u00fcl\u00fc olmak \u00f6nemlidir. \u00c7i\u00e7ek temal\u0131 bir kolye takt\u0131\u011f\u0131n\u0131zda k\u00fcpe veya bilekliklerinizin daha minimal olmas\u0131 dengeyi korur. T\u00fcm tak\u0131lar\u0131n\u0131z\u0131n \u00e7i\u00e7ek temal\u0131 olmas\u0131, g\u00f6r\u00fcn\u00fcm\u00fcn\u00fcz\u00fc fazla yo\u011fun yapabilir.<\/li>\n<\/ul>\n\n\n\n<h2 id=\"yaz-cicekleri-nasil-secilir\" class=\"wp-block-heading\">Yaz \u00c7i\u00e7ekleri Nas\u0131l Se\u00e7ilir?<\/h2>\n\n\n\n<p>Yaz \u00e7i\u00e7eklerini se\u00e7erken dikkat etmeniz gereken baz\u0131 fakt\u00f6rler vard\u0131r. Do\u011fru se\u00e7im yapmak, hem \u00e7i\u00e7eklerinizin sa\u011fl\u0131kl\u0131 b\u00fcy\u00fcmesini sa\u011flar hem de bah\u00e7enizin veya balkonunuzun g\u00fczelli\u011fini art\u0131r\u0131r. \u0130\u015fte yaz \u00e7i\u00e7e\u011fi se\u00e7erken dikkat edilmesi gerekenler:<\/p>\n\n\n\n<ul class=\"wp-block-list\">\n<li>\u0130klim ko\u015fullar\u0131n\u0131za uygun \u00e7i\u00e7ekler se\u00e7mek, ba\u015far\u0131l\u0131 bir bah\u00e7e i\u00e7in ilk ad\u0131md\u0131r. Ya\u015fad\u0131\u011f\u0131n\u0131z b\u00f6lgenin s\u0131cakl\u0131k ve nem oranlar\u0131n\u0131 g\u00f6z \u00f6n\u00fcnde bulundurarak, bu ko\u015fullarda iyi yeti\u015fen \u00e7i\u00e7ekleri tercih edin. \u00d6rne\u011fin; s\u0131cak ve kuru iklimlerde lavanta, biberiye veya g\u00fcnd\u00fczsefa gibi \u00e7i\u00e7ekler iyi geli\u015firken, daha nemli b\u00f6lgelerde ortanca veya begonyalar daha ba\u015far\u0131l\u0131 olur.<\/li>\n\n\n\n<li>Bah\u00e7enizin veya balkonunuzun g\u00fcne\u015f alma durumunu de\u011ferlendirmek de \u00f6nemlidir. Baz\u0131 \u00e7i\u00e7ekler tam g\u00fcne\u015fte iyi geli\u015firken, baz\u0131lar\u0131 yar\u0131 g\u00f6lge veya tam g\u00f6lge alanlar\u0131 tercih eder. \u00d6rne\u011fin; petunya ve sardunya gibi \u00e7i\u00e7ekler bol g\u00fcne\u015f isterken, begonya ve fu\u015fya gibi \u00e7i\u00e7ekler yar\u0131 g\u00f6lge alanlarda daha iyi geli\u015fir.<\/li>\n\n\n\n<li>Toprak yap\u0131s\u0131 da \u00e7i\u00e7ek se\u00e7iminde \u00f6nemli bir fakt\u00f6rd\u00fcr. Kumlu, killi veya bal\u00e7\u0131k gibi farkl\u0131 toprak t\u00fcrleri, farkl\u0131 \u00e7i\u00e7ekler i\u00e7in uygundur. Toprak pH&#8217;\u0131n\u0131z\u0131 \u00f6l\u00e7erek veya bir bah\u00e7e merkezine dan\u0131\u015farak topra\u011f\u0131n\u0131za uygun \u00e7i\u00e7ekleri belirleyebilirsiniz.<\/li>\n\n\n\n<li>Bak\u0131m gereksinimleri de \u00e7i\u00e7ek se\u00e7iminde g\u00f6z \u00f6n\u00fcnde bulundurulmal\u0131d\u0131r. Baz\u0131 \u00e7i\u00e7ekler d\u00fczenli sulama ve budama gibi yo\u011fun bak\u0131m isterken, baz\u0131lar\u0131 daha az bak\u0131mla yetinir. Zaman ve enerjinize g\u00f6re size uygun bak\u0131m seviyesinde \u00e7i\u00e7ekler se\u00e7melisiniz.<\/li>\n\n\n\n<li>\u00c7i\u00e7eklerin a\u00e7ma d\u00f6nemleri de se\u00e7iminizi etkileyebilir. Yaz\u0131n farkl\u0131 d\u00f6nemlerinde a\u00e7an \u00e7i\u00e7ekler se\u00e7erek, bah\u00e7enizin t\u00fcm yaz boyunca renkli kalmas\u0131n\u0131 sa\u011flayabilirsiniz. Erken yaz (Haziran), orta yaz (Temmuz) ve ge\u00e7 yaz (A\u011fustos) i\u00e7in farkl\u0131 \u00e7i\u00e7ekler planlayabilirsiniz.<\/li>\n\n\n\n<li>\u00c7i\u00e7eklerin b\u00fcy\u00fcme al\u0131\u015fkanl\u0131klar\u0131 ve boyutlar\u0131 da d\u00fc\u015f\u00fcn\u00fclmelidir. Baz\u0131 \u00e7i\u00e7ekler kompakt ve k\u00fc\u00e7\u00fck kal\u0131rken, baz\u0131lar\u0131 h\u0131zla b\u00fcy\u00fcr ve geni\u015f alanlar kaplar. Bah\u00e7enizin veya balkonunuzun boyutlar\u0131na g\u00f6re uygun \u00e7i\u00e7ekler se\u00e7in.<\/li>\n\n\n\n<li>Do\u011fal ya\u015fam\u0131 desteklemek istiyorsan\u0131z; ar\u0131lar, kelebekler ve di\u011fer faydal\u0131 b\u00f6cekleri \u00e7eken \u00e7i\u00e7ekleri tercih edebilirsiniz. Lavanta, ekinezya ve kediotu gibi \u00e7i\u00e7ekler, tozla\u015ft\u0131r\u0131c\u0131lar\u0131 cezbeder ve bah\u00e7enizde biyolojik \u00e7e\u015fitlili\u011fi art\u0131r\u0131r.<\/li>\n<\/ul>\n\n\n\n<h2 id=\"cicek-takilar-hangi-kiyafetle-takilir\" class=\"wp-block-heading\">\u00c7i\u00e7ek Tak\u0131lar Hangi K\u0131yafetle Tak\u0131l\u0131r?<\/h2>\n\n\n\n<p>\u00c7i\u00e7ek tak\u0131lar, do\u011fru k\u0131yafetle bir araya geldi\u011finde stilinizi y\u00fckseltir ve ki\u015fisel ifadenizi g\u00fc\u00e7lendirir. \u00c7i\u00e7ek temal\u0131 tak\u0131lar\u0131 farkl\u0131 k\u0131yafet tarzlar\u0131yla nas\u0131l e\u015fle\u015ftirece\u011finize dair baz\u0131 \u00f6neriler \u015funlard\u0131r:<\/p>\n\n\n\n<ul class=\"wp-block-list\">\n<li>Yazl\u0131k elbiseler, \u00e7i\u00e7ek tak\u0131larla m\u00fckemmel bir uyum sa\u011flar. \u00d6zellikle d\u00fcz renk veya minimal desenli elbiseler, \u00e7i\u00e7ek tak\u0131lar\u0131n\u0131z\u0131n \u00f6n plana \u00e7\u0131kmas\u0131na yard\u0131mc\u0131 olur. \u00d6rne\u011fin; beyaz bir elbiseyle renkli \u00e7i\u00e7ek motifli bir kolye, taze ve canl\u0131 bir yaz g\u00f6r\u00fcn\u00fcm\u00fc yarat\u0131r. Ayr\u0131ca, ayak bile\u011finize takaca\u011f\u0131n\u0131z \u00e7i\u00e7ek detayl\u0131 bir <a href=\"https:\/\/www.sochic.com\/halhal-c-6003\" target=\"_blank\" rel=\"noreferrer noopener\">halhal<\/a> da bu tarz bir kombini tamamlayacakt\u0131r.<\/li>\n\n\n\n<li>G\u00fcnl\u00fck k\u0131yafetlerinizle de \u00e7i\u00e7ek tak\u0131lar\u0131 kolayl\u0131kla e\u015fle\u015ftirebilirsiniz. Jean ve ti\u015f\u00f6rt gibi basic bir kombinle g\u00f6steri\u015fli bir \u00e7i\u00e7ek kolye, casual g\u00f6r\u00fcn\u00fcm\u00fcn\u00fcze \u015f\u0131k bir dokunu\u015f katar. \u00d6zellikle d\u00fcz renk ti\u015f\u00f6rtler, \u00e7i\u00e7ek tak\u0131lar\u0131n\u0131 vurgulamak i\u00e7in ideal bir zemin olu\u015fturur.<\/li>\n\n\n\n<li>\u0130\u015f k\u0131yafetlerinizle daha zarif ve minimal \u00e7i\u00e7ek tak\u0131lar\u0131 tercih edebilirsiniz. Klasik bir g\u00f6mlek veya blazer ceketle k\u00fc\u00e7\u00fck, zarif \u00e7i\u00e7ek k\u00fcpeler veya ince bir \u00e7i\u00e7ek bileklik, profesyonel g\u00f6r\u00fcn\u00fcm\u00fcn\u00fcze sofistike bir hava katar.<\/li>\n\n\n\n<li>\u00d6zel g\u00fcnler i\u00e7in daha g\u00f6steri\u015fli \u00e7i\u00e7ek tak\u0131lar se\u00e7ebilirsiniz. \u00d6rne\u011fin; bir d\u00fc\u011f\u00fcn veya davet i\u00e7in \u015f\u0131k bir elbiseyle b\u00fcy\u00fck ve g\u00f6steri\u015fli \u00e7i\u00e7ek tak\u0131lar, etkileyici bir g\u00f6r\u00fcn\u00fcm sa\u011flar. Ancak burada dikkat edilmesi gereken, tak\u0131lar\u0131n elbisenin detaylar\u0131yla yar\u0131\u015fmamas\u0131, aksine tamamlamas\u0131d\u0131r.<\/li>\n\n\n\n<li>Plaj k\u0131yafetleri de \u00e7i\u00e7ek tak\u0131larla harika bir uyum sa\u011flar. Pareo veya plaj elbisesiyle renkli \u00e7i\u00e7ek kolyeler veya bileklikler, yaz tatili stilinizi tamamlar. Bu kombinle birlikte \u015f\u0131k bir <a href=\"https:\/\/www.sochic.com\/gunes-gozlugu-c-6001\" target=\"_blank\" rel=\"noreferrer noopener\">g\u00fcne\u015f g\u00f6zl\u00fc\u011f\u00fc<\/a> de ekleyerek g\u00f6r\u00fcn\u00fcm\u00fcn\u00fcz\u00fc daha da g\u00fc\u00e7lendirebilirsiniz.<\/li>\n\n\n\n<li>Bohem tarz\u0131 seven kad\u0131nlar i\u00e7in, \u00e7i\u00e7ek tak\u0131lar vazge\u00e7ilmezdir. Uzun, d\u00f6k\u00fcml\u00fc elbiseler veya eteklerle katmanl\u0131 \u015fekilde kullan\u0131lan \u00e7i\u00e7ek tak\u0131lar, otantik ve artistik bir g\u00f6r\u00fcn\u00fcm sa\u011flar. Bu tarzda farkl\u0131 boyutlarda ve desenlerde \u00e7i\u00e7ek tak\u0131lar\u0131 bir arada kullanabilirsiniz.<\/li>\n\n\n\n<li>Minimal tarz\u0131 benimseyenler i\u00e7in ise k\u00fc\u00e7\u00fck ve zarif \u00e7i\u00e7ek detaylar\u0131 olan tak\u0131lar idealdir. Sade kesimli k\u0131yafetlerle ince i\u015f\u00e7ilikli ve k\u00fc\u00e7\u00fck \u00e7i\u00e7ek motifli tak\u0131lar, zarif ve \u015f\u0131k bir g\u00f6r\u00fcn\u00fcm yarat\u0131r. \u00d6zellikle alt\u0131n veya g\u00fcm\u00fc\u015f gibi metallerle kombinlenmi\u015f minimal \u00e7i\u00e7ek <a href=\"https:\/\/www.sochic.com\/tasarim-bileklik-c-4013\" target=\"_blank\" rel=\"noreferrer noopener\">tasar\u0131m bileklik<\/a>ler, bu tarz i\u00e7in m\u00fckemmeldir.<\/li>\n<\/ul>\n\n\n\n<h2 id=\"yaz-cicekleri-bakimi-nasil-yapilir\" class=\"wp-block-heading\">Yaz \u00c7i\u00e7ekleri Bak\u0131m\u0131 Nas\u0131l Yap\u0131l\u0131r?<\/h2>\n\n\n\n<p>Yaz \u00e7i\u00e7eklerinin g\u00fczelli\u011fini ve canl\u0131l\u0131\u011f\u0131n\u0131 korumak i\u00e7in d\u00fczenli bak\u0131m \u015fartt\u0131r. Do\u011fru bak\u0131m teknikleriyle yaz \u00e7i\u00e7eklerinizin t\u00fcm mevsim boyunca sa\u011fl\u0131kl\u0131 ve g\u00f6z al\u0131c\u0131 kalmas\u0131n\u0131 sa\u011flayabilirsiniz. \u0130\u015fte yaz \u00e7i\u00e7ekleri i\u00e7in temel bak\u0131m \u00f6nerileri:<\/p>\n\n\n\n<ul class=\"wp-block-list\">\n<li><strong>Sulama<\/strong>, \u00e7i\u00e7ek bak\u0131m\u0131n\u0131n en \u00f6nemli unsurlar\u0131ndan biridir. Yaz aylar\u0131nda, \u00f6zellikle s\u0131cak ve kurak d\u00f6nemlerde, \u00e7i\u00e7eklerinizi d\u00fczenli olarak sulamal\u0131s\u0131n\u0131z. Ancak her \u00e7i\u00e7e\u011fin su ihtiyac\u0131 farkl\u0131d\u0131r. \u00d6rne\u011fin; petunya ve sardunya gibi \u00e7i\u00e7ekler topra\u011f\u0131n \u00fcst k\u0131sm\u0131 kurudu\u011funda sulanmal\u0131yken, sukulent gibi bitkiler daha az suya ihtiya\u00e7 duyar. Genel olarak sabah erken saatlerde sulama yapmak suyun buharla\u015fmas\u0131n\u0131 azalt\u0131r ve k\u00f6k \u00e7\u00fcr\u00fcmesi riskini d\u00fc\u015f\u00fcr\u00fcr.<\/li>\n\n\n\n<li><strong>G\u00fcbreleme<\/strong>, yaz \u00e7i\u00e7eklerinin beslenmesi i\u00e7in \u00f6nemlidir. \u00c7i\u00e7eklerin bol ve canl\u0131 a\u00e7mas\u0131 i\u00e7in d\u00fczenli olarak g\u00fcbre uygulamal\u0131s\u0131n\u0131z. \u00c7i\u00e7ekli bitkiler i\u00e7in \u00f6zel olarak form\u00fcle edilmi\u015f g\u00fcbreler kullanabilir veya organik alternatifleri tercih edebilirsiniz. Genellikle her 2-3 haftada bir g\u00fcbreleme yapmak uygundur.<\/li>\n\n\n\n<li><strong>Budama ve \u00f6l\u00fc \u00e7i\u00e7eklerin temizlenmesi<\/strong>, bitkilerinizin daha \u00e7ok \u00e7i\u00e7ek a\u00e7mas\u0131n\u0131 te\u015fvik eder. Solmu\u015f \u00e7i\u00e7ekleri d\u00fczenli olarak keserek (deadheading), bitkinin enerjisini yeni \u00e7i\u00e7ekler a\u00e7mak i\u00e7in kullanmas\u0131n\u0131 sa\u011flars\u0131n\u0131z. Ayr\u0131ca, fazla uzayan veya \u015fekli bozulan dallar\u0131 da budayarak bitkinin daha kompakt ve sa\u011fl\u0131kl\u0131 b\u00fcy\u00fcmesini sa\u011flayabilirsiniz.<\/li>\n\n\n\n<li><strong>Zararl\u0131 kontrol\u00fc<\/strong> de yaz \u00e7i\u00e7eklerinin bak\u0131m\u0131nda \u00f6nemli bir ad\u0131md\u0131r. Yaprak bitleri, k\u0131rm\u0131z\u0131 \u00f6r\u00fcmcekler, thrips gibi zararl\u0131lar, yaz aylar\u0131nda \u00e7i\u00e7eklerinize zarar verebilir. D\u00fczenli olarak \u00e7i\u00e7eklerinizi kontrol edin ve zararl\u0131 belirtileri g\u00f6r\u00fcrseniz, \u00f6nce do\u011fal y\u00f6ntemlerle (sabunlu su, neem ya\u011f\u0131 vb.) m\u00fcdahale etmeyi deneyin. E\u011fer sorun devam ederse, bitkiye \u00f6zel insektisitler kullanabilirsiniz.<\/li>\n\n\n\n<li><strong>Mal\u00e7lama<\/strong>, topra\u011f\u0131n nemini korumak ve yabani otlar\u0131n b\u00fcy\u00fcmesini engellemek i\u00e7in etkili bir y\u00f6ntemdir. Organik mal\u00e7 (a\u011fa\u00e7 kabu\u011fu, yaprak \u00e7\u00fcr\u00fcnt\u00fcs\u00fc vb.) kullanarak, topra\u011f\u0131n daha az suya ihtiya\u00e7 duymas\u0131n\u0131 ve yabani ot problemini azaltabilirsiniz.<\/li>\n\n\n\n<li><strong>Destek vermek<\/strong>, uzun boylu veya a\u011f\u0131r \u00e7i\u00e7ekli bitkiler i\u00e7in \u00f6nemlidir. \u00d6zellikle ya\u011fmur veya r\u00fczgar sonras\u0131nda uzun sapl\u0131 \u00e7i\u00e7ekler e\u011filebilir veya k\u0131r\u0131labilir. \u00c7ubuklar veya kafesler kullanarak bu t\u00fcr bitkilere destek sa\u011flayabilirsiniz.<\/li>\n\n\n\n<li><strong>Toprak kontrol\u00fc ve d\u00fczenli toprak havaland\u0131rmas\u0131<\/strong> da \u00e7i\u00e7eklerinizin sa\u011fl\u0131\u011f\u0131 i\u00e7in \u00f6nemlidir. Topra\u011f\u0131n s\u0131k\u0131\u015fmas\u0131n\u0131 \u00f6nlemek i\u00e7in, ara s\u0131ra hafif\u00e7e kar\u0131\u015ft\u0131rarak havalanmas\u0131n\u0131 sa\u011flayabilirsiniz. Ayr\u0131ca, topra\u011f\u0131n pH de\u011ferini kontrol ederek, \u00e7i\u00e7eklerinizin ihtiya\u00e7 duydu\u011fu toprak ko\u015fullar\u0131n\u0131 sa\u011flayabilirsiniz.<\/li>\n<\/ul>\n\n\n\n<figure class=\"wp-block-image size-large\"><img  loading=\"lazy\"  decoding=\"async\"  width=\"1160\"  height=\"653\"  src=\"data:image\/png;base64,iVBORw0KGgoAAAANSUhEUgAABIgAAAKNAQMAAABx\/8IJAAAAA1BMVEUAAP+KeNJXAAAAAXRSTlMAQObYZgAAAAlwSFlzAAAOxAAADsQBlSsOGwAAAHNJREFUeNrtwTEBAAAAwqD1T20ND6AAAAAAAAAAAAAAAAAAAAAAAAAAAAAAAAAAAAAAAAAAAAAAAAAAAAAAAAAAAAAAAAAAAAAAAAAAAAAAAAAAAAAAAAAAAAAAAAAAAAAAAAAAAAAAAAAAAAAAAAAAAPgwdHkAAc7CT7QAAAAASUVORK5CYII=\"  alt=\"\"  class=\"wp-image-3773 pk-lazyload\"  data-pk-sizes=\"auto\"  data-ls-sizes=\"(max-width: 1160px) 100vw, 1160px\"  data-pk-src=\"https:\/\/www.sochic.com\/blog\/wp-content\/uploads\/2025\/04\/Yaz-Cicekleri-Nelerdir\uf025-Cicek-Takilar-Nasil-Takilir\uf0252-1160x653.jpg\"  data-pk-srcset=\"https:\/\/www.sochic.com\/blog\/wp-content\/uploads\/2025\/04\/Yaz-Cicekleri-Nelerdir\uf025-Cicek-Takilar-Nasil-Takilir\uf0252-1160x653.jpg 1160w, https:\/\/www.sochic.com\/blog\/wp-content\/uploads\/2025\/04\/Yaz-Cicekleri-Nelerdir\uf025-Cicek-Takilar-Nasil-Takilir\uf0252-800x450.jpg 800w, https:\/\/www.sochic.com\/blog\/wp-content\/uploads\/2025\/04\/Yaz-Cicekleri-Nelerdir\uf025-Cicek-Takilar-Nasil-Takilir\uf0252-1536x864.jpg 1536w, https:\/\/www.sochic.com\/blog\/wp-content\/uploads\/2025\/04\/Yaz-Cicekleri-Nelerdir\uf025-Cicek-Takilar-Nasil-Takilir\uf0252-120x68.jpg 120w, https:\/\/www.sochic.com\/blog\/wp-content\/uploads\/2025\/04\/Yaz-Cicekleri-Nelerdir\uf025-Cicek-Takilar-Nasil-Takilir\uf0252-90x51.jpg 90w, https:\/\/www.sochic.com\/blog\/wp-content\/uploads\/2025\/04\/Yaz-Cicekleri-Nelerdir\uf025-Cicek-Takilar-Nasil-Takilir\uf0252-320x180.jpg 320w, https:\/\/www.sochic.com\/blog\/wp-content\/uploads\/2025\/04\/Yaz-Cicekleri-Nelerdir\uf025-Cicek-Takilar-Nasil-Takilir\uf0252-560x315.jpg 560w, https:\/\/www.sochic.com\/blog\/wp-content\/uploads\/2025\/04\/Yaz-Cicekleri-Nelerdir\uf025-Cicek-Takilar-Nasil-Takilir\uf0252.jpg 1920w\" ><\/figure>\n\n\n\n<h2 id=\"yaz-cicekleri-ve-takilar-doganin-ve-modanin-bulusmasi\" class=\"wp-block-heading\">Yaz \u00c7i\u00e7ekleri ve Tak\u0131lar: Do\u011fan\u0131n ve Modan\u0131n Bulu\u015fmas\u0131<\/h2>\n\n\n\n<p>Yaz \u00e7i\u00e7ekleri ve \u00e7i\u00e7ek tak\u0131lar, do\u011fan\u0131n g\u00fczelli\u011fini ve modan\u0131n zarafetini bir araya getiren muhte\u015fem bir kombinasyondur. Bu yaz\u0131m\u0131zda yaz\u0131n a\u00e7an en g\u00fczel \u00e7i\u00e7ekleri, \u00e7i\u00e7ek tak\u0131lar\u0131n nas\u0131l kombinlenece\u011fini, yaz \u00e7i\u00e7eklerinin nas\u0131l se\u00e7ilece\u011fini ve bak\u0131m\u0131n\u0131n nas\u0131l yap\u0131laca\u011f\u0131n\u0131, ayr\u0131ca \u00e7i\u00e7ek tak\u0131lar\u0131n hangi k\u0131yafetlerle tak\u0131labilece\u011fini detayl\u0131 bir \u015fekilde ele ald\u0131k.<\/p>\n\n\n\n<p>Yaz\u0131n bah\u00e7enizi veya balkonunuzu s\u00fcsleyecek \u00e7i\u00e7ekleri se\u00e7erken, iklim ko\u015fullar\u0131n\u0131z\u0131, g\u00fcne\u015f alma durumunu, toprak yap\u0131s\u0131n\u0131 ve bak\u0131m gereksinimlerini g\u00f6z \u00f6n\u00fcnde bulundurman\u0131z, sa\u011fl\u0131kl\u0131 ve canl\u0131 \u00e7i\u00e7eklere sahip olman\u0131z\u0131 sa\u011flayacakt\u0131r. <strong>D\u00fczenli sulama<\/strong>, <strong>g\u00fcbreleme<\/strong>, <strong>budama<\/strong> ve <strong>zararl\u0131 kontrol\u00fc<\/strong> ile \u00e7i\u00e7eklerinizin t\u00fcm yaz boyunca g\u00fczel kalmas\u0131n\u0131 sa\u011flayabilirsiniz.<\/p>\n\n\n\n<p>\u00c7i\u00e7ek tak\u0131lar ise do\u011fan\u0131n zarafetini stilinize ta\u015f\u0131man\u0131n en g\u00fczel yollar\u0131ndan biridir. Mevsime ve k\u0131yafetinize uygun \u00e7i\u00e7ek tak\u0131lar\u0131 se\u00e7erek, hem g\u00fcnl\u00fck hayatta hem de \u00f6zel g\u00fcnlerde \u015f\u0131k ve do\u011fal bir g\u00f6r\u00fcn\u00fcm elde edebilirsiniz. D\u00fcz renk k\u0131yafetlerle g\u00f6steri\u015fli \u00e7i\u00e7ek tak\u0131lar veya desenli k\u0131yafetlerle minimal \u00e7i\u00e7ek tak\u0131lar tercih ederek, dengeli ve etkileyici kombinler yaratabilirsiniz.<\/p>\n\n\n\n<p>Unutmay\u0131n ki; \u00e7i\u00e7ekler ve \u00e7i\u00e7ek tak\u0131lar, sadece g\u00f6rsel g\u00fczellik sunmakla kalmaz, ayn\u0131 zamanda ruh halinizi y\u00fckseltir ve pozitif enerji yayar. Yaz\u0131n canl\u0131l\u0131\u011f\u0131n\u0131 ve enerjisini \u00e7i\u00e7eklerle ve onlardan ilham alan tak\u0131larla hayat\u0131n\u0131za kat\u0131n, do\u011fan\u0131n ve modan\u0131n bu e\u015fsiz bulu\u015fmas\u0131n\u0131n keyfini \u00e7\u0131kar\u0131n.<\/p>\n","protected":false},"excerpt":{"rendered":"<p>Yaz mevsimi, do\u011fan\u0131n en c\u00f6mert oldu\u011fu, renklerin ve kokular\u0131n en canl\u0131 haliyle bizleri b\u00fcy\u00fcledi\u011fi bir d\u00f6nemdir. Bu mevsimde a\u00e7an \u00e7i\u00e7ekler, bah\u00e7elerimizi s\u00fcslerken, onlardan ilham alan tak\u0131lar da stilimizi tamamlar. Peki,&hellip;<\/p>\n","protected":false},"author":2,"featured_media":3774,"comment_status":"open","ping_status":"open","sticky":false,"template":"","format":"standard","meta":{"footnotes":""},"categories":[12],"tags":[],"powerkit_post_featured":[],"class_list":{"0":"post-3769","1":"post","2":"type-post","3":"status-publish","4":"format-standard","5":"has-post-thumbnail","7":"category-faydali-bilgiler"},"yoast_head":"<title>Yaz \u00c7i\u00e7ekleri Nelerdir? \u00c7i\u00e7ek Tak\u0131lar Nas\u0131l Tak\u0131l\u0131r? | So CHIC...<\/title>\n<meta name=\"description\" content=\"Yaz mevsimi, do\u011fan\u0131n en c\u00f6mert oldu\u011fu, renklerin ve kokular\u0131n en canl\u0131 haliyle bizleri b\u00fcy\u00fcledi\u011fi bir d\u00f6nemdir. Bu mevsimde a\u00e7an \u00e7i\u00e7ekler, bah\u00e7elerimizi | Yaz \u00c7i\u00e7ekleri Nelerdir? \u00c7i\u00e7ek Tak\u0131lar Nas\u0131l Tak\u0131l\u0131r? Yaz\u0131n a\u00e7an en g\u00fczel \u00e7i\u00e7ekler ve \u00e7i\u00e7ek tak\u0131lar\u0131n nas\u0131l kombinlenece\u011fine dair kapsaml\u0131 rehberimize g\u00f6z at\u0131n! Yaz \u00e7i\u00e7ekleri se\u00e7imi, bak\u0131m\u0131 ve \u00e7i\u00e7ek temal\u0131 tak\u0131larla stil \u00f6nerileri burada.\" \/>\n<meta name=\"robots\" content=\"index, follow, max-snippet:-1, max-image-preview:large, max-video-preview:-1\" \/>\n<link rel=\"canonical\" href=\"https:\/\/www.sochic.com\/blog\/yaz-cicekleri-nelerdir-cicek-takilar-nasil-takilir\" \/>\n<meta property=\"og:locale\" content=\"tr_TR\" \/>\n<meta property=\"og:type\" content=\"article\" \/>\n<meta property=\"og:title\" content=\"Yaz \u00c7i\u00e7ekleri Nelerdir? \u00c7i\u00e7ek Tak\u0131lar Nas\u0131l Tak\u0131l\u0131r? | So CHIC...\" \/>\n<meta property=\"og:description\" content=\"Yaz mevsimi, do\u011fan\u0131n en c\u00f6mert oldu\u011fu, renklerin ve kokular\u0131n en canl\u0131 haliyle bizleri b\u00fcy\u00fcledi\u011fi bir d\u00f6nemdir. Bu mevsimde a\u00e7an \u00e7i\u00e7ekler, bah\u00e7elerimizi | Yaz \u00c7i\u00e7ekleri Nelerdir? \u00c7i\u00e7ek Tak\u0131lar Nas\u0131l Tak\u0131l\u0131r? Yaz\u0131n a\u00e7an en g\u00fczel \u00e7i\u00e7ekler ve \u00e7i\u00e7ek tak\u0131lar\u0131n nas\u0131l kombinlenece\u011fine dair kapsaml\u0131 rehberimize g\u00f6z at\u0131n! Yaz \u00e7i\u00e7ekleri se\u00e7imi, bak\u0131m\u0131 ve \u00e7i\u00e7ek temal\u0131 tak\u0131larla stil \u00f6nerileri burada.\" \/>\n<meta property=\"og:url\" content=\"https:\/\/www.sochic.com\/blog\/yaz-cicekleri-nelerdir-cicek-takilar-nasil-takilir\" \/>\n<meta property=\"og:site_name\" content=\"So CHIC...\" \/>\n<meta property=\"article:publisher\" content=\"https:\/\/www.facebook.com\/SoCHICGlobal\" \/>\n<meta property=\"article:published_time\" content=\"2025-04-09T13:50:17+00:00\" \/>\n<meta property=\"article:modified_time\" content=\"2026-03-05T13:14:25+00:00\" \/>\n<meta property=\"og:image\" content=\"https:\/\/www.sochic.com\/blog\/wp-content\/uploads\/2025\/04\/Yaz-Cicekleri-Nelerdir\uf025-Cicek-Takilar-Nasil-Takilir\uf025.jpg\" \/>\n\t<meta property=\"og:image:width\" content=\"1920\" \/>\n\t<meta property=\"og:image:height\" content=\"1080\" \/>\n\t<meta property=\"og:image:type\" content=\"image\/jpeg\" \/>\n<meta name=\"author\" content=\"So CHIC...\" \/>\n<meta name=\"twitter:card\" content=\"summary_large_image\" \/>\n<meta name=\"twitter:creator\" content=\"@SochicGlobal\" \/>\n<meta name=\"twitter:site\" content=\"@SochicGlobal\" \/>\n<script type=\"application\/ld+json\" class=\"yoast-schema-graph\">{\"@context\":\"https:\/\/schema.org\",\"@graph\":[{\"@type\":[\"Article\",\"BlogPosting\"],\"@id\":\"https:\/\/www.sochic.com\/blog\/yaz-cicekleri-nelerdir-cicek-takilar-nasil-takilir#article\",\"isPartOf\":{\"@id\":\"https:\/\/www.sochic.com\/blog\/yaz-cicekleri-nelerdir-cicek-takilar-nasil-takilir\"},\"author\":{\"name\":\"So CHIC...\",\"@id\":\"https:\/\/www.sochic.com\/blog\/#\/schema\/person\/217ac4906bdabe9ce9dc8568969acfdf\"},\"headline\":\"Yaz \u00c7i\u00e7ekleri Nelerdir? \u00c7i\u00e7ek Tak\u0131lar Nas\u0131l Tak\u0131l\u0131r?\",\"datePublished\":\"2025-04-09T13:50:17+00:00\",\"dateModified\":\"2026-03-05T13:14:25+00:00\",\"mainEntityOfPage\":{\"@id\":\"https:\/\/www.sochic.com\/blog\/yaz-cicekleri-nelerdir-cicek-takilar-nasil-takilir\"},\"wordCount\":2620,\"commentCount\":0,\"publisher\":{\"@id\":\"https:\/\/www.sochic.com\/blog\/#organization\"},\"image\":{\"@id\":\"https:\/\/www.sochic.com\/blog\/yaz-cicekleri-nelerdir-cicek-takilar-nasil-takilir#primaryimage\"},\"thumbnailUrl\":\"https:\/\/www.sochic.com\/blog\/wp-content\/uploads\/2025\/04\/Yaz-Cicekleri-Nelerdir\uf025-Cicek-Takilar-Nasil-Takilir\uf025.jpg\",\"articleSection\":[\"Faydal\u0131 Bilgiler\"],\"inLanguage\":\"tr\",\"potentialAction\":[{\"@type\":\"CommentAction\",\"name\":\"Comment\",\"target\":[\"https:\/\/www.sochic.com\/blog\/yaz-cicekleri-nelerdir-cicek-takilar-nasil-takilir#respond\"]}]},{\"@type\":\"WebPage\",\"@id\":\"https:\/\/www.sochic.com\/blog\/yaz-cicekleri-nelerdir-cicek-takilar-nasil-takilir\",\"url\":\"https:\/\/www.sochic.com\/blog\/yaz-cicekleri-nelerdir-cicek-takilar-nasil-takilir\",\"name\":\"Yaz \u00c7i\u00e7ekleri Nelerdir? \u00c7i\u00e7ek Tak\u0131lar Nas\u0131l Tak\u0131l\u0131r? | So CHIC...\",\"isPartOf\":{\"@id\":\"https:\/\/www.sochic.com\/blog\/#website\"},\"primaryImageOfPage\":{\"@id\":\"https:\/\/www.sochic.com\/blog\/yaz-cicekleri-nelerdir-cicek-takilar-nasil-takilir#primaryimage\"},\"image\":{\"@id\":\"https:\/\/www.sochic.com\/blog\/yaz-cicekleri-nelerdir-cicek-takilar-nasil-takilir#primaryimage\"},\"thumbnailUrl\":\"https:\/\/www.sochic.com\/blog\/wp-content\/uploads\/2025\/04\/Yaz-Cicekleri-Nelerdir\uf025-Cicek-Takilar-Nasil-Takilir\uf025.jpg\",\"datePublished\":\"2025-04-09T13:50:17+00:00\",\"dateModified\":\"2026-03-05T13:14:25+00:00\",\"description\":\"Yaz mevsimi, do\u011fan\u0131n en c\u00f6mert oldu\u011fu, renklerin ve kokular\u0131n en canl\u0131 haliyle bizleri b\u00fcy\u00fcledi\u011fi bir d\u00f6nemdir. Bu mevsimde a\u00e7an \u00e7i\u00e7ekler, bah\u00e7elerimizi | Yaz \u00c7i\u00e7ekleri Nelerdir? \u00c7i\u00e7ek Tak\u0131lar Nas\u0131l Tak\u0131l\u0131r? Yaz\u0131n a\u00e7an en g\u00fczel \u00e7i\u00e7ekler ve \u00e7i\u00e7ek tak\u0131lar\u0131n nas\u0131l kombinlenece\u011fine dair kapsaml\u0131 rehberimize g\u00f6z at\u0131n! Yaz \u00e7i\u00e7ekleri se\u00e7imi, bak\u0131m\u0131 ve \u00e7i\u00e7ek temal\u0131 tak\u0131larla stil \u00f6nerileri burada.\",\"breadcrumb\":{\"@id\":\"https:\/\/www.sochic.com\/blog\/yaz-cicekleri-nelerdir-cicek-takilar-nasil-takilir#breadcrumb\"},\"inLanguage\":\"tr\",\"potentialAction\":[{\"@type\":\"ReadAction\",\"target\":[\"https:\/\/www.sochic.com\/blog\/yaz-cicekleri-nelerdir-cicek-takilar-nasil-takilir\"]}]},{\"@type\":\"ImageObject\",\"inLanguage\":\"tr\",\"@id\":\"https:\/\/www.sochic.com\/blog\/yaz-cicekleri-nelerdir-cicek-takilar-nasil-takilir#primaryimage\",\"url\":\"https:\/\/www.sochic.com\/blog\/wp-content\/uploads\/2025\/04\/Yaz-Cicekleri-Nelerdir\uf025-Cicek-Takilar-Nasil-Takilir\uf025.jpg\",\"contentUrl\":\"https:\/\/www.sochic.com\/blog\/wp-content\/uploads\/2025\/04\/Yaz-Cicekleri-Nelerdir\uf025-Cicek-Takilar-Nasil-Takilir\uf025.jpg\",\"width\":1920,\"height\":1080,\"caption\":\"Yaz \u00c7i\u00e7ekleri Nelerdir? \u00c7i\u00e7ek Tak\u0131lar Nas\u0131l Tak\u0131l\u0131r?\"},{\"@type\":\"BreadcrumbList\",\"@id\":\"https:\/\/www.sochic.com\/blog\/yaz-cicekleri-nelerdir-cicek-takilar-nasil-takilir#breadcrumb\",\"itemListElement\":[{\"@type\":\"ListItem\",\"position\":1,\"name\":\"Anasayfa\",\"item\":\"https:\/\/www.sochic.com\/blog\/\"},{\"@type\":\"ListItem\",\"position\":2,\"name\":\"Faydal\u0131 Bilgiler\",\"item\":\"https:\/\/www.sochic.com\/blog\/faydali-bilgiler\"},{\"@type\":\"ListItem\",\"position\":3,\"name\":\"Yaz \u00c7i\u00e7ekleri Nelerdir? \u00c7i\u00e7ek Tak\u0131lar Nas\u0131l Tak\u0131l\u0131r?\"}]},{\"@type\":\"WebSite\",\"@id\":\"https:\/\/www.sochic.com\/blog\/#website\",\"url\":\"https:\/\/www.sochic.com\/blog\/\",\"name\":\"So CHIC...\",\"description\":\"So CHIC Blog\",\"publisher\":{\"@id\":\"https:\/\/www.sochic.com\/blog\/#organization\"},\"alternateName\":\"So CHIC\",\"potentialAction\":[{\"@type\":\"SearchAction\",\"target\":{\"@type\":\"EntryPoint\",\"urlTemplate\":\"https:\/\/www.sochic.com\/blog\/?s={search_term_string}\"},\"query-input\":{\"@type\":\"PropertyValueSpecification\",\"valueRequired\":true,\"valueName\":\"search_term_string\"}}],\"inLanguage\":\"tr\"},{\"@type\":\"Organization\",\"@id\":\"https:\/\/www.sochic.com\/blog\/#organization\",\"name\":\"So CHIC...\",\"alternateName\":\"So CHIC\",\"url\":\"https:\/\/www.sochic.com\/blog\/\",\"logo\":{\"@type\":\"ImageObject\",\"inLanguage\":\"tr\",\"@id\":\"https:\/\/www.sochic.com\/blog\/#\/schema\/logo\/image\/\",\"url\":\"https:\/\/sochic.com\/blog\/wp-content\/uploads\/2022\/11\/sochic-facebook-logo.png\",\"contentUrl\":\"https:\/\/sochic.com\/blog\/wp-content\/uploads\/2022\/11\/sochic-facebook-logo.png\",\"width\":800,\"height\":800,\"caption\":\"So CHIC...\"},\"image\":{\"@id\":\"https:\/\/www.sochic.com\/blog\/#\/schema\/logo\/image\/\"},\"sameAs\":[\"https:\/\/www.facebook.com\/SoCHICGlobal\",\"https:\/\/x.com\/SochicGlobal\",\"https:\/\/www.instagram.com\/sochicofficial\/\",\"https:\/\/www.youtube.com\/user\/SoCHICGlobal\"]},{\"@type\":\"Person\",\"@id\":\"https:\/\/www.sochic.com\/blog\/#\/schema\/person\/217ac4906bdabe9ce9dc8568969acfdf\",\"name\":\"So CHIC...\",\"image\":{\"@type\":\"ImageObject\",\"inLanguage\":\"tr\",\"@id\":\"https:\/\/www.sochic.com\/blog\/#\/schema\/person\/image\/\",\"url\":\"https:\/\/secure.gravatar.com\/avatar\/84475e064453b1a507b62af79954a400?s=96&d=mm&r=g\",\"contentUrl\":\"https:\/\/secure.gravatar.com\/avatar\/84475e064453b1a507b62af79954a400?s=96&d=mm&r=g\",\"caption\":\"So CHIC...\"},\"sameAs\":[\"http:\/\/www.sochic.com\"]}]}<\/script>","yoast_head_json":{"title":"Yaz \u00c7i\u00e7ekleri Nelerdir? \u00c7i\u00e7ek Tak\u0131lar Nas\u0131l Tak\u0131l\u0131r? | So CHIC...","description":"Yaz mevsimi, do\u011fan\u0131n en c\u00f6mert oldu\u011fu, renklerin ve kokular\u0131n en canl\u0131 haliyle bizleri b\u00fcy\u00fcledi\u011fi bir d\u00f6nemdir. Bu mevsimde a\u00e7an \u00e7i\u00e7ekler, bah\u00e7elerimizi | Yaz \u00c7i\u00e7ekleri Nelerdir? \u00c7i\u00e7ek Tak\u0131lar Nas\u0131l Tak\u0131l\u0131r? Yaz\u0131n a\u00e7an en g\u00fczel \u00e7i\u00e7ekler ve \u00e7i\u00e7ek tak\u0131lar\u0131n nas\u0131l kombinlenece\u011fine dair kapsaml\u0131 rehberimize g\u00f6z at\u0131n! Yaz \u00e7i\u00e7ekleri se\u00e7imi, bak\u0131m\u0131 ve \u00e7i\u00e7ek temal\u0131 tak\u0131larla stil \u00f6nerileri burada.","robots":{"index":"index","follow":"follow","max-snippet":"max-snippet:-1","max-image-preview":"max-image-preview:large","max-video-preview":"max-video-preview:-1"},"canonical":"https:\/\/www.sochic.com\/blog\/yaz-cicekleri-nelerdir-cicek-takilar-nasil-takilir","og_locale":"tr_TR","og_type":"article","og_title":"Yaz \u00c7i\u00e7ekleri Nelerdir? \u00c7i\u00e7ek Tak\u0131lar Nas\u0131l Tak\u0131l\u0131r? | So CHIC...","og_description":"Yaz mevsimi, do\u011fan\u0131n en c\u00f6mert oldu\u011fu, renklerin ve kokular\u0131n en canl\u0131 haliyle bizleri b\u00fcy\u00fcledi\u011fi bir d\u00f6nemdir. Bu mevsimde a\u00e7an \u00e7i\u00e7ekler, bah\u00e7elerimizi | Yaz \u00c7i\u00e7ekleri Nelerdir? \u00c7i\u00e7ek Tak\u0131lar Nas\u0131l Tak\u0131l\u0131r? Yaz\u0131n a\u00e7an en g\u00fczel \u00e7i\u00e7ekler ve \u00e7i\u00e7ek tak\u0131lar\u0131n nas\u0131l kombinlenece\u011fine dair kapsaml\u0131 rehberimize g\u00f6z at\u0131n! Yaz \u00e7i\u00e7ekleri se\u00e7imi, bak\u0131m\u0131 ve \u00e7i\u00e7ek temal\u0131 tak\u0131larla stil \u00f6nerileri burada.","og_url":"https:\/\/www.sochic.com\/blog\/yaz-cicekleri-nelerdir-cicek-takilar-nasil-takilir","og_site_name":"So CHIC...","article_publisher":"https:\/\/www.facebook.com\/SoCHICGlobal","article_published_time":"2025-04-09T13:50:17+00:00","article_modified_time":"2026-03-05T13:14:25+00:00","og_image":[{"width":1920,"height":1080,"url":"https:\/\/www.sochic.com\/blog\/wp-content\/uploads\/2025\/04\/Yaz-Cicekleri-Nelerdir\uf025-Cicek-Takilar-Nasil-Takilir\uf025.jpg","type":"image\/jpeg"}],"author":"So CHIC...","twitter_card":"summary_large_image","twitter_creator":"@SochicGlobal","twitter_site":"@SochicGlobal","schema":{"@context":"https:\/\/schema.org","@graph":[{"@type":["Article","BlogPosting"],"@id":"https:\/\/www.sochic.com\/blog\/yaz-cicekleri-nelerdir-cicek-takilar-nasil-takilir#article","isPartOf":{"@id":"https:\/\/www.sochic.com\/blog\/yaz-cicekleri-nelerdir-cicek-takilar-nasil-takilir"},"author":{"name":"So CHIC...","@id":"https:\/\/www.sochic.com\/blog\/#\/schema\/person\/217ac4906bdabe9ce9dc8568969acfdf"},"headline":"Yaz \u00c7i\u00e7ekleri Nelerdir? \u00c7i\u00e7ek Tak\u0131lar Nas\u0131l Tak\u0131l\u0131r?","datePublished":"2025-04-09T13:50:17+00:00","dateModified":"2026-03-05T13:14:25+00:00","mainEntityOfPage":{"@id":"https:\/\/www.sochic.com\/blog\/yaz-cicekleri-nelerdir-cicek-takilar-nasil-takilir"},"wordCount":2620,"commentCount":0,"publisher":{"@id":"https:\/\/www.sochic.com\/blog\/#organization"},"image":{"@id":"https:\/\/www.sochic.com\/blog\/yaz-cicekleri-nelerdir-cicek-takilar-nasil-takilir#primaryimage"},"thumbnailUrl":"https:\/\/www.sochic.com\/blog\/wp-content\/uploads\/2025\/04\/Yaz-Cicekleri-Nelerdir\uf025-Cicek-Takilar-Nasil-Takilir\uf025.jpg","articleSection":["Faydal\u0131 Bilgiler"],"inLanguage":"tr","potentialAction":[{"@type":"CommentAction","name":"Comment","target":["https:\/\/www.sochic.com\/blog\/yaz-cicekleri-nelerdir-cicek-takilar-nasil-takilir#respond"]}]},{"@type":"WebPage","@id":"https:\/\/www.sochic.com\/blog\/yaz-cicekleri-nelerdir-cicek-takilar-nasil-takilir","url":"https:\/\/www.sochic.com\/blog\/yaz-cicekleri-nelerdir-cicek-takilar-nasil-takilir","name":"Yaz \u00c7i\u00e7ekleri Nelerdir? \u00c7i\u00e7ek Tak\u0131lar Nas\u0131l Tak\u0131l\u0131r? | So CHIC...","isPartOf":{"@id":"https:\/\/www.sochic.com\/blog\/#website"},"primaryImageOfPage":{"@id":"https:\/\/www.sochic.com\/blog\/yaz-cicekleri-nelerdir-cicek-takilar-nasil-takilir#primaryimage"},"image":{"@id":"https:\/\/www.sochic.com\/blog\/yaz-cicekleri-nelerdir-cicek-takilar-nasil-takilir#primaryimage"},"thumbnailUrl":"https:\/\/www.sochic.com\/blog\/wp-content\/uploads\/2025\/04\/Yaz-Cicekleri-Nelerdir\uf025-Cicek-Takilar-Nasil-Takilir\uf025.jpg","datePublished":"2025-04-09T13:50:17+00:00","dateModified":"2026-03-05T13:14:25+00:00","description":"Yaz mevsimi, do\u011fan\u0131n en c\u00f6mert oldu\u011fu, renklerin ve kokular\u0131n en canl\u0131 haliyle bizleri b\u00fcy\u00fcledi\u011fi bir d\u00f6nemdir. Bu mevsimde a\u00e7an \u00e7i\u00e7ekler, bah\u00e7elerimizi | Yaz \u00c7i\u00e7ekleri Nelerdir? \u00c7i\u00e7ek Tak\u0131lar Nas\u0131l Tak\u0131l\u0131r? Yaz\u0131n a\u00e7an en g\u00fczel \u00e7i\u00e7ekler ve \u00e7i\u00e7ek tak\u0131lar\u0131n nas\u0131l kombinlenece\u011fine dair kapsaml\u0131 rehberimize g\u00f6z at\u0131n! Yaz \u00e7i\u00e7ekleri se\u00e7imi, bak\u0131m\u0131 ve \u00e7i\u00e7ek temal\u0131 tak\u0131larla stil \u00f6nerileri burada.","breadcrumb":{"@id":"https:\/\/www.sochic.com\/blog\/yaz-cicekleri-nelerdir-cicek-takilar-nasil-takilir#breadcrumb"},"inLanguage":"tr","potentialAction":[{"@type":"ReadAction","target":["https:\/\/www.sochic.com\/blog\/yaz-cicekleri-nelerdir-cicek-takilar-nasil-takilir"]}]},{"@type":"ImageObject","inLanguage":"tr","@id":"https:\/\/www.sochic.com\/blog\/yaz-cicekleri-nelerdir-cicek-takilar-nasil-takilir#primaryimage","url":"https:\/\/www.sochic.com\/blog\/wp-content\/uploads\/2025\/04\/Yaz-Cicekleri-Nelerdir\uf025-Cicek-Takilar-Nasil-Takilir\uf025.jpg","contentUrl":"https:\/\/www.sochic.com\/blog\/wp-content\/uploads\/2025\/04\/Yaz-Cicekleri-Nelerdir\uf025-Cicek-Takilar-Nasil-Takilir\uf025.jpg","width":1920,"height":1080,"caption":"Yaz \u00c7i\u00e7ekleri Nelerdir? \u00c7i\u00e7ek Tak\u0131lar Nas\u0131l Tak\u0131l\u0131r?"},{"@type":"BreadcrumbList","@id":"https:\/\/www.sochic.com\/blog\/yaz-cicekleri-nelerdir-cicek-takilar-nasil-takilir#breadcrumb","itemListElement":[{"@type":"ListItem","position":1,"name":"Anasayfa","item":"https:\/\/www.sochic.com\/blog\/"},{"@type":"ListItem","position":2,"name":"Faydal\u0131 Bilgiler","item":"https:\/\/www.sochic.com\/blog\/faydali-bilgiler"},{"@type":"ListItem","position":3,"name":"Yaz \u00c7i\u00e7ekleri Nelerdir? \u00c7i\u00e7ek Tak\u0131lar Nas\u0131l Tak\u0131l\u0131r?"}]},{"@type":"WebSite","@id":"https:\/\/www.sochic.com\/blog\/#website","url":"https:\/\/www.sochic.com\/blog\/","name":"So CHIC...","description":"So CHIC Blog","publisher":{"@id":"https:\/\/www.sochic.com\/blog\/#organization"},"alternateName":"So CHIC","potentialAction":[{"@type":"SearchAction","target":{"@type":"EntryPoint","urlTemplate":"https:\/\/www.sochic.com\/blog\/?s={search_term_string}"},"query-input":{"@type":"PropertyValueSpecification","valueRequired":true,"valueName":"search_term_string"}}],"inLanguage":"tr"},{"@type":"Organization","@id":"https:\/\/www.sochic.com\/blog\/#organization","name":"So CHIC...","alternateName":"So CHIC","url":"https:\/\/www.sochic.com\/blog\/","logo":{"@type":"ImageObject","inLanguage":"tr","@id":"https:\/\/www.sochic.com\/blog\/#\/schema\/logo\/image\/","url":"https:\/\/sochic.com\/blog\/wp-content\/uploads\/2022\/11\/sochic-facebook-logo.png","contentUrl":"https:\/\/sochic.com\/blog\/wp-content\/uploads\/2022\/11\/sochic-facebook-logo.png","width":800,"height":800,"caption":"So CHIC..."},"image":{"@id":"https:\/\/www.sochic.com\/blog\/#\/schema\/logo\/image\/"},"sameAs":["https:\/\/www.facebook.com\/SoCHICGlobal","https:\/\/x.com\/SochicGlobal","https:\/\/www.instagram.com\/sochicofficial\/","https:\/\/www.youtube.com\/user\/SoCHICGlobal"]},{"@type":"Person","@id":"https:\/\/www.sochic.com\/blog\/#\/schema\/person\/217ac4906bdabe9ce9dc8568969acfdf","name":"So CHIC...","image":{"@type":"ImageObject","inLanguage":"tr","@id":"https:\/\/www.sochic.com\/blog\/#\/schema\/person\/image\/","url":"https:\/\/secure.gravatar.com\/avatar\/84475e064453b1a507b62af79954a400?s=96&d=mm&r=g","contentUrl":"https:\/\/secure.gravatar.com\/avatar\/84475e064453b1a507b62af79954a400?s=96&d=mm&r=g","caption":"So CHIC..."},"sameAs":["http:\/\/www.sochic.com"]}]}},"_links":{"self":[{"href":"https:\/\/www.sochic.com\/blog\/wp-json\/wp\/v2\/posts\/3769"}],"collection":[{"href":"https:\/\/www.sochic.com\/blog\/wp-json\/wp\/v2\/posts"}],"about":[{"href":"https:\/\/www.sochic.com\/blog\/wp-json\/wp\/v2\/types\/post"}],"author":[{"embeddable":true,"href":"https:\/\/www.sochic.com\/blog\/wp-json\/wp\/v2\/users\/2"}],"replies":[{"embeddable":true,"href":"https:\/\/www.sochic.com\/blog\/wp-json\/wp\/v2\/comments?post=3769"}],"version-history":[{"count":3,"href":"https:\/\/www.sochic.com\/blog\/wp-json\/wp\/v2\/posts\/3769\/revisions"}],"predecessor-version":[{"id":5824,"href":"https:\/\/www.sochic.com\/blog\/wp-json\/wp\/v2\/posts\/3769\/revisions\/5824"}],"wp:featuredmedia":[{"embeddable":true,"href":"https:\/\/www.sochic.com\/blog\/wp-json\/wp\/v2\/media\/3774"}],"wp:attachment":[{"href":"https:\/\/www.sochic.com\/blog\/wp-json\/wp\/v2\/media?parent=3769"}],"wp:term":[{"taxonomy":"category","embeddable":true,"href":"https:\/\/www.sochic.com\/blog\/wp-json\/wp\/v2\/categories?post=3769"},{"taxonomy":"post_tag","embeddable":true,"href":"https:\/\/www.sochic.com\/blog\/wp-json\/wp\/v2\/tags?post=3769"},{"taxonomy":"powerkit_post_featured","embeddable":true,"href":"https:\/\/www.sochic.com\/blog\/wp-json\/wp\/v2\/powerkit_post_featured?post=3769"}],"curies":[{"name":"wp","href":"https:\/\/api.w.org\/{rel}","templated":true}]}}