{"id":3776,"date":"2025-04-09T16:58:43","date_gmt":"2025-04-09T13:58:43","guid":{"rendered":"https:\/\/www.sochic.com\/blog\/?p=3776"},"modified":"2025-04-09T16:58:44","modified_gmt":"2025-04-09T13:58:44","slug":"saat-nasil-secilir-saat-hangi-kola-takilmalidir","status":"publish","type":"post","link":"https:\/\/www.sochic.com\/blog\/saat-nasil-secilir-saat-hangi-kola-takilmalidir","title":{"rendered":"Saat Nas\u0131l Se\u00e7ilir? Saat Hangi Kola Tak\u0131lmal\u0131d\u0131r?"},"content":{"rendered":"\n<p>Zaman\u0131 \u00f6l\u00e7menin \u00f6tesinde saatler g\u00fcn\u00fcm\u00fczde g\u00fc\u00e7l\u00fc bir stil tamamlay\u0131c\u0131s\u0131 ve ki\u015fili\u011finizi yans\u0131tan \u00f6zel bir aksesuard\u0131r. \u0130ster klasik, ister sportif, ister teknolojik bir model tercih edin; do\u011fru saati se\u00e7mek hem tarz\u0131n\u0131z\u0131 ortaya koyar hem de kendinizi daha rahat hissetmenizi sa\u011flar. Bununla birlikte bir\u00e7ok ki\u015fi <strong>saat hangi ele tak\u0131l\u0131r<\/strong>, <strong>saat hangi kola tak\u0131l\u0131r<\/strong> veya <strong>saat neden sol kola tak\u0131l\u0131r<\/strong> gibi sorular\u0131n cevaplar\u0131n\u0131 merak eder. Bu rehberimiz, kol saati tercihinizi yaparken nelere dikkat etmeniz gerekti\u011fini ve hangi kola takman\u0131n daha uygun oldu\u011funu derinlemesine ele alacakt\u0131r. B\u00f6ylece, hem stilinize hem de ihtiya\u00e7lar\u0131n\u0131za uygun bir se\u00e7im yapabilir, saat takman\u0131n keyfini doyas\u0131ya ya\u015fayabilirsiniz.<\/p>\n\n\n\n<figure class=\"wp-block-gallery has-nested-images columns-default is-cropped wp-block-gallery-1 is-layout-flex wp-block-gallery-is-layout-flex\">\n<figure class=\"wp-block-image size-large\"><img  loading=\"lazy\"  decoding=\"async\"  width=\"1160\"  height=\"1738\"  data-id=\"3777\"  src=\"data:image\/png;base64,iVBORw0KGgoAAAANSUhEUgAABIgAAAbKAQMAAACX7dzOAAAAA1BMVEUAAP+KeNJXAAAAAXRSTlMAQObYZgAAAAlwSFlzAAAOxAAADsQBlSsOGwAAAQ1JREFUeNrtwTEBAAAAwqD1T20ND6AAAAAAAAAAAAAAAAAAAAAAAAAAAAAAAAAAAAAAAAAAAAAAAAAAAAAAAAAAAAAAAAAAAAAAAAAAAAAAAAAAAAAAAAAAAAAAAAAAAAAAAAAAAAAAAAAAAAAAAAAAAAAAAAAAAAAAAAAAAAAAAAAAAAAAAAAAAAAAAAAAAAAAAAAAAAAAAAAAAAAAAAAAAAAAAAAAAAAAAAAAAAAAAAAAAAAAAAAAAAAAAAAAAAAAAAAAAAAAAAAAAAAAAAAAAAAAAAAAAAAAAAAAAAAAAAAAAAAAAAAAAAAAAAAAAAAAAAAAAAAAAAAAAAAAAAAAAAAAAAAAAAAAAIAHA99hAAFIa+hwAAAAAElFTkSuQmCC\"  alt=\"\"  class=\"wp-image-3777 pk-lazyload\"  data-pk-sizes=\"auto\"  data-ls-sizes=\"(max-width: 1160px) 100vw, 1160px\"  data-pk-src=\"https:\/\/www.sochic.com\/blog\/wp-content\/uploads\/2025\/04\/02952267899-1160x1738.webp\"  data-pk-srcset=\"https:\/\/www.sochic.com\/blog\/wp-content\/uploads\/2025\/04\/02952267899-1160x1738.webp 1160w, https:\/\/www.sochic.com\/blog\/wp-content\/uploads\/2025\/04\/02952267899-800x1199.webp 800w, https:\/\/www.sochic.com\/blog\/wp-content\/uploads\/2025\/04\/02952267899-1025x1536.webp 1025w, https:\/\/www.sochic.com\/blog\/wp-content\/uploads\/2025\/04\/02952267899-120x180.webp 120w, https:\/\/www.sochic.com\/blog\/wp-content\/uploads\/2025\/04\/02952267899-90x135.webp 90w, https:\/\/www.sochic.com\/blog\/wp-content\/uploads\/2025\/04\/02952267899-320x479.webp 320w, https:\/\/www.sochic.com\/blog\/wp-content\/uploads\/2025\/04\/02952267899-560x839.webp 560w, https:\/\/www.sochic.com\/blog\/wp-content\/uploads\/2025\/04\/02952267899.webp 1200w\" ><figcaption class=\"wp-element-caption\">incelemek i\u00e7in <a href=\"https:\/\/www.sochic.com\/p-zoppini-celik-kasa-kadin-kol-saati-02952267899\" target=\"_blank\" rel=\"noreferrer noopener\">t\u0131klay\u0131n\u0131z<\/a>!<\/figcaption><\/figure>\n\n\n\n<figure class=\"wp-block-image size-large\"><img  loading=\"lazy\"  decoding=\"async\"  width=\"1160\"  height=\"1738\"  data-id=\"3779\"  src=\"data:image\/png;base64,iVBORw0KGgoAAAANSUhEUgAABIgAAAbKAQMAAACX7dzOAAAAA1BMVEUAAP+KeNJXAAAAAXRSTlMAQObYZgAAAAlwSFlzAAAOxAAADsQBlSsOGwAAAQ1JREFUeNrtwTEBAAAAwqD1T20ND6AAAAAAAAAAAAAAAAAAAAAAAAAAAAAAAAAAAAAAAAAAAAAAAAAAAAAAAAAAAAAAAAAAAAAAAAAAAAAAAAAAAAAAAAAAAAAAAAAAAAAAAAAAAAAAAAAAAAAAAAAAAAAAAAAAAAAAAAAAAAAAAAAAAAAAAAAAAAAAAAAAAAAAAAAAAAAAAAAAAAAAAAAAAAAAAAAAAAAAAAAAAAAAAAAAAAAAAAAAAAAAAAAAAAAAAAAAAAAAAAAAAAAAAAAAAAAAAAAAAAAAAAAAAAAAAAAAAAAAAAAAAAAAAAAAAAAAAAAAAAAAAAAAAAAAAAAAAAAAAAAAAAAAAIAHA99hAAFIa+hwAAAAAElFTkSuQmCC\"  alt=\"\"  class=\"wp-image-3779 pk-lazyload\"  data-pk-sizes=\"auto\"  data-ls-sizes=\"(max-width: 1160px) 100vw, 1160px\"  data-pk-src=\"https:\/\/www.sochic.com\/blog\/wp-content\/uploads\/2025\/04\/06101021537-1160x1738.webp\"  data-pk-srcset=\"https:\/\/www.sochic.com\/blog\/wp-content\/uploads\/2025\/04\/06101021537-1160x1738.webp 1160w, https:\/\/www.sochic.com\/blog\/wp-content\/uploads\/2025\/04\/06101021537-800x1199.webp 800w, https:\/\/www.sochic.com\/blog\/wp-content\/uploads\/2025\/04\/06101021537-1025x1536.webp 1025w, https:\/\/www.sochic.com\/blog\/wp-content\/uploads\/2025\/04\/06101021537-120x180.webp 120w, https:\/\/www.sochic.com\/blog\/wp-content\/uploads\/2025\/04\/06101021537-90x135.webp 90w, https:\/\/www.sochic.com\/blog\/wp-content\/uploads\/2025\/04\/06101021537-320x479.webp 320w, https:\/\/www.sochic.com\/blog\/wp-content\/uploads\/2025\/04\/06101021537-560x839.webp 560w, https:\/\/www.sochic.com\/blog\/wp-content\/uploads\/2025\/04\/06101021537.webp 1200w\" ><figcaption class=\"wp-element-caption\">incelemek i\u00e7in <a href=\"https:\/\/www.sochic.com\/p-so-chic-gent-erkek-kol-saati-06101021537\" target=\"_blank\" rel=\"noreferrer noopener\">t\u0131klay\u0131n\u0131z!<\/a><\/figcaption><\/figure>\n\n\n\n<figure class=\"wp-block-image size-large\"><img  loading=\"lazy\"  decoding=\"async\"  width=\"1160\"  height=\"1738\"  data-id=\"3778\"  src=\"data:image\/png;base64,iVBORw0KGgoAAAANSUhEUgAABIgAAAbKAQMAAACX7dzOAAAAA1BMVEUAAP+KeNJXAAAAAXRSTlMAQObYZgAAAAlwSFlzAAAOxAAADsQBlSsOGwAAAQ1JREFUeNrtwTEBAAAAwqD1T20ND6AAAAAAAAAAAAAAAAAAAAAAAAAAAAAAAAAAAAAAAAAAAAAAAAAAAAAAAAAAAAAAAAAAAAAAAAAAAAAAAAAAAAAAAAAAAAAAAAAAAAAAAAAAAAAAAAAAAAAAAAAAAAAAAAAAAAAAAAAAAAAAAAAAAAAAAAAAAAAAAAAAAAAAAAAAAAAAAAAAAAAAAAAAAAAAAAAAAAAAAAAAAAAAAAAAAAAAAAAAAAAAAAAAAAAAAAAAAAAAAAAAAAAAAAAAAAAAAAAAAAAAAAAAAAAAAAAAAAAAAAAAAAAAAAAAAAAAAAAAAAAAAAAAAAAAAAAAAAAAAAAAAAAAAIAHA99hAAFIa+hwAAAAAElFTkSuQmCC\"  alt=\"\"  class=\"wp-image-3778 pk-lazyload\"  data-pk-sizes=\"auto\"  data-ls-sizes=\"(max-width: 1160px) 100vw, 1160px\"  data-pk-src=\"https:\/\/www.sochic.com\/blog\/wp-content\/uploads\/2025\/04\/06118020510-1160x1738.webp\"  data-pk-srcset=\"https:\/\/www.sochic.com\/blog\/wp-content\/uploads\/2025\/04\/06118020510-1160x1738.webp 1160w, https:\/\/www.sochic.com\/blog\/wp-content\/uploads\/2025\/04\/06118020510-800x1199.webp 800w, https:\/\/www.sochic.com\/blog\/wp-content\/uploads\/2025\/04\/06118020510-1025x1536.webp 1025w, https:\/\/www.sochic.com\/blog\/wp-content\/uploads\/2025\/04\/06118020510-120x180.webp 120w, https:\/\/www.sochic.com\/blog\/wp-content\/uploads\/2025\/04\/06118020510-90x135.webp 90w, https:\/\/www.sochic.com\/blog\/wp-content\/uploads\/2025\/04\/06118020510-320x479.webp 320w, https:\/\/www.sochic.com\/blog\/wp-content\/uploads\/2025\/04\/06118020510-560x839.webp 560w, https:\/\/www.sochic.com\/blog\/wp-content\/uploads\/2025\/04\/06118020510.webp 1200w\" ><figcaption class=\"wp-element-caption\">incelemek i\u00e7in <a href=\"https:\/\/www.sochic.com\/kol-saati-c-5\" target=\"_blank\" rel=\"noreferrer noopener\">t\u0131klay\u0131n\u0131z!<\/a><\/figcaption><\/figure>\n<\/figure>\n\n\n\n<p>Saat se\u00e7imi s\u0131ras\u0131nda yaln\u0131zca d\u0131\u015f g\u00f6r\u00fcn\u00fc\u015f de\u011fil, teknik \u00f6zellikler ve ki\u015fisel konfor da \u00f6nem ta\u015f\u0131r. Bu nedenle, malzeme kalitesinden mekanizmaya, kordon tipinden tasar\u0131ma kadar pek \u00e7ok unsuru de\u011ferlendirmeniz gerekir. Di\u011fer yandan, saat takmak konusunda tarihten gelen baz\u0131 al\u0131\u015fkanl\u0131klar ve pratik nedenlere dayanan uygulamalar bulunmaktad\u0131r. T\u00fcm bu detaylar\u0131 bilerek hareket etmek, sizi hem konforlu hem de \u015f\u0131k bir g\u00f6r\u00fcn\u00fc\u015fe kavu\u015fturabilir.<\/p>\n\n\n\n<h2 id=\"saat-secerken-nelere-dikkat-edilir\" class=\"wp-block-heading\">Saat Se\u00e7erken Nelere Dikkat Edilir?<\/h2>\n\n\n\n<p>Saat, g\u00fcnl\u00fck ya\u015fam\u0131n vazge\u00e7ilmezleri aras\u0131nda yer al\u0131rken, do\u011fru tercihi yapmak bazen kafa kar\u0131\u015ft\u0131r\u0131c\u0131 olabilir. \u0130lk olarak saatin hangi malzemeden \u00fcretildi\u011fine dikkat etmek dayan\u0131kl\u0131l\u0131k ve konfor a\u00e7\u0131s\u0131ndan \u00f6nem ta\u015f\u0131r. Paslanmaz \u00e7elik kasalar genellikle uzun \u00f6m\u00fcrl\u00fcd\u00fcr ve \u00e7izilmelere kar\u015f\u0131 dayan\u0131kl\u0131d\u0131r. E\u011fer daha hafif bir model ar\u0131yorsan\u0131z; titanyum ya da polikarbon malzemeli \u00fcr\u00fcnleri de de\u011ferlendirebilirsiniz. Dikkate alman\u0131z gereken bir ba\u015fka unsur da cam t\u00fcr\u00fcd\u00fcr; mineral cam darbelere kar\u015f\u0131 g\u00f6rece dayan\u0131kl\u0131yken, safir cam \u00e7izilmeye kar\u015f\u0131 daha diren\u00e7lidir ve uzun s\u00fcre \u015f\u0131k g\u00f6r\u00fcn\u00fcm\u00fcn\u00fc korur.<\/p>\n\n\n\n<p>Bunun yan\u0131 s\u0131ra, saat mekanizmas\u0131 da kritik bir se\u00e7im noktas\u0131d\u0131r. Pilli (kuvars) modeller hassas zaman \u00f6l\u00e7\u00fcm\u00fc sunarken, otomatik mekanizmalar kendili\u011finden kurma \u00f6zelli\u011fiyle daha klasik ve sanatsal bir his uyand\u0131r\u0131r. Sportif veya i\u015flevsel bir model ar\u0131yorsan\u0131z, kronograf gibi ek \u00f6zellikleri bar\u0131nd\u0131ran tasar\u0131mlara g\u00f6z atabilirsiniz. G\u00fcnl\u00fck kullan\u0131m i\u00e7in ise rahat, suya dayan\u0131kl\u0131 modeller daha uygundur. D\u0131\u015f g\u00f6r\u00fcn\u00fc\u015f ve kordon se\u00e7imi de yine ki\u015fisel tarz\u0131n\u0131za g\u00f6re \u015fekillenmelidir. \u00d6rne\u011fin; deri kordonlar klasik bir havas\u0131 olan kombinleri desteklerken metal kordonlar daha modern ve iddial\u0131 bir g\u00f6r\u00fcn\u00fcm sunar.<\/p>\n\n\n\n<h2 id=\"saat-hangi-kola-takilmalidir\" class=\"wp-block-heading\">Saat Hangi Kola Tak\u0131lmal\u0131d\u0131r?<\/h2>\n\n\n\n<p>Geleneksel olarak pek \u00e7ok ki\u015fi saati sol kolunda ta\u015f\u0131r. Saat neden sol kola tak\u0131l\u0131r sorusunun en pop\u00fcler a\u00e7\u0131klamas\u0131; insanlar\u0131n \u00e7o\u011funlu\u011funun sa\u011f elini bask\u0131n olarak kullanmas\u0131d\u0131r. \u00d6zellikle sa\u011f elinizi aktif \u015fekilde kullan\u0131yorsan\u0131z, saati sol bilekte ta\u015f\u0131mak daha konforlu ve g\u00fcvenli olabilir. Bu durum, saatin sa\u011f elinizin hareketlerinden daha az etkilenmesini ve darbe gibi risklere kar\u015f\u0131 korunmas\u0131n\u0131 sa\u011flar. Ayr\u0131ca, dijital veya kurmal\u0131 modellerde ayar d\u00fc\u011fmesi s\u0131kl\u0131kla saatin sa\u011f taraf\u0131nda yer ald\u0131\u011f\u0131ndan sol kola takmak ayar i\u015flemlerini de kolayla\u015ft\u0131r\u0131r.<\/p>\n\n\n\n<p>Ancak saat sa\u011fa m\u0131 tak\u0131l\u0131r sola m\u0131 diye soranlar da haks\u0131z say\u0131lmaz. Ki\u015fisel konfor ve al\u0131\u015fkanl\u0131klar burada belirleyici unsurdur. \u00d6rne\u011fin; solak iseniz sa\u011f kolunuzda saat ta\u015f\u0131mak sizin i\u00e7in daha do\u011fal olabilir. B\u00f6ylece, g\u00fcnl\u00fck i\u015flerinizi yaparken saatiniz elinize ve bile\u011finize daha az tak\u0131l\u0131r. Ayr\u0131ca, moda anlay\u0131\u015f\u0131 do\u011frultusunda farkl\u0131l\u0131k yaratmak isteyen ya da g\u00fcn\u00fcn moduna g\u00f6re aksesuarlar\u0131n\u0131 \u00e7e\u015fitlendiren ki\u015filer de saati bazen sa\u011f kollar\u0131nda ta\u015f\u0131yabilirler. \u00d6nemli olan her iki kol se\u00e7ene\u011finin de estetik ve pratik a\u00e7\u0131dan size uyup uymad\u0131\u011f\u0131d\u0131r.<\/p>\n\n\n\n<h2 id=\"saat-secerken-nelere-bakmaliyiz\" class=\"wp-block-heading\">Saat Se\u00e7erken Nelere Bakmal\u0131y\u0131z?<\/h2>\n\n\n\n<p>Saat se\u00e7imi; tasar\u0131m, mekanizma ve konforun yan\u0131 s\u0131ra bile\u011finizin geni\u015fli\u011fi ve tarz\u0131n\u0131zla da yak\u0131ndan ili\u015fkilidir. Bile\u011finiz ince ise \u00e7ok b\u00fcy\u00fck kasal\u0131 modeller yerine daha zarif ve k\u00fc\u00e7\u00fck kasal\u0131 saatleri tercih etmek, orant\u0131y\u0131 korumak a\u00e7\u0131s\u0131ndan avantajl\u0131d\u0131r. Kal\u0131n bir bile\u011fe sahipseniz b\u00fcy\u00fck kasal\u0131 veya daha g\u00f6steri\u015fli tasar\u0131mlar rahatl\u0131kla ta\u015f\u0131nabilir. G\u00fcnl\u00fck hayatta sade bir stiliniz varsa, pastel tonlara veya klasik modellere y\u00f6nelebilirsiniz. Daha g\u00f6z al\u0131c\u0131 bir g\u00f6r\u00fcn\u00fcm istiyorsan\u0131z; <a href=\"https:\/\/www.sochic.com\/pirlanta-c-1301\" target=\"_blank\" rel=\"noreferrer noopener\">p\u0131rlanta ta\u015fl\u0131 alt\u0131n seri<\/a> gibi dikkat \u00e7ekici detaylara sahip \u00fcr\u00fcnlerle kombinleyebilirsiniz.<\/p>\n\n\n\n<p>Fonksiyonellik de ayr\u0131 bir de\u011ferlendirme alan\u0131d\u0131r. Tarz\u0131n\u0131za uygun saat, sadece g\u00f6r\u00fcn\u00fc\u015fle de\u011fil kullan\u0131m amac\u0131n\u0131zla da \u00f6rt\u00fc\u015fmelidir. \u00c7ok seyahat ediyorsan\u0131z farkl\u0131 zaman dilimlerini g\u00f6steren modeller i\u015finizi kolayla\u015ft\u0131rabilir. Spor yapmay\u0131 seviyorsan\u0131z nab\u0131z \u00f6l\u00e7er, kronometre veya su ge\u00e7irmezlik gibi \u00f6zellikler sizin i\u00e7in belirleyici olabilir. Hatta dijital d\u00fcnyayla daha i\u00e7li d\u0131\u015fl\u0131ysan\u0131z; ak\u0131ll\u0131 saatlerle ad\u0131m sayar, mesaj bildirimi ve kalp ritmi takibi gibi pek \u00e7ok \u00f6zelli\u011fe ayn\u0131 anda sahip olabilirsiniz.<\/p>\n\n\n\n<h2 id=\"saat-secimi-neden-onemlidir\" class=\"wp-block-heading\">Saat Se\u00e7imi Neden \u00d6nemlidir?<\/h2>\n\n\n\n<p>Saat, sadece zaman\u0131 takip etmek i\u00e7in kullan\u0131lan bir alet de\u011fildir; ayn\u0131 zamanda \u015f\u0131kl\u0131\u011f\u0131 ve ki\u015fili\u011fi yans\u0131tan bir aksesuar i\u015flevi de g\u00f6r\u00fcr. Do\u011fru se\u00e7ilen bir <a href=\"https:\/\/www.sochic.com\/kol-saati-c-5\" target=\"_blank\" rel=\"noreferrer noopener\">kol saati<\/a>, g\u00fcnl\u00fck ya\u015fant\u0131n\u0131z\u0131 kolayla\u015ft\u0131r\u0131r ve kombininizi tamamlar. Bu a\u00e7\u0131dan bakt\u0131\u011f\u0131m\u0131zda saat nereye tak\u0131l\u0131r sorusu kadar, hangi stil ve \u00f6zelliklerde bir saat alman\u0131z gerekti\u011fi de \u00f6nem kazan\u0131r. Sat\u0131n alaca\u011f\u0131n\u0131z saatin uzun \u00f6m\u00fcrl\u00fc, kaliteli ve tarz\u0131n\u0131za uygun olmas\u0131 her ortamda kendinizi rahat hissetmenizi sa\u011flar.<\/p>\n\n\n\n<p>\u00d6te yandan, saat, moda d\u00fcnyas\u0131n\u0131n vazge\u00e7ilmez \u00f6\u011felerinden biridir. Markalar\u0131n s\u00fcrekli olarak yenilik\u00e7i tasar\u0131mlar geli\u015ftirmesi, farkl\u0131 malzeme ve renk se\u00e7eneklerini piyasaya sunmas\u0131yla birlikte saat se\u00e7imi daha da \u00e7e\u015fitlenmi\u015ftir. Bir saatin hayat\u0131n\u0131zdaki yeri yaln\u0131zca prati\u011fe y\u00f6nelik de\u011fildir; ayn\u0131 zamanda sizi ifade eden bir imzad\u0131r. Dikkat \u00e7ekici bir saat, t\u0131pk\u0131 bir <a href=\"https:\/\/www.sochic.com\/kolye-c-1\" target=\"_blank\" rel=\"noreferrer noopener\">kolye<\/a> veya <a href=\"https:\/\/www.sochic.com\/yuzuk-c-3\" target=\"_blank\" rel=\"noreferrer noopener\">y\u00fcz\u00fck<\/a> gibi kombininizin odak noktas\u0131 olabilir. Fakat, baz\u0131 g\u00fcnler daha sade bir g\u00f6r\u00fcn\u00fcm isteyebilirsiniz. B\u00f6ylesi durumlarda farkl\u0131 model ve tarzlarda birka\u00e7 saate sahip olmak da tercih edilebilecek bir \u00e7\u00f6z\u00fcmd\u00fcr.<\/p>\n\n\n\n<h2 id=\"saat-takarken-yapilan-hatalar-nelerdir\" class=\"wp-block-heading\">Saat Takarken Yap\u0131lan Hatalar Nelerdir?<\/h2>\n\n\n\n<p>Saat takarken dikkat edilmesi gereken birka\u00e7 \u00f6nemli nokta bulunur.<\/p>\n\n\n\n<ul class=\"wp-block-list\">\n<li>\u0130lki, saati bile\u011fe tam oturacak \u015fekilde ayarlamakt\u0131r. \u00c7ok bol ya da \u00e7ok s\u0131k\u0131 duran bir saat hem konforu d\u00fc\u015f\u00fcr\u00fcr hem de bile\u011finizde iz yapabilir veya cilt tahri\u015fine yol a\u00e7abilir. Ayr\u0131ca, hangi ele tak\u0131l\u0131r diye d\u00fc\u015f\u00fcnmeden \u00f6nce, kullan\u0131\u015fl\u0131l\u0131k ve ergonomi sizin i\u00e7in \u00f6ncelikli olmal\u0131d\u0131r. Saatin kolunuza a\u011f\u0131rl\u0131k yapmas\u0131, g\u00fcndelik hareketlerinizi k\u0131s\u0131tlamas\u0131 istenmeyen bir durumdur. Dolay\u0131s\u0131yla kordondaki ayarlar\u0131n size uygun oldu\u011fundan emin olmal\u0131s\u0131n\u0131z.<\/li>\n\n\n\n<li>Bir di\u011fer hata, saati yanl\u0131\u015f ama\u00e7larla kullanmakt\u0131r. \u00d6rne\u011fin; y\u00fcksek su bas\u0131nc\u0131na dayan\u0131kl\u0131 olmayan bir saati denizde veya havuzda takmak, i\u00e7 mekanizman\u0131n paslanmas\u0131na veya i\u015flevini yitirmesine neden olabilir. Ayn\u0131 \u015fekilde \u00e7ok de\u011ferli bir modeli aktif spor yaparken kullanmak, darbe alma riskini art\u0131r\u0131r. Bu nedenle, \u00f6rne\u011fin daha \u00f6zel davetlerde <a href=\"https:\/\/www.sochic.com\/pirlanta-set\" target=\"_blank\" rel=\"noreferrer noopener\">p\u0131rlanta seti<\/a> tak\u0131lar\u0131yla uyumlu bir saat kullan\u0131rken, sportif faaliyetlerde ise daha dayan\u0131kl\u0131, fonksiyonel ve hafif tasar\u0131mlara y\u00f6nelmek ak\u0131ll\u0131ca bir yakla\u015f\u0131md\u0131r. B\u00f6ylece, hem saatin \u00f6mr\u00fcn\u00fc uzat\u0131r hem de kendinizi g\u00fcvende hissedersiniz.<\/li>\n<\/ul>\n\n\n\n<figure class=\"wp-block-image size-large\"><img  loading=\"lazy\"  decoding=\"async\"  width=\"1160\"  height=\"653\"  src=\"data:image\/png;base64,iVBORw0KGgoAAAANSUhEUgAABIgAAAKNAQMAAABx\/8IJAAAAA1BMVEUAAP+KeNJXAAAAAXRSTlMAQObYZgAAAAlwSFlzAAAOxAAADsQBlSsOGwAAAHNJREFUeNrtwTEBAAAAwqD1T20ND6AAAAAAAAAAAAAAAAAAAAAAAAAAAAAAAAAAAAAAAAAAAAAAAAAAAAAAAAAAAAAAAAAAAAAAAAAAAAAAAAAAAAAAAAAAAAAAAAAAAAAAAAAAAAAAAAAAAAAAAAAAAPgwdHkAAc7CT7QAAAAASUVORK5CYII=\"  alt=\"\"  class=\"wp-image-3780 pk-lazyload\"  data-pk-sizes=\"auto\"  data-ls-sizes=\"(max-width: 1160px) 100vw, 1160px\"  data-pk-src=\"https:\/\/www.sochic.com\/blog\/wp-content\/uploads\/2025\/04\/Saat-Nasil-secilir\uf025-Saat-Hangi-Kola-Takilmalidir\uf0252-1160x653.jpg\"  data-pk-srcset=\"https:\/\/www.sochic.com\/blog\/wp-content\/uploads\/2025\/04\/Saat-Nasil-secilir\uf025-Saat-Hangi-Kola-Takilmalidir\uf0252-1160x653.jpg 1160w, https:\/\/www.sochic.com\/blog\/wp-content\/uploads\/2025\/04\/Saat-Nasil-secilir\uf025-Saat-Hangi-Kola-Takilmalidir\uf0252-800x450.jpg 800w, https:\/\/www.sochic.com\/blog\/wp-content\/uploads\/2025\/04\/Saat-Nasil-secilir\uf025-Saat-Hangi-Kola-Takilmalidir\uf0252-1536x864.jpg 1536w, https:\/\/www.sochic.com\/blog\/wp-content\/uploads\/2025\/04\/Saat-Nasil-secilir\uf025-Saat-Hangi-Kola-Takilmalidir\uf0252-120x68.jpg 120w, https:\/\/www.sochic.com\/blog\/wp-content\/uploads\/2025\/04\/Saat-Nasil-secilir\uf025-Saat-Hangi-Kola-Takilmalidir\uf0252-90x51.jpg 90w, https:\/\/www.sochic.com\/blog\/wp-content\/uploads\/2025\/04\/Saat-Nasil-secilir\uf025-Saat-Hangi-Kola-Takilmalidir\uf0252-320x180.jpg 320w, https:\/\/www.sochic.com\/blog\/wp-content\/uploads\/2025\/04\/Saat-Nasil-secilir\uf025-Saat-Hangi-Kola-Takilmalidir\uf0252-560x315.jpg 560w, https:\/\/www.sochic.com\/blog\/wp-content\/uploads\/2025\/04\/Saat-Nasil-secilir\uf025-Saat-Hangi-Kola-Takilmalidir\uf0252.jpg 1920w\" ><\/figure>\n\n\n\n<h2 id=\"hem-sik-hem-konforlu-secimler-yapin\" class=\"wp-block-heading\">Hem \u015e\u0131k Hem Konforlu Se\u00e7imler Yap\u0131n<\/h2>\n\n\n\n<p>Saat se\u00e7imi, ki\u015finin tarz\u0131n\u0131 ve ihtiya\u00e7lar\u0131n\u0131 yans\u0131tan \u00f6nemli bir s\u00fcre\u00e7tir. Modelin kasa boyutu, kordon t\u00fcr\u00fc, cam kalitesi ve mekanizmas\u0131 gibi teknik detaylar kadar, g\u00fcnl\u00fck ya\u015famdaki pratik kullan\u0131m ko\u015fullar\u0131 da g\u00f6z \u00f6n\u00fcne al\u0131nmal\u0131d\u0131r. \u00d6rne\u011fin; i\u015f toplant\u0131lar\u0131nda dikkat \u00e7ekici bir tasar\u0131ma sahip saat giymek isteyebilirsiniz, buna kar\u015f\u0131n hafta sonu geziye giderken suya dayan\u0131kl\u0131 ve rahat bir model tercih edebilirsiniz. Ayr\u0131cai saat hangi kola tak\u0131l\u0131r sorusunda alt\u0131n kural; bask\u0131n elinizin tersi kola takman\u0131z olsa da solak ya da sa\u011f el kullan\u0131m al\u0131\u015fkanl\u0131klar\u0131n\u0131z\u0131n d\u0131\u015f\u0131na \u00e7\u0131karak konforunuzu art\u0131rman\u0131z m\u00fcmk\u00fcn. Burada moda veya geleneksel yakla\u015f\u0131mdan ziyade ki\u015fisel rahatl\u0131k \u00f6n planda yer al\u0131r.<\/p>\n\n\n\n<p>K\u0131sacas\u0131, saat sa\u011fa m\u0131 tak\u0131l\u0131r sola m\u0131 veya saat hangi ele tak\u0131l\u0131r gibi sorular\u0131n net ve tek bir cevab\u0131 yoktur; \u00f6nemli olan kendinizi en iyi hissetti\u011finiz ve aksesuar\u0131n\u0131z\u0131 g\u00fcvenle ta\u015f\u0131yabildi\u011finiz kolu se\u00e7mektir. Saat se\u00e7erken g\u00f6z \u00f6n\u00fcne alaca\u011f\u0131n\u0131z kriterlere azami \u00f6zen g\u00f6sterdi\u011finizde stilinizi b\u00fct\u00fcnleyen, ayn\u0131 zamanda g\u00fcnl\u00fck ya\u015fam\u0131n\u0131zdaki ihtiya\u00e7lar\u0131n\u0131za cevap veren bir saate sahip olabilirsiniz. Unutmay\u0131n ki; bir saatin de\u011feri, sadece markas\u0131nda veya malzemesinde de\u011fil, sizi tamamlayan bir duru\u015fla bile\u011finizde hayat bulmas\u0131ndad\u0131r.<\/p>\n","protected":false},"excerpt":{"rendered":"<p>Zaman\u0131 \u00f6l\u00e7menin \u00f6tesinde saatler g\u00fcn\u00fcm\u00fczde g\u00fc\u00e7l\u00fc bir stil tamamlay\u0131c\u0131s\u0131 ve ki\u015fili\u011finizi yans\u0131tan \u00f6zel bir aksesuard\u0131r. \u0130ster klasik, ister sportif, ister teknolojik bir model tercih edin; do\u011fru saati se\u00e7mek hem tarz\u0131n\u0131z\u0131&hellip;<\/p>\n","protected":false},"author":2,"featured_media":3781,"comment_status":"open","ping_status":"open","sticky":false,"template":"","format":"standard","meta":{"footnotes":""},"categories":[12],"tags":[],"powerkit_post_featured":[],"class_list":{"0":"post-3776","1":"post","2":"type-post","3":"status-publish","4":"format-standard","5":"has-post-thumbnail","7":"category-faydali-bilgiler"},"yoast_head":"<title>Saat Nas\u0131l Se\u00e7ilir? Saat Hangi Kola Tak\u0131lmal\u0131d\u0131r? | So CHIC...<\/title>\n<meta name=\"description\" content=\"Zaman\u0131 \u00f6l\u00e7menin \u00f6tesinde saatler g\u00fcn\u00fcm\u00fczde g\u00fc\u00e7l\u00fc bir stil tamamlay\u0131c\u0131s\u0131 ve ki\u015fili\u011finizi yans\u0131tan \u00f6zel bir aksesuard\u0131r. \u0130ster klasik, ister sportif, ister | Saat Nas\u0131l Se\u00e7ilir? Saat Hangi Kola Tak\u0131lmal\u0131d\u0131r? Saat se\u00e7imi ve do\u011fru kola takma rehberimiz sizlerle; tarz\u0131n\u0131za, konforunuza ve ihtiya\u00e7lar\u0131n\u0131za uygun bir saat se\u00e7erek stilinizi g\u00fcvenle tamamlay\u0131n.\" \/>\n<meta name=\"robots\" content=\"index, follow, max-snippet:-1, max-image-preview:large, max-video-preview:-1\" \/>\n<link rel=\"canonical\" href=\"https:\/\/www.sochic.com\/blog\/saat-nasil-secilir-saat-hangi-kola-takilmalidir\" \/>\n<meta property=\"og:locale\" content=\"tr_TR\" \/>\n<meta property=\"og:type\" content=\"article\" \/>\n<meta property=\"og:title\" content=\"Saat Nas\u0131l Se\u00e7ilir? Saat Hangi Kola Tak\u0131lmal\u0131d\u0131r? | So CHIC...\" \/>\n<meta property=\"og:description\" content=\"Zaman\u0131 \u00f6l\u00e7menin \u00f6tesinde saatler g\u00fcn\u00fcm\u00fczde g\u00fc\u00e7l\u00fc bir stil tamamlay\u0131c\u0131s\u0131 ve ki\u015fili\u011finizi yans\u0131tan \u00f6zel bir aksesuard\u0131r. \u0130ster klasik, ister sportif, ister | Saat Nas\u0131l Se\u00e7ilir? Saat Hangi Kola Tak\u0131lmal\u0131d\u0131r? Saat se\u00e7imi ve do\u011fru kola takma rehberimiz sizlerle; tarz\u0131n\u0131za, konforunuza ve ihtiya\u00e7lar\u0131n\u0131za uygun bir saat se\u00e7erek stilinizi g\u00fcvenle tamamlay\u0131n.\" \/>\n<meta property=\"og:url\" content=\"https:\/\/www.sochic.com\/blog\/saat-nasil-secilir-saat-hangi-kola-takilmalidir\" \/>\n<meta property=\"og:site_name\" content=\"So CHIC...\" \/>\n<meta property=\"article:publisher\" content=\"https:\/\/www.facebook.com\/SoCHICGlobal\" \/>\n<meta property=\"article:published_time\" content=\"2025-04-09T13:58:43+00:00\" \/>\n<meta property=\"article:modified_time\" content=\"2025-04-09T13:58:44+00:00\" \/>\n<meta property=\"og:image\" content=\"https:\/\/www.sochic.com\/blog\/wp-content\/uploads\/2025\/04\/Saat-Nasil-Secilir-Saat-Hangi-Kola-Takilmalidir.jpg\" \/>\n\t<meta property=\"og:image:width\" content=\"1920\" \/>\n\t<meta property=\"og:image:height\" content=\"1080\" \/>\n\t<meta property=\"og:image:type\" content=\"image\/jpeg\" \/>\n<meta name=\"author\" content=\"So CHIC...\" \/>\n<meta name=\"twitter:card\" content=\"summary_large_image\" \/>\n<meta name=\"twitter:creator\" content=\"@SochicGlobal\" \/>\n<meta name=\"twitter:site\" content=\"@SochicGlobal\" \/>\n<script type=\"application\/ld+json\" class=\"yoast-schema-graph\">{\"@context\":\"https:\/\/schema.org\",\"@graph\":[{\"@type\":[\"Article\",\"BlogPosting\"],\"@id\":\"https:\/\/www.sochic.com\/blog\/saat-nasil-secilir-saat-hangi-kola-takilmalidir#article\",\"isPartOf\":{\"@id\":\"https:\/\/www.sochic.com\/blog\/saat-nasil-secilir-saat-hangi-kola-takilmalidir\"},\"author\":{\"name\":\"So CHIC...\",\"@id\":\"https:\/\/www.sochic.com\/blog\/#\/schema\/person\/217ac4906bdabe9ce9dc8568969acfdf\"},\"headline\":\"Saat Nas\u0131l Se\u00e7ilir? Saat Hangi Kola Tak\u0131lmal\u0131d\u0131r?\",\"datePublished\":\"2025-04-09T13:58:43+00:00\",\"dateModified\":\"2025-04-09T13:58:44+00:00\",\"mainEntityOfPage\":{\"@id\":\"https:\/\/www.sochic.com\/blog\/saat-nasil-secilir-saat-hangi-kola-takilmalidir\"},\"wordCount\":1622,\"commentCount\":0,\"publisher\":{\"@id\":\"https:\/\/www.sochic.com\/blog\/#organization\"},\"image\":{\"@id\":\"https:\/\/www.sochic.com\/blog\/saat-nasil-secilir-saat-hangi-kola-takilmalidir#primaryimage\"},\"thumbnailUrl\":\"https:\/\/www.sochic.com\/blog\/wp-content\/uploads\/2025\/04\/Saat-Nasil-Secilir-Saat-Hangi-Kola-Takilmalidir.jpg\",\"articleSection\":[\"Faydal\u0131 Bilgiler\"],\"inLanguage\":\"tr\",\"potentialAction\":[{\"@type\":\"CommentAction\",\"name\":\"Comment\",\"target\":[\"https:\/\/www.sochic.com\/blog\/saat-nasil-secilir-saat-hangi-kola-takilmalidir#respond\"]}]},{\"@type\":\"WebPage\",\"@id\":\"https:\/\/www.sochic.com\/blog\/saat-nasil-secilir-saat-hangi-kola-takilmalidir\",\"url\":\"https:\/\/www.sochic.com\/blog\/saat-nasil-secilir-saat-hangi-kola-takilmalidir\",\"name\":\"Saat Nas\u0131l Se\u00e7ilir? Saat Hangi Kola Tak\u0131lmal\u0131d\u0131r? | So CHIC...\",\"isPartOf\":{\"@id\":\"https:\/\/www.sochic.com\/blog\/#website\"},\"primaryImageOfPage\":{\"@id\":\"https:\/\/www.sochic.com\/blog\/saat-nasil-secilir-saat-hangi-kola-takilmalidir#primaryimage\"},\"image\":{\"@id\":\"https:\/\/www.sochic.com\/blog\/saat-nasil-secilir-saat-hangi-kola-takilmalidir#primaryimage\"},\"thumbnailUrl\":\"https:\/\/www.sochic.com\/blog\/wp-content\/uploads\/2025\/04\/Saat-Nasil-Secilir-Saat-Hangi-Kola-Takilmalidir.jpg\",\"datePublished\":\"2025-04-09T13:58:43+00:00\",\"dateModified\":\"2025-04-09T13:58:44+00:00\",\"description\":\"Zaman\u0131 \u00f6l\u00e7menin \u00f6tesinde saatler g\u00fcn\u00fcm\u00fczde g\u00fc\u00e7l\u00fc bir stil tamamlay\u0131c\u0131s\u0131 ve ki\u015fili\u011finizi yans\u0131tan \u00f6zel bir aksesuard\u0131r. \u0130ster klasik, ister sportif, ister | Saat Nas\u0131l Se\u00e7ilir? Saat Hangi Kola Tak\u0131lmal\u0131d\u0131r? Saat se\u00e7imi ve do\u011fru kola takma rehberimiz sizlerle; tarz\u0131n\u0131za, konforunuza ve ihtiya\u00e7lar\u0131n\u0131za uygun bir saat se\u00e7erek stilinizi g\u00fcvenle tamamlay\u0131n.\",\"breadcrumb\":{\"@id\":\"https:\/\/www.sochic.com\/blog\/saat-nasil-secilir-saat-hangi-kola-takilmalidir#breadcrumb\"},\"inLanguage\":\"tr\",\"potentialAction\":[{\"@type\":\"ReadAction\",\"target\":[\"https:\/\/www.sochic.com\/blog\/saat-nasil-secilir-saat-hangi-kola-takilmalidir\"]}]},{\"@type\":\"ImageObject\",\"inLanguage\":\"tr\",\"@id\":\"https:\/\/www.sochic.com\/blog\/saat-nasil-secilir-saat-hangi-kola-takilmalidir#primaryimage\",\"url\":\"https:\/\/www.sochic.com\/blog\/wp-content\/uploads\/2025\/04\/Saat-Nasil-Secilir-Saat-Hangi-Kola-Takilmalidir.jpg\",\"contentUrl\":\"https:\/\/www.sochic.com\/blog\/wp-content\/uploads\/2025\/04\/Saat-Nasil-Secilir-Saat-Hangi-Kola-Takilmalidir.jpg\",\"width\":1920,\"height\":1080,\"caption\":\"Saat Nas\u0131l Se\u00e7ilir? Saat Hangi Kola Tak\u0131lmal\u0131d\u0131r?\"},{\"@type\":\"BreadcrumbList\",\"@id\":\"https:\/\/www.sochic.com\/blog\/saat-nasil-secilir-saat-hangi-kola-takilmalidir#breadcrumb\",\"itemListElement\":[{\"@type\":\"ListItem\",\"position\":1,\"name\":\"Anasayfa\",\"item\":\"https:\/\/www.sochic.com\/blog\/\"},{\"@type\":\"ListItem\",\"position\":2,\"name\":\"Faydal\u0131 Bilgiler\",\"item\":\"https:\/\/www.sochic.com\/blog\/faydali-bilgiler\"},{\"@type\":\"ListItem\",\"position\":3,\"name\":\"Saat Nas\u0131l Se\u00e7ilir? Saat Hangi Kola Tak\u0131lmal\u0131d\u0131r?\"}]},{\"@type\":\"WebSite\",\"@id\":\"https:\/\/www.sochic.com\/blog\/#website\",\"url\":\"https:\/\/www.sochic.com\/blog\/\",\"name\":\"So CHIC...\",\"description\":\"So CHIC Blog\",\"publisher\":{\"@id\":\"https:\/\/www.sochic.com\/blog\/#organization\"},\"alternateName\":\"So CHIC\",\"potentialAction\":[{\"@type\":\"SearchAction\",\"target\":{\"@type\":\"EntryPoint\",\"urlTemplate\":\"https:\/\/www.sochic.com\/blog\/?s={search_term_string}\"},\"query-input\":{\"@type\":\"PropertyValueSpecification\",\"valueRequired\":true,\"valueName\":\"search_term_string\"}}],\"inLanguage\":\"tr\"},{\"@type\":\"Organization\",\"@id\":\"https:\/\/www.sochic.com\/blog\/#organization\",\"name\":\"So CHIC...\",\"alternateName\":\"So CHIC\",\"url\":\"https:\/\/www.sochic.com\/blog\/\",\"logo\":{\"@type\":\"ImageObject\",\"inLanguage\":\"tr\",\"@id\":\"https:\/\/www.sochic.com\/blog\/#\/schema\/logo\/image\/\",\"url\":\"https:\/\/sochic.com\/blog\/wp-content\/uploads\/2022\/11\/sochic-facebook-logo.png\",\"contentUrl\":\"https:\/\/sochic.com\/blog\/wp-content\/uploads\/2022\/11\/sochic-facebook-logo.png\",\"width\":800,\"height\":800,\"caption\":\"So CHIC...\"},\"image\":{\"@id\":\"https:\/\/www.sochic.com\/blog\/#\/schema\/logo\/image\/\"},\"sameAs\":[\"https:\/\/www.facebook.com\/SoCHICGlobal\",\"https:\/\/x.com\/SochicGlobal\",\"https:\/\/www.instagram.com\/sochicofficial\/\",\"https:\/\/www.youtube.com\/user\/SoCHICGlobal\"]},{\"@type\":\"Person\",\"@id\":\"https:\/\/www.sochic.com\/blog\/#\/schema\/person\/217ac4906bdabe9ce9dc8568969acfdf\",\"name\":\"So CHIC...\",\"image\":{\"@type\":\"ImageObject\",\"inLanguage\":\"tr\",\"@id\":\"https:\/\/www.sochic.com\/blog\/#\/schema\/person\/image\/\",\"url\":\"https:\/\/secure.gravatar.com\/avatar\/84475e064453b1a507b62af79954a400?s=96&d=mm&r=g\",\"contentUrl\":\"https:\/\/secure.gravatar.com\/avatar\/84475e064453b1a507b62af79954a400?s=96&d=mm&r=g\",\"caption\":\"So CHIC...\"},\"sameAs\":[\"http:\/\/www.sochic.com\"]}]}<\/script>","yoast_head_json":{"title":"Saat Nas\u0131l Se\u00e7ilir? Saat Hangi Kola Tak\u0131lmal\u0131d\u0131r? | So CHIC...","description":"Zaman\u0131 \u00f6l\u00e7menin \u00f6tesinde saatler g\u00fcn\u00fcm\u00fczde g\u00fc\u00e7l\u00fc bir stil tamamlay\u0131c\u0131s\u0131 ve ki\u015fili\u011finizi yans\u0131tan \u00f6zel bir aksesuard\u0131r. \u0130ster klasik, ister sportif, ister | Saat Nas\u0131l Se\u00e7ilir? Saat Hangi Kola Tak\u0131lmal\u0131d\u0131r? Saat se\u00e7imi ve do\u011fru kola takma rehberimiz sizlerle; tarz\u0131n\u0131za, konforunuza ve ihtiya\u00e7lar\u0131n\u0131za uygun bir saat se\u00e7erek stilinizi g\u00fcvenle tamamlay\u0131n.","robots":{"index":"index","follow":"follow","max-snippet":"max-snippet:-1","max-image-preview":"max-image-preview:large","max-video-preview":"max-video-preview:-1"},"canonical":"https:\/\/www.sochic.com\/blog\/saat-nasil-secilir-saat-hangi-kola-takilmalidir","og_locale":"tr_TR","og_type":"article","og_title":"Saat Nas\u0131l Se\u00e7ilir? Saat Hangi Kola Tak\u0131lmal\u0131d\u0131r? | So CHIC...","og_description":"Zaman\u0131 \u00f6l\u00e7menin \u00f6tesinde saatler g\u00fcn\u00fcm\u00fczde g\u00fc\u00e7l\u00fc bir stil tamamlay\u0131c\u0131s\u0131 ve ki\u015fili\u011finizi yans\u0131tan \u00f6zel bir aksesuard\u0131r. \u0130ster klasik, ister sportif, ister | Saat Nas\u0131l Se\u00e7ilir? Saat Hangi Kola Tak\u0131lmal\u0131d\u0131r? Saat se\u00e7imi ve do\u011fru kola takma rehberimiz sizlerle; tarz\u0131n\u0131za, konforunuza ve ihtiya\u00e7lar\u0131n\u0131za uygun bir saat se\u00e7erek stilinizi g\u00fcvenle tamamlay\u0131n.","og_url":"https:\/\/www.sochic.com\/blog\/saat-nasil-secilir-saat-hangi-kola-takilmalidir","og_site_name":"So CHIC...","article_publisher":"https:\/\/www.facebook.com\/SoCHICGlobal","article_published_time":"2025-04-09T13:58:43+00:00","article_modified_time":"2025-04-09T13:58:44+00:00","og_image":[{"width":1920,"height":1080,"url":"https:\/\/www.sochic.com\/blog\/wp-content\/uploads\/2025\/04\/Saat-Nasil-Secilir-Saat-Hangi-Kola-Takilmalidir.jpg","type":"image\/jpeg"}],"author":"So CHIC...","twitter_card":"summary_large_image","twitter_creator":"@SochicGlobal","twitter_site":"@SochicGlobal","schema":{"@context":"https:\/\/schema.org","@graph":[{"@type":["Article","BlogPosting"],"@id":"https:\/\/www.sochic.com\/blog\/saat-nasil-secilir-saat-hangi-kola-takilmalidir#article","isPartOf":{"@id":"https:\/\/www.sochic.com\/blog\/saat-nasil-secilir-saat-hangi-kola-takilmalidir"},"author":{"name":"So CHIC...","@id":"https:\/\/www.sochic.com\/blog\/#\/schema\/person\/217ac4906bdabe9ce9dc8568969acfdf"},"headline":"Saat Nas\u0131l Se\u00e7ilir? Saat Hangi Kola Tak\u0131lmal\u0131d\u0131r?","datePublished":"2025-04-09T13:58:43+00:00","dateModified":"2025-04-09T13:58:44+00:00","mainEntityOfPage":{"@id":"https:\/\/www.sochic.com\/blog\/saat-nasil-secilir-saat-hangi-kola-takilmalidir"},"wordCount":1622,"commentCount":0,"publisher":{"@id":"https:\/\/www.sochic.com\/blog\/#organization"},"image":{"@id":"https:\/\/www.sochic.com\/blog\/saat-nasil-secilir-saat-hangi-kola-takilmalidir#primaryimage"},"thumbnailUrl":"https:\/\/www.sochic.com\/blog\/wp-content\/uploads\/2025\/04\/Saat-Nasil-Secilir-Saat-Hangi-Kola-Takilmalidir.jpg","articleSection":["Faydal\u0131 Bilgiler"],"inLanguage":"tr","potentialAction":[{"@type":"CommentAction","name":"Comment","target":["https:\/\/www.sochic.com\/blog\/saat-nasil-secilir-saat-hangi-kola-takilmalidir#respond"]}]},{"@type":"WebPage","@id":"https:\/\/www.sochic.com\/blog\/saat-nasil-secilir-saat-hangi-kola-takilmalidir","url":"https:\/\/www.sochic.com\/blog\/saat-nasil-secilir-saat-hangi-kola-takilmalidir","name":"Saat Nas\u0131l Se\u00e7ilir? Saat Hangi Kola Tak\u0131lmal\u0131d\u0131r? | So CHIC...","isPartOf":{"@id":"https:\/\/www.sochic.com\/blog\/#website"},"primaryImageOfPage":{"@id":"https:\/\/www.sochic.com\/blog\/saat-nasil-secilir-saat-hangi-kola-takilmalidir#primaryimage"},"image":{"@id":"https:\/\/www.sochic.com\/blog\/saat-nasil-secilir-saat-hangi-kola-takilmalidir#primaryimage"},"thumbnailUrl":"https:\/\/www.sochic.com\/blog\/wp-content\/uploads\/2025\/04\/Saat-Nasil-Secilir-Saat-Hangi-Kola-Takilmalidir.jpg","datePublished":"2025-04-09T13:58:43+00:00","dateModified":"2025-04-09T13:58:44+00:00","description":"Zaman\u0131 \u00f6l\u00e7menin \u00f6tesinde saatler g\u00fcn\u00fcm\u00fczde g\u00fc\u00e7l\u00fc bir stil tamamlay\u0131c\u0131s\u0131 ve ki\u015fili\u011finizi yans\u0131tan \u00f6zel bir aksesuard\u0131r. \u0130ster klasik, ister sportif, ister | Saat Nas\u0131l Se\u00e7ilir? Saat Hangi Kola Tak\u0131lmal\u0131d\u0131r? Saat se\u00e7imi ve do\u011fru kola takma rehberimiz sizlerle; tarz\u0131n\u0131za, konforunuza ve ihtiya\u00e7lar\u0131n\u0131za uygun bir saat se\u00e7erek stilinizi g\u00fcvenle tamamlay\u0131n.","breadcrumb":{"@id":"https:\/\/www.sochic.com\/blog\/saat-nasil-secilir-saat-hangi-kola-takilmalidir#breadcrumb"},"inLanguage":"tr","potentialAction":[{"@type":"ReadAction","target":["https:\/\/www.sochic.com\/blog\/saat-nasil-secilir-saat-hangi-kola-takilmalidir"]}]},{"@type":"ImageObject","inLanguage":"tr","@id":"https:\/\/www.sochic.com\/blog\/saat-nasil-secilir-saat-hangi-kola-takilmalidir#primaryimage","url":"https:\/\/www.sochic.com\/blog\/wp-content\/uploads\/2025\/04\/Saat-Nasil-Secilir-Saat-Hangi-Kola-Takilmalidir.jpg","contentUrl":"https:\/\/www.sochic.com\/blog\/wp-content\/uploads\/2025\/04\/Saat-Nasil-Secilir-Saat-Hangi-Kola-Takilmalidir.jpg","width":1920,"height":1080,"caption":"Saat Nas\u0131l Se\u00e7ilir? Saat Hangi Kola Tak\u0131lmal\u0131d\u0131r?"},{"@type":"BreadcrumbList","@id":"https:\/\/www.sochic.com\/blog\/saat-nasil-secilir-saat-hangi-kola-takilmalidir#breadcrumb","itemListElement":[{"@type":"ListItem","position":1,"name":"Anasayfa","item":"https:\/\/www.sochic.com\/blog\/"},{"@type":"ListItem","position":2,"name":"Faydal\u0131 Bilgiler","item":"https:\/\/www.sochic.com\/blog\/faydali-bilgiler"},{"@type":"ListItem","position":3,"name":"Saat Nas\u0131l Se\u00e7ilir? Saat Hangi Kola Tak\u0131lmal\u0131d\u0131r?"}]},{"@type":"WebSite","@id":"https:\/\/www.sochic.com\/blog\/#website","url":"https:\/\/www.sochic.com\/blog\/","name":"So CHIC...","description":"So CHIC Blog","publisher":{"@id":"https:\/\/www.sochic.com\/blog\/#organization"},"alternateName":"So CHIC","potentialAction":[{"@type":"SearchAction","target":{"@type":"EntryPoint","urlTemplate":"https:\/\/www.sochic.com\/blog\/?s={search_term_string}"},"query-input":{"@type":"PropertyValueSpecification","valueRequired":true,"valueName":"search_term_string"}}],"inLanguage":"tr"},{"@type":"Organization","@id":"https:\/\/www.sochic.com\/blog\/#organization","name":"So CHIC...","alternateName":"So CHIC","url":"https:\/\/www.sochic.com\/blog\/","logo":{"@type":"ImageObject","inLanguage":"tr","@id":"https:\/\/www.sochic.com\/blog\/#\/schema\/logo\/image\/","url":"https:\/\/sochic.com\/blog\/wp-content\/uploads\/2022\/11\/sochic-facebook-logo.png","contentUrl":"https:\/\/sochic.com\/blog\/wp-content\/uploads\/2022\/11\/sochic-facebook-logo.png","width":800,"height":800,"caption":"So CHIC..."},"image":{"@id":"https:\/\/www.sochic.com\/blog\/#\/schema\/logo\/image\/"},"sameAs":["https:\/\/www.facebook.com\/SoCHICGlobal","https:\/\/x.com\/SochicGlobal","https:\/\/www.instagram.com\/sochicofficial\/","https:\/\/www.youtube.com\/user\/SoCHICGlobal"]},{"@type":"Person","@id":"https:\/\/www.sochic.com\/blog\/#\/schema\/person\/217ac4906bdabe9ce9dc8568969acfdf","name":"So CHIC...","image":{"@type":"ImageObject","inLanguage":"tr","@id":"https:\/\/www.sochic.com\/blog\/#\/schema\/person\/image\/","url":"https:\/\/secure.gravatar.com\/avatar\/84475e064453b1a507b62af79954a400?s=96&d=mm&r=g","contentUrl":"https:\/\/secure.gravatar.com\/avatar\/84475e064453b1a507b62af79954a400?s=96&d=mm&r=g","caption":"So CHIC..."},"sameAs":["http:\/\/www.sochic.com"]}]}},"_links":{"self":[{"href":"https:\/\/www.sochic.com\/blog\/wp-json\/wp\/v2\/posts\/3776"}],"collection":[{"href":"https:\/\/www.sochic.com\/blog\/wp-json\/wp\/v2\/posts"}],"about":[{"href":"https:\/\/www.sochic.com\/blog\/wp-json\/wp\/v2\/types\/post"}],"author":[{"embeddable":true,"href":"https:\/\/www.sochic.com\/blog\/wp-json\/wp\/v2\/users\/2"}],"replies":[{"embeddable":true,"href":"https:\/\/www.sochic.com\/blog\/wp-json\/wp\/v2\/comments?post=3776"}],"version-history":[{"count":1,"href":"https:\/\/www.sochic.com\/blog\/wp-json\/wp\/v2\/posts\/3776\/revisions"}],"predecessor-version":[{"id":3782,"href":"https:\/\/www.sochic.com\/blog\/wp-json\/wp\/v2\/posts\/3776\/revisions\/3782"}],"wp:featuredmedia":[{"embeddable":true,"href":"https:\/\/www.sochic.com\/blog\/wp-json\/wp\/v2\/media\/3781"}],"wp:attachment":[{"href":"https:\/\/www.sochic.com\/blog\/wp-json\/wp\/v2\/media?parent=3776"}],"wp:term":[{"taxonomy":"category","embeddable":true,"href":"https:\/\/www.sochic.com\/blog\/wp-json\/wp\/v2\/categories?post=3776"},{"taxonomy":"post_tag","embeddable":true,"href":"https:\/\/www.sochic.com\/blog\/wp-json\/wp\/v2\/tags?post=3776"},{"taxonomy":"powerkit_post_featured","embeddable":true,"href":"https:\/\/www.sochic.com\/blog\/wp-json\/wp\/v2\/powerkit_post_featured?post=3776"}],"curies":[{"name":"wp","href":"https:\/\/api.w.org\/{rel}","templated":true}]}}