{"id":3926,"date":"2025-05-29T07:47:44","date_gmt":"2025-05-29T04:47:44","guid":{"rendered":"https:\/\/www.sochic.com\/blog\/?p=3926"},"modified":"2026-03-16T14:33:40","modified_gmt":"2026-03-16T11:33:40","slug":"turkiyedeki-degerli-taslar-ve-cikarildiklari-bolgeler","status":"publish","type":"post","link":"https:\/\/www.sochic.com\/blog\/turkiyedeki-degerli-taslar-ve-cikarildiklari-bolgeler","title":{"rendered":"T\u00fcrkiye&#8217;deki De\u011ferli Ta\u015flar ve \u00c7\u0131kar\u0131ld\u0131klar\u0131 B\u00f6lgeler"},"content":{"rendered":"\n<p>T\u00fcrkiye, tarihi zenginlikleri kadar do\u011fal kaynaklar\u0131 ve de\u011ferli ta\u015flar\u0131yla da \u00f6ne \u00e7\u0131kan bir co\u011frafyad\u0131r. \u00dclkemizin \u00e7e\u015fitli b\u00f6lgelerinde \u00e7\u0131kar\u0131lan z\u00fcmr\u00fct, kehribar, obsidyen, ametist, kalsedon, kaplan g\u00f6z\u00fc ta\u015f\u0131 ve oniks gibi ta\u015flar, y\u00fczy\u0131llard\u0131r estetik ve enerjik anlamda \u00f6nemli bir yer tutmu\u015ftur.&nbsp;<\/p>\n\n\n\n<p>G\u00fcn\u00fcm\u00fczde, safir kolye, z\u00fcmr\u00fct kolye, do\u011fal ta\u015fl\u0131 kolye, <a href=\"https:\/\/www.sochic.com\/yakut-renkli-kolye-c-1012\" target=\"_blank\" rel=\"noreferrer noopener\">yakut renkli kolye<\/a> ve erkek bileklik gibi \u00fcr\u00fcnler, kullan\u0131c\u0131lar\u0131na sadece estetik bir g\u00f6r\u00fcn\u00fcm sunmakla kalmamakta; ayn\u0131 zamanda kendilerini ifade edebilme ve pozitif enerjiyi ya\u015famlar\u0131na ta\u015f\u0131malar\u0131 i\u00e7in bir f\u0131rsat yarat\u0131yor.<\/p>\n\n\n\n<figure class=\"wp-block-gallery has-nested-images columns-default is-cropped wp-block-gallery-1 is-layout-flex wp-block-gallery-is-layout-flex\">\n<figure class=\"wp-block-image size-large\"><img  loading=\"lazy\"  decoding=\"async\"  width=\"1160\"  height=\"1740\"  data-id=\"3929\"  src=\"data:image\/png;base64,iVBORw0KGgoAAAANSUhEUgAABIgAAAbMAQMAAABBtD\/TAAAAA1BMVEUAAP+KeNJXAAAAAXRSTlMAQObYZgAAAAlwSFlzAAAOxAAADsQBlSsOGwAAAQ1JREFUeNrtwQENAAAAwqD3T20ON6AAAAAAAAAAAAAAAAAAAAAAAAAAAAAAAAAAAAAAAAAAAAAAAAAAAAAAAAAAAAAAAAAAAAAAAAAAAAAAAAAAAAAAAAAAAAAAAAAAAAAAAAAAAAAAAAAAAAAAAAAAAAAAAAAAAAAAAAAAAAAAAAAAAAAAAAAAAAAAAAAAAAAAAAAAAAAAAAAAAAAAAAAAAAAAAAAAAAAAAAAAAAAAAAAAAAAAAAAAAAAAAAAAAAAAAAAAAAAAAAAAAAAAAAAAAAAAAAAAAAAAAAAAAAAAAAAAAAAAAAAAAAAAAAAAAAAAAAAAAAAAAAAAAAAAAAAAAAAAAAAAAAAAAAA+DOCFAAEUI01yAAAAAElFTkSuQmCC\"  alt=\"\"  class=\"wp-image-3929 pk-lazyload\"  data-pk-sizes=\"auto\"  data-ls-sizes=\"(max-width: 1160px) 100vw, 1160px\"  data-pk-src=\"https:\/\/www.sochic.com\/blog\/wp-content\/uploads\/2025\/05\/M000934144-1160x1740.webp\"  data-pk-srcset=\"https:\/\/www.sochic.com\/blog\/wp-content\/uploads\/2025\/05\/M000934144-1160x1740.webp 1160w, https:\/\/www.sochic.com\/blog\/wp-content\/uploads\/2025\/05\/M000934144-800x1200.webp 800w, https:\/\/www.sochic.com\/blog\/wp-content\/uploads\/2025\/05\/M000934144-1024x1536.webp 1024w, https:\/\/www.sochic.com\/blog\/wp-content\/uploads\/2025\/05\/M000934144-120x180.webp 120w, https:\/\/www.sochic.com\/blog\/wp-content\/uploads\/2025\/05\/M000934144-90x135.webp 90w, https:\/\/www.sochic.com\/blog\/wp-content\/uploads\/2025\/05\/M000934144-320x480.webp 320w, https:\/\/www.sochic.com\/blog\/wp-content\/uploads\/2025\/05\/M000934144-560x840.webp 560w, https:\/\/www.sochic.com\/blog\/wp-content\/uploads\/2025\/05\/M000934144.webp 1200w\" ><figcaption class=\"wp-element-caption\">incelemek i\u00e7in <a href=\"https:\/\/www.sochic.com\/p-dogal-turmalin-tasli-goz-figurlu-14-ayar-altin-bileklik-m000934144\" target=\"_blank\" rel=\"noreferrer noopener\">t\u0131klay\u0131n\u0131z!<\/a><\/figcaption><\/figure>\n\n\n\n<figure class=\"wp-block-image size-large\"><img  loading=\"lazy\"  decoding=\"async\"  width=\"1160\"  height=\"1738\"  data-id=\"3927\"  src=\"data:image\/png;base64,iVBORw0KGgoAAAANSUhEUgAABIgAAAbKAQMAAACX7dzOAAAAA1BMVEUAAP+KeNJXAAAAAXRSTlMAQObYZgAAAAlwSFlzAAAOxAAADsQBlSsOGwAAAQ1JREFUeNrtwTEBAAAAwqD1T20ND6AAAAAAAAAAAAAAAAAAAAAAAAAAAAAAAAAAAAAAAAAAAAAAAAAAAAAAAAAAAAAAAAAAAAAAAAAAAAAAAAAAAAAAAAAAAAAAAAAAAAAAAAAAAAAAAAAAAAAAAAAAAAAAAAAAAAAAAAAAAAAAAAAAAAAAAAAAAAAAAAAAAAAAAAAAAAAAAAAAAAAAAAAAAAAAAAAAAAAAAAAAAAAAAAAAAAAAAAAAAAAAAAAAAAAAAAAAAAAAAAAAAAAAAAAAAAAAAAAAAAAAAAAAAAAAAAAAAAAAAAAAAAAAAAAAAAAAAAAAAAAAAAAAAAAAAAAAAAAAAAAAAAAAAIAHA99hAAFIa+hwAAAAAElFTkSuQmCC\"  alt=\"\"  class=\"wp-image-3927 pk-lazyload\"  data-pk-sizes=\"auto\"  data-ls-sizes=\"(max-width: 1160px) 100vw, 1160px\"  data-pk-src=\"https:\/\/www.sochic.com\/blog\/wp-content\/uploads\/2025\/05\/M00315083643-1160x1738.webp\"  data-pk-srcset=\"https:\/\/www.sochic.com\/blog\/wp-content\/uploads\/2025\/05\/M00315083643-1160x1738.webp 1160w, https:\/\/www.sochic.com\/blog\/wp-content\/uploads\/2025\/05\/M00315083643-800x1199.webp 800w, https:\/\/www.sochic.com\/blog\/wp-content\/uploads\/2025\/05\/M00315083643-1025x1536.webp 1025w, https:\/\/www.sochic.com\/blog\/wp-content\/uploads\/2025\/05\/M00315083643-120x180.webp 120w, https:\/\/www.sochic.com\/blog\/wp-content\/uploads\/2025\/05\/M00315083643-90x135.webp 90w, https:\/\/www.sochic.com\/blog\/wp-content\/uploads\/2025\/05\/M00315083643-320x479.webp 320w, https:\/\/www.sochic.com\/blog\/wp-content\/uploads\/2025\/05\/M00315083643-560x839.webp 560w, https:\/\/www.sochic.com\/blog\/wp-content\/uploads\/2025\/05\/M00315083643.webp 1200w\" ><figcaption class=\"wp-element-caption\">incelemek i\u00e7in <a href=\"https:\/\/www.sochic.com\/p-dogal-inci-14-ayar-altin-kolye-m00315083643\" target=\"_blank\" rel=\"noreferrer noopener\">t\u0131klay\u0131n\u0131z!<\/a><\/figcaption><\/figure>\n\n\n\n<figure class=\"wp-block-image size-large\"><img  loading=\"lazy\"  decoding=\"async\"  width=\"1160\"  height=\"1738\"  data-id=\"3928\"  src=\"data:image\/png;base64,iVBORw0KGgoAAAANSUhEUgAABIgAAAbKAQMAAACX7dzOAAAAA1BMVEUAAP+KeNJXAAAAAXRSTlMAQObYZgAAAAlwSFlzAAAOxAAADsQBlSsOGwAAAQ1JREFUeNrtwTEBAAAAwqD1T20ND6AAAAAAAAAAAAAAAAAAAAAAAAAAAAAAAAAAAAAAAAAAAAAAAAAAAAAAAAAAAAAAAAAAAAAAAAAAAAAAAAAAAAAAAAAAAAAAAAAAAAAAAAAAAAAAAAAAAAAAAAAAAAAAAAAAAAAAAAAAAAAAAAAAAAAAAAAAAAAAAAAAAAAAAAAAAAAAAAAAAAAAAAAAAAAAAAAAAAAAAAAAAAAAAAAAAAAAAAAAAAAAAAAAAAAAAAAAAAAAAAAAAAAAAAAAAAAAAAAAAAAAAAAAAAAAAAAAAAAAAAAAAAAAAAAAAAAAAAAAAAAAAAAAAAAAAAAAAAAAAAAAAAAAAIAHA99hAAFIa+hwAAAAAElFTkSuQmCC\"  alt=\"\"  class=\"wp-image-3928 pk-lazyload\"  data-pk-sizes=\"auto\"  data-ls-sizes=\"(max-width: 1160px) 100vw, 1160px\"  data-pk-src=\"https:\/\/www.sochic.com\/blog\/wp-content\/uploads\/2025\/05\/M000931644-1160x1738.webp\"  data-pk-srcset=\"https:\/\/www.sochic.com\/blog\/wp-content\/uploads\/2025\/05\/M000931644-1160x1738.webp 1160w, https:\/\/www.sochic.com\/blog\/wp-content\/uploads\/2025\/05\/M000931644-800x1199.webp 800w, https:\/\/www.sochic.com\/blog\/wp-content\/uploads\/2025\/05\/M000931644-1025x1536.webp 1025w, https:\/\/www.sochic.com\/blog\/wp-content\/uploads\/2025\/05\/M000931644-120x180.webp 120w, https:\/\/www.sochic.com\/blog\/wp-content\/uploads\/2025\/05\/M000931644-90x135.webp 90w, https:\/\/www.sochic.com\/blog\/wp-content\/uploads\/2025\/05\/M000931644-320x479.webp 320w, https:\/\/www.sochic.com\/blog\/wp-content\/uploads\/2025\/05\/M000931644-560x839.webp 560w, https:\/\/www.sochic.com\/blog\/wp-content\/uploads\/2025\/05\/M000931644.webp 1200w\" ><figcaption class=\"wp-element-caption\">incelemek i\u00e7in <a href=\"https:\/\/www.sochic.com\/p-dogal-turkuaz-tasli-goz-figurlu-14-ayar-altin-bileklik-m000931644\" target=\"_blank\" rel=\"noreferrer noopener\">t\u0131klay\u0131n\u0131z!<\/a><\/figcaption><\/figure>\n<\/figure>\n\n\n\n<h2 id=\"turkiyede-hangi-degerli-taslar-bulunur\" class=\"wp-block-heading\">T\u00fcrkiye&#8217;de Hangi De\u011ferli Ta\u015flar Bulunur?<\/h2>\n\n\n\n<p>T\u00fcrkiye topraklar\u0131, yer alt\u0131ndan \u00e7\u0131kar\u0131lan nadir ve e\u015fsiz de\u011ferli ta\u015flar\u0131n ba\u015fl\u0131ca kaynaklar\u0131na ev sahipli\u011fi yapmaktad\u0131r. Her bir ta\u015f\u0131n kendine \u00f6zg\u00fc rengi, yap\u0131s\u0131 ve enerjisi bulunur. A\u015fa\u011f\u0131da T\u00fcrkiye\u2019de en \u00e7ok bilinen baz\u0131 de\u011ferli ta\u015flar ve bunlar\u0131n \u00f6zelliklerini inceleyebilirsiniz:<\/p>\n\n\n\n<ul class=\"wp-block-list\">\n<li><strong>Z\u00fcmr\u00fct:<\/strong> Parlak ye\u015fil tonu ve simgesel anlam\u0131 ile bilinen z\u00fcmr\u00fct, zarafetin ve bollu\u011fun simgesidir.<\/li>\n\n\n\n<li><strong>Kehribar:<\/strong> Binlerce y\u0131l \u00f6ncesine dayanan tarihi ve organik yap\u0131s\u0131 ile dikkat \u00e7eken kehribar, ge\u00e7mi\u015fin izlerini g\u00fcn\u00fcm\u00fcze ta\u015f\u0131r.<\/li>\n\n\n\n<li><strong>Obsidyen: <\/strong>Siyah ve parlak y\u00fczeyiyle, antik uygarl\u0131klarda koruyucu t\u0131ls\u0131m olarak kullan\u0131lan obsidyen, mistik bir yap\u0131 ta\u015f\u0131r.<\/li>\n\n\n\n<li><strong>Ametist:<\/strong> Mor rengi ile sakinle\u015ftirici \u00f6zellikleri olan ametist, ruhsal denge ve huzurun sembol\u00fcd\u00fcr.<\/li>\n\n\n\n<li><strong>Kalsedon:<\/strong> Yumu\u015fak ve \u015feffaf yap\u0131s\u0131 ile bilinen kalsedon, estetik de\u011feri y\u00fcksek tak\u0131lar i\u00e7in tercih edilir.<\/li>\n\n\n\n<li><strong>Kaplan G\u00f6z\u00fc Ta\u015f\u0131 (Tiger&#8217;s Eye):<\/strong> Kahverengi, sar\u0131 ve alt\u0131n renklerinin harmanlanmas\u0131 ile olu\u015fturdu\u011fu e\u015fsiz g\u00f6r\u00fcnt\u00fc, bu ta\u015f\u0131 cazip k\u0131lar; koruyucu enerjisi oldu\u011fu s\u00f6ylenir.<\/li>\n\n\n\n<li><strong>Oniks:<\/strong> Derin siyah rengiyle g\u00fc\u00e7, dayan\u0131kl\u0131l\u0131k ve \u015f\u0131kl\u0131\u011f\u0131 temsil eden oniks, modern tasar\u0131mlarda s\u0131k\u00e7a kullan\u0131lan bir ta\u015ft\u0131r.<\/li>\n<\/ul>\n\n\n\n<h2 id=\"turkiyenin-zengin-dogal-tas-potansiyeli\" class=\"wp-block-heading\">T\u00fcrkiye&#8217;nin Zengin Do\u011fal Ta\u015f Potansiyeli<\/h2>\n\n\n\n<p>Co\u011frafi konumu ve zengin yeralt\u0131 kaynaklar\u0131 sayesinde T\u00fcrkiye, do\u011fal ta\u015f potansiyeli bak\u0131m\u0131ndan olduk\u00e7a g\u00fc\u00e7l\u00fc bir \u00fclkedir. \u00dclkemizin k\u0131talararas\u0131 konumu, hem Asya hem de Avrupa\u2019n\u0131n de\u011ferli maden yataklar\u0131n\u0131 bir araya getirmektedir. Bu durum, hem yerel ekonomiye hem de tak\u0131 sekt\u00f6r\u00fcne ciddi katk\u0131lar sa\u011flamaktad\u0131r. \u00d6zellikle <a href=\"https:\/\/www.sochic.com\/dogal-tasli-kolye-c-1005\" target=\"_blank\" rel=\"noreferrer noopener\">do\u011fal ta\u015fl\u0131 kolye<\/a> ve erkek bileklik gibi \u00fcr\u00fcnlerde kullan\u0131lan do\u011fal ta\u015flar, y\u00fcksek kaliteli i\u015f\u00e7ilikle birle\u015fti\u011finde benzersiz koleksiyonlar ortaya \u00e7\u0131karmaktad\u0131r.<\/p>\n\n\n\n<p>De\u011ferli ta\u015flar\u0131n yer alt\u0131ndaki olu\u015fum s\u00fcre\u00e7leri, milyonlarca y\u0131l s\u00fcren do\u011fal evrimin bir sonucudur. Ta\u015flar\u0131n kristal yap\u0131lar\u0131, b\u00f6lgelerin jeolojik ge\u00e7mi\u015fi ve olu\u015fum ko\u015fullar\u0131, onlara farkl\u0131 enerji ve \u015fifa \u00f6zellikleri kazand\u0131r\u0131r. Bir\u00e7ok k\u00fclt\u00fcrde, \u00f6zellikle \u0130slam, Yunan ve Roma medeniyetlerinde, bu ta\u015flara mistik g\u00fc\u00e7ler atfedilmi\u015ftir. G\u00fcn\u00fcm\u00fczde ise bu ta\u015flar\u0131n sembolik anlamlar\u0131, modern tasar\u0131m ve modan\u0131n vazge\u00e7ilmez unsurlar\u0131ndan biri haline gelmi\u015ftir.<\/p>\n\n\n\n<h2 id=\"degerli-taslar-turkiyede-hangi-bolgelerde-cikarilir\" class=\"wp-block-heading\">De\u011ferli Ta\u015flar T\u00fcrkiye\u2019de Hangi B\u00f6lgelerde \u00c7\u0131kar\u0131l\u0131r?<\/h2>\n\n\n\n<p>T\u00fcrkiye genelinde farkl\u0131 b\u00f6lgeler, kendine has jeolojik \u00f6zellikleri sayesinde de\u011ferli ta\u015flar bak\u0131m\u0131ndan zengindir. B\u00f6lgelerin yer alt\u0131 yap\u0131lar\u0131 ve iklim ko\u015fullar\u0131, hangi ta\u015flar\u0131n \u00e7\u0131kar\u0131laca\u011f\u0131n\u0131 belirler. \u0130\u015fte T\u00fcrkiye\u2019deki baz\u0131 \u00f6nemli de\u011ferli ta\u015f \u00e7\u0131kar\u0131m b\u00f6lgeleri:<\/p>\n\n\n\n<ul class=\"wp-block-list\">\n<li><strong>Do\u011fu Anadolu:<\/strong> Bu b\u00f6lge, \u00f6zellikle ametist ve obsidyen gibi ta\u015flar\u0131n \u00e7\u0131kar\u0131ld\u0131\u011f\u0131 \u00f6nemli bir merkezdir. Jeolojik yap\u0131, i\u015flenmi\u015f minerallerin olu\u015fmas\u0131na zemin haz\u0131rlamaktad\u0131r.<\/li>\n\n\n\n<li><strong>Ege B\u00f6lgesi:<\/strong> Z\u00fcmr\u00fct ve kalsedon gibi ta\u015flar\u0131n yan\u0131 s\u0131ra, kaplan g\u00f6z\u00fc ta\u015f\u0131 gibi enerjik \u00f6zelliklere sahip ta\u015flar bu co\u011frafyada bulunur. B\u00f6lgedeki maden yataklar\u0131 ayr\u0131ca do\u011fal ta\u015fl\u0131 kolye koleksiyonlar\u0131n\u0131n \u00fcretiminde de kullan\u0131lmaktad\u0131r.<\/li>\n\n\n\n<li><strong>Marmara B\u00f6lgesi:<\/strong> \u00d6zellikle tarihi ticaret yollar\u0131 \u00fczerinde yer alan bu b\u00f6lge, hem eski uygarl\u0131klar\u0131n izlerini ta\u015f\u0131yan hem de modern tak\u0131 trendlerine uygun de\u011ferli ta\u015flar\u0131yla dikkat \u00e7eker.<\/li>\n\n\n\n<li><strong>Akdeniz B\u00f6lgesi: <\/strong>G\u00fcneyin s\u0131cak ve enerjik havas\u0131, b\u00f6lgedeki kehribar ve oniks gibi ta\u015flar\u0131n olu\u015fumunda rol oynar. Modern tasar\u0131mlarda kullan\u0131lan erkek bileklik ve <a href=\"https:\/\/www.sochic.com\/safir-kolye-c-1011\" target=\"_blank\" rel=\"noreferrer noopener\">safir kolye<\/a> modelleri, bu b\u00f6lgede \u00e7\u0131kar\u0131lan ta\u015flar\u0131n zarafetini yans\u0131t\u0131r.<\/li>\n<\/ul>\n\n\n\n<h2 id=\"turkiyedeki-degerli-taslar-taki-sektorunde-nasil-kullanilir\" class=\"wp-block-heading\">T\u00fcrkiye&#8217;deki De\u011ferli Ta\u015flar Tak\u0131 Sekt\u00f6r\u00fcnde Nas\u0131l Kullan\u0131l\u0131r?<\/h2>\n\n\n\n<p>De\u011ferli ta\u015flar\u0131n tak\u0131 sekt\u00f6r\u00fcndeki yeri, hem estetik de\u011ferleri hem de enerjik \u00f6zelliklerinden kaynaklan\u0131r. \u00d6zellikle son y\u0131llarda, do\u011fal ta\u015fl\u0131 kolye, <a href=\"https:\/\/www.sochic.com\/zumrut-kolye-c-1008\" target=\"_blank\" rel=\"noreferrer noopener\">z\u00fcmr\u00fct kolye<\/a>, yakut renkli kolye gibi \u00fcr\u00fcnler, modern tasar\u0131m\u0131n \u00f6nc\u00fc \u00f6rnekleri aras\u0131nda yer alm\u0131\u015ft\u0131r. Tak\u0131 tasar\u0131mc\u0131lar\u0131, bu ta\u015flar\u0131n do\u011fal yap\u0131s\u0131ndan ilham alarak, modern \u00e7izgilerle birle\u015fen estetik \u00fcr\u00fcnler ortaya \u00e7\u0131karmaktad\u0131r.<\/p>\n\n\n\n<p>De\u011ferli ta\u015flar, ni\u015fan y\u00fcz\u00fcklerinden g\u00fcnl\u00fck kullan\u0131m tak\u0131lar\u0131na kadar \u00e7ok geni\u015f bir yelpazede kullan\u0131lmaktad\u0131r. \u00d6rne\u011fin, yanl\u0131\u015f bir se\u00e7im yap\u0131ld\u0131\u011f\u0131nda safir kolye veya z\u00fcmr\u00fct kolye tercih edilerek hem \u015f\u0131kl\u0131k hem de anlam derinli\u011fi sa\u011flanabilir. Ayr\u0131ca <a href=\"https:\/\/www.sochic.com\/erkek-bileklik-c-8002\" target=\"_blank\" rel=\"noreferrer noopener\">erkek bileklik<\/a> gibi aksesuarlar da, enerjik ve do\u011fal ta\u015flar\u0131n kullan\u0131m\u0131yla modern erkek modas\u0131nda \u00f6n plana \u00e7\u0131kmaktad\u0131r.<\/p>\n\n\n\n<h2 id=\"dogal-taslarin-anlamlari-ve-enerjik-ozellikleri-nelerdir\" class=\"wp-block-heading\">Do\u011fal Ta\u015flar\u0131n Anlamlar\u0131 ve Enerjik \u00d6zellikleri Nelerdir?<\/h2>\n\n\n\n<p>Do\u011fal ta\u015flar, uzun y\u0131llard\u0131r \u00e7e\u015fitli k\u00fclt\u00fcrlerde koruyucu, \u015fifa veren ve enerjiyi dengeleyen objeler olarak kullan\u0131lm\u0131\u015ft\u0131r. Bu ta\u015flar, sadece g\u00f6rsel g\u00fczellikleriyle de\u011fil, ayn\u0131 zamanda ta\u015f\u0131d\u0131klar\u0131 anlamlar ve enerjik \u00f6zellikleriyle de de\u011fer kazan\u0131r. \u0130\u015fte baz\u0131 ta\u015flar\u0131n anlamlar\u0131na dair genel \u00f6zellikler:<\/p>\n\n\n\n<ul class=\"wp-block-list\">\n<li><strong>Z\u00fcmr\u00fct: <\/strong>Yeniden do\u011fu\u015f, bereket ve a\u015fk\u0131 simgeler. Tak\u0131 \u015feklinde kullan\u0131ld\u0131\u011f\u0131nda dikkat \u00e7ekici ve l\u00fcks bir g\u00f6r\u00fcn\u00fcm sunar.<\/li>\n\n\n\n<li><strong>Kehribar: <\/strong>Ge\u00e7mi\u015fle ba\u011flant\u0131y\u0131 ve an\u0131lar\u0131 temsil eder. Do\u011fal yap\u0131s\u0131 sayesinde duygusal dengeyi sa\u011flar.<\/li>\n\n\n\n<li><strong>Obsidyen:<\/strong> Koruyucu bir enerjiye sahip oldu\u011fu s\u00f6ylenir; negatif enerjiyi uzakla\u015ft\u0131rd\u0131\u011f\u0131na inan\u0131l\u0131r.<\/li>\n\n\n\n<li><strong>Ametist: <\/strong>Zihinsel dinginlik ve denge getirir. Stresi azalt\u0131c\u0131 \u00f6zellikleri ile bilinir.<\/li>\n\n\n\n<li><strong>Kalsedon: <\/strong>Sakinlik ve uyumun sembol\u00fcd\u00fcr; ileti\u015fim ve anlay\u0131\u015fa katk\u0131da bulunur.<\/li>\n\n\n\n<li><strong>Kaplan G\u00f6z\u00fc Ta\u015f\u0131:<\/strong> Cesaret, g\u00fc\u00e7 ve koruma ile ili\u015fkilendirilir; \u00f6zellikle zorlu d\u00f6nemlerde destekleyici enerji sunar.<\/li>\n\n\n\n<li><strong>Oniks: <\/strong>Dayan\u0131kl\u0131l\u0131\u011f\u0131 ve g\u00fcc\u00fc temsil eder; modern tasar\u0131mlarda \u015f\u0131kl\u0131\u011f\u0131 tamamlayan bir unsur olarak yer al\u0131r.<\/li>\n<\/ul>\n\n\n\n<h2 id=\"degerli-taslar-ve-bolgesel-ekonomiye-katkilari\" class=\"wp-block-heading\">De\u011ferli Ta\u015flar ve B\u00f6lgesel Ekonomiye Katk\u0131lar\u0131<\/h2>\n\n\n\n<p>T\u00fcrkiye&#8217;deki de\u011ferli ta\u015flar\u0131n \u00e7\u0131kar\u0131lmas\u0131 ve i\u015flenmesi, b\u00f6lgesel ekonomi \u00fczerinde olumlu etkiler yaratmaktad\u0131r. Maden ocaklar\u0131n\u0131n faaliyetleri, yerel halka istihdam sa\u011flar ve b\u00f6lgenin ekonomik kalk\u0131nmas\u0131na katk\u0131da bulunur. Bu ta\u015flardan elde edilen gelir, yerel i\u015fletmelerin geli\u015fmesine, altyap\u0131 yat\u0131r\u0131mlar\u0131na ve turizme yans\u0131yarak, ekonomik d\u00f6ng\u00fcn\u00fcn canlanmas\u0131nda \u00f6nemli rol oynar.<\/p>\n\n\n\n<p>\u00d6zellikle tak\u0131 sekt\u00f6r\u00fcnde kullan\u0131lan do\u011fal ta\u015fl\u0131 kolye, z\u00fcmr\u00fct kolye gibi \u00fcr\u00fcnler, hem yerli \u00fcretimin hem de ihracat\u0131n desteklenmesine yard\u0131mc\u0131 olmaktad\u0131r. Modern tasar\u0131m trendlerinin yakalanmas\u0131 ve t\u00fcketicilerin do\u011fal ta\u015flara olan ilgisi, bu alandaki yat\u0131r\u0131mlar\u0131 da art\u0131rmaktad\u0131r. G\u00fcn\u00fcm\u00fczde, So CHIC gibi \u00f6nc\u00fc markalar, y\u00fcksek kalite standartlar\u0131nda \u00fcretilen \u00fcr\u00fcnleriyle hem ulusal hem de uluslararas\u0131 pazarda s\u00f6z sahibi olmaktad\u0131r.<\/p>\n\n\n\n<figure class=\"wp-block-image size-large\"><img  loading=\"lazy\"  decoding=\"async\"  width=\"1160\"  height=\"653\"  src=\"data:image\/png;base64,iVBORw0KGgoAAAANSUhEUgAABIgAAAKNAQMAAABx\/8IJAAAAA1BMVEUAAP+KeNJXAAAAAXRSTlMAQObYZgAAAAlwSFlzAAAOxAAADsQBlSsOGwAAAHNJREFUeNrtwTEBAAAAwqD1T20ND6AAAAAAAAAAAAAAAAAAAAAAAAAAAAAAAAAAAAAAAAAAAAAAAAAAAAAAAAAAAAAAAAAAAAAAAAAAAAAAAAAAAAAAAAAAAAAAAAAAAAAAAAAAAAAAAAAAAAAAAAAAAPgwdHkAAc7CT7QAAAAASUVORK5CYII=\"  alt=\"\"  class=\"wp-image-3930 pk-lazyload\"  data-pk-sizes=\"auto\"  data-ls-sizes=\"(max-width: 1160px) 100vw, 1160px\"  data-pk-src=\"https:\/\/www.sochic.com\/blog\/wp-content\/uploads\/2025\/05\/9-1160x653.jpg\"  data-pk-srcset=\"https:\/\/www.sochic.com\/blog\/wp-content\/uploads\/2025\/05\/9-1160x653.jpg 1160w, https:\/\/www.sochic.com\/blog\/wp-content\/uploads\/2025\/05\/9-800x450.jpg 800w, https:\/\/www.sochic.com\/blog\/wp-content\/uploads\/2025\/05\/9-1536x864.jpg 1536w, https:\/\/www.sochic.com\/blog\/wp-content\/uploads\/2025\/05\/9-120x68.jpg 120w, https:\/\/www.sochic.com\/blog\/wp-content\/uploads\/2025\/05\/9-90x51.jpg 90w, https:\/\/www.sochic.com\/blog\/wp-content\/uploads\/2025\/05\/9-320x180.jpg 320w, https:\/\/www.sochic.com\/blog\/wp-content\/uploads\/2025\/05\/9-560x315.jpg 560w, https:\/\/www.sochic.com\/blog\/wp-content\/uploads\/2025\/05\/9.jpg 1920w\" ><\/figure>\n\n\n\n<p>De\u011ferli ta\u015flar\u0131n ekonomik etkisinin yan\u0131s\u0131ra, bu ta\u015flar\u0131n k\u00fclt\u00fcrel miras\u0131m\u0131zdaki yeri de olduk\u00e7a \u00f6nemlidir. Her bir ta\u015f, tarih boyunca yapm\u0131\u015f olduklar\u0131 ticari, sanatsal ve k\u00fclt\u00fcrel katk\u0131larla \u00f6zde\u015fle\u015fmi\u015ftir. Bu y\u00fczden, do\u011fadan gelen bir hazine olarak de\u011ferlendirilen do\u011fal ta\u015flar, modern ekonomiyle geleneksel de\u011ferlerin birle\u015fimini simgelemektedir.<\/p>\n\n\n\n<p>So CHIC imzal\u0131 koleksiyonlar, yaln\u0131zca bir aksesuar olman\u0131n \u00f6tesinde, kullan\u0131c\u0131s\u0131na tarz katan, enerjisini dengeleyen ve ayn\u0131 zamanda estetik bir zevk sunan \u00f6zel par\u00e7alard\u0131r. Do\u011fal ta\u015flar\u0131n anlamlar\u0131n\u0131 ve enerjik \u00f6zelliklerini g\u00fcnl\u00fck hayata entegre eden bu \u00fcr\u00fcnler, modern ya\u015fam\u0131n ihtiya\u00e7lar\u0131yla uyumlu olarak tasarlanm\u0131\u015ft\u0131r. Z\u00fcmr\u00fct\u00fcn ipeksi dokusu, kehribar\u0131n tarihsel miras\u0131, obsidyenin gizemli \u00e7ekicili\u011fi ve ametistin huzur veren enerjisi, T\u00fcrkiye&#8217;nin do\u011fal ta\u015f potansiyelini g\u00f6zler \u00f6n\u00fcne sermektedir. Bu de\u011ferli ta\u015flar, hem modern tak\u0131 tasar\u0131m\u0131nda yer al\u0131rken hem de b\u00f6lgesel ekonomiye ve k\u00fclt\u00fcrel mirasa \u00f6nemli katk\u0131lar sa\u011flamaktad\u0131r.<\/p>\n\n\n\n<p>De\u011ferli ta\u015flar\u0131n \u00f6zellikleri, enerjileri ve anlamlar\u0131, t\u00fcretilen eserlere ayr\u0131 bir ruh kazand\u0131r\u0131r. T\u00fcrkiye&#8217;deki de\u011ferli ta\u015flar\u0131n bulundu\u011fu b\u00f6lgeler, sadece do\u011fal kaynak zenginli\u011fimizin bir g\u00f6stergesi de\u011fil; ayn\u0131 zamanda k\u00fclt\u00fcrel ve ekonomik kalk\u0131nmam\u0131z\u0131n temel ta\u015flar\u0131d\u0131r. Gelece\u011fe d\u00f6n\u00fck at\u0131lacak ad\u0131mlarla, bu e\u015fsiz do\u011fa hazinelerinin hem korunmas\u0131 hem de modern tasar\u0131m \u00fcr\u00fcnlerine entegre edilmesi, \u00fclkemize ve d\u00fcnya pazar\u0131na daha fazla de\u011fer katacakt\u0131r. So CHIC markas\u0131 olarak, siz de\u011ferli okuyucular\u0131m\u0131z\u0131, bu benzersiz do\u011fal ta\u015f miras\u0131n\u0131 yak\u0131ndan tan\u0131maya, g\u00fczellik ve estetikle harmanlanan \u00fcr\u00fcnlerimizi ke\u015ffetmeye davet ediyoruz.<\/p>\n","protected":false},"excerpt":{"rendered":"<p>T\u00fcrkiye, tarihi zenginlikleri kadar do\u011fal kaynaklar\u0131 ve de\u011ferli ta\u015flar\u0131yla da \u00f6ne \u00e7\u0131kan bir co\u011frafyad\u0131r. \u00dclkemizin \u00e7e\u015fitli b\u00f6lgelerinde \u00e7\u0131kar\u0131lan z\u00fcmr\u00fct, kehribar, obsidyen, ametist, kalsedon, kaplan g\u00f6z\u00fc ta\u015f\u0131 ve oniks gibi ta\u015flar,&hellip;<\/p>\n","protected":false},"author":2,"featured_media":3931,"comment_status":"open","ping_status":"open","sticky":false,"template":"","format":"standard","meta":{"footnotes":""},"categories":[12],"tags":[],"powerkit_post_featured":[],"class_list":{"0":"post-3926","1":"post","2":"type-post","3":"status-publish","4":"format-standard","5":"has-post-thumbnail","7":"category-faydali-bilgiler"},"yoast_head":"<title>T\u00fcrkiye&#039;deki De\u011ferli Ta\u015flar ve \u00c7\u0131kar\u0131ld\u0131klar\u0131 B\u00f6lgeler | So CHIC...<\/title>\n<meta name=\"description\" content=\"T\u00fcrkiye, tarihi zenginlikleri kadar do\u011fal kaynaklar\u0131 ve de\u011ferli ta\u015flar\u0131yla da \u00f6ne \u00e7\u0131kan bir co\u011frafyad\u0131r. \u00dclkemizin \u00e7e\u015fitli b\u00f6lgelerinde \u00e7\u0131kar\u0131lan z\u00fcmr\u00fct, | T\u00fcrkiye&#039;deki De\u011ferli Ta\u015flar ve \u00c7\u0131kar\u0131ld\u0131klar\u0131 B\u00f6lgeler T\u00fcrkiye topraklar\u0131, yer alt\u0131ndan \u00e7\u0131kar\u0131lan nadir ve e\u015fsiz de\u011ferli ta\u015flar\u0131n ba\u015fl\u0131ca kaynaklar\u0131na ev sahipli\u011fi yapmaktad\u0131r. Her ta\u015f kendine \u00f6zg\u00fcd\u00fcr.\" \/>\n<meta name=\"robots\" content=\"index, follow, max-snippet:-1, max-image-preview:large, max-video-preview:-1\" \/>\n<link rel=\"canonical\" href=\"https:\/\/www.sochic.com\/blog\/turkiyedeki-degerli-taslar-ve-cikarildiklari-bolgeler\" \/>\n<meta property=\"og:locale\" content=\"tr_TR\" \/>\n<meta property=\"og:type\" content=\"article\" \/>\n<meta property=\"og:title\" content=\"T\u00fcrkiye&#039;deki De\u011ferli Ta\u015flar ve \u00c7\u0131kar\u0131ld\u0131klar\u0131 B\u00f6lgeler | So CHIC...\" \/>\n<meta property=\"og:description\" content=\"T\u00fcrkiye, tarihi zenginlikleri kadar do\u011fal kaynaklar\u0131 ve de\u011ferli ta\u015flar\u0131yla da \u00f6ne \u00e7\u0131kan bir co\u011frafyad\u0131r. \u00dclkemizin \u00e7e\u015fitli b\u00f6lgelerinde \u00e7\u0131kar\u0131lan z\u00fcmr\u00fct, | T\u00fcrkiye&#039;deki De\u011ferli Ta\u015flar ve \u00c7\u0131kar\u0131ld\u0131klar\u0131 B\u00f6lgeler T\u00fcrkiye topraklar\u0131, yer alt\u0131ndan \u00e7\u0131kar\u0131lan nadir ve e\u015fsiz de\u011ferli ta\u015flar\u0131n ba\u015fl\u0131ca kaynaklar\u0131na ev sahipli\u011fi yapmaktad\u0131r. Her ta\u015f kendine \u00f6zg\u00fcd\u00fcr.\" \/>\n<meta property=\"og:url\" content=\"https:\/\/www.sochic.com\/blog\/turkiyedeki-degerli-taslar-ve-cikarildiklari-bolgeler\" \/>\n<meta property=\"og:site_name\" content=\"So CHIC...\" \/>\n<meta property=\"article:publisher\" content=\"https:\/\/www.facebook.com\/SoCHICGlobal\" \/>\n<meta property=\"article:published_time\" content=\"2025-05-29T04:47:44+00:00\" \/>\n<meta property=\"article:modified_time\" content=\"2026-03-16T11:33:40+00:00\" \/>\n<meta property=\"og:image\" content=\"https:\/\/www.sochic.com\/blog\/wp-content\/uploads\/2025\/05\/Turkiyedeki-Degerli-Taslar-ve-Cikarildiklari-Bolgeler.jpg\" \/>\n\t<meta property=\"og:image:width\" content=\"1920\" \/>\n\t<meta property=\"og:image:height\" content=\"1080\" \/>\n\t<meta property=\"og:image:type\" content=\"image\/jpeg\" \/>\n<meta name=\"author\" content=\"So CHIC...\" \/>\n<meta name=\"twitter:card\" content=\"summary_large_image\" \/>\n<meta name=\"twitter:creator\" content=\"@SochicGlobal\" \/>\n<meta name=\"twitter:site\" content=\"@SochicGlobal\" \/>\n<script type=\"application\/ld+json\" class=\"yoast-schema-graph\">{\"@context\":\"https:\/\/schema.org\",\"@graph\":[{\"@type\":[\"Article\",\"BlogPosting\"],\"@id\":\"https:\/\/www.sochic.com\/blog\/turkiyedeki-degerli-taslar-ve-cikarildiklari-bolgeler#article\",\"isPartOf\":{\"@id\":\"https:\/\/www.sochic.com\/blog\/turkiyedeki-degerli-taslar-ve-cikarildiklari-bolgeler\"},\"author\":{\"name\":\"So CHIC...\",\"@id\":\"https:\/\/www.sochic.com\/blog\/#\/schema\/person\/217ac4906bdabe9ce9dc8568969acfdf\"},\"headline\":\"T\u00fcrkiye&#8217;deki De\u011ferli Ta\u015flar ve \u00c7\u0131kar\u0131ld\u0131klar\u0131 B\u00f6lgeler\",\"datePublished\":\"2025-05-29T04:47:44+00:00\",\"dateModified\":\"2026-03-16T11:33:40+00:00\",\"mainEntityOfPage\":{\"@id\":\"https:\/\/www.sochic.com\/blog\/turkiyedeki-degerli-taslar-ve-cikarildiklari-bolgeler\"},\"wordCount\":1642,\"commentCount\":0,\"publisher\":{\"@id\":\"https:\/\/www.sochic.com\/blog\/#organization\"},\"image\":{\"@id\":\"https:\/\/www.sochic.com\/blog\/turkiyedeki-degerli-taslar-ve-cikarildiklari-bolgeler#primaryimage\"},\"thumbnailUrl\":\"https:\/\/www.sochic.com\/blog\/wp-content\/uploads\/2025\/05\/Turkiyedeki-Degerli-Taslar-ve-Cikarildiklari-Bolgeler.jpg\",\"articleSection\":[\"Faydal\u0131 Bilgiler\"],\"inLanguage\":\"tr\",\"potentialAction\":[{\"@type\":\"CommentAction\",\"name\":\"Comment\",\"target\":[\"https:\/\/www.sochic.com\/blog\/turkiyedeki-degerli-taslar-ve-cikarildiklari-bolgeler#respond\"]}]},{\"@type\":\"WebPage\",\"@id\":\"https:\/\/www.sochic.com\/blog\/turkiyedeki-degerli-taslar-ve-cikarildiklari-bolgeler\",\"url\":\"https:\/\/www.sochic.com\/blog\/turkiyedeki-degerli-taslar-ve-cikarildiklari-bolgeler\",\"name\":\"T\u00fcrkiye'deki De\u011ferli Ta\u015flar ve \u00c7\u0131kar\u0131ld\u0131klar\u0131 B\u00f6lgeler | So CHIC...\",\"isPartOf\":{\"@id\":\"https:\/\/www.sochic.com\/blog\/#website\"},\"primaryImageOfPage\":{\"@id\":\"https:\/\/www.sochic.com\/blog\/turkiyedeki-degerli-taslar-ve-cikarildiklari-bolgeler#primaryimage\"},\"image\":{\"@id\":\"https:\/\/www.sochic.com\/blog\/turkiyedeki-degerli-taslar-ve-cikarildiklari-bolgeler#primaryimage\"},\"thumbnailUrl\":\"https:\/\/www.sochic.com\/blog\/wp-content\/uploads\/2025\/05\/Turkiyedeki-Degerli-Taslar-ve-Cikarildiklari-Bolgeler.jpg\",\"datePublished\":\"2025-05-29T04:47:44+00:00\",\"dateModified\":\"2026-03-16T11:33:40+00:00\",\"description\":\"T\u00fcrkiye, tarihi zenginlikleri kadar do\u011fal kaynaklar\u0131 ve de\u011ferli ta\u015flar\u0131yla da \u00f6ne \u00e7\u0131kan bir co\u011frafyad\u0131r. \u00dclkemizin \u00e7e\u015fitli b\u00f6lgelerinde \u00e7\u0131kar\u0131lan z\u00fcmr\u00fct, | T\u00fcrkiye'deki De\u011ferli Ta\u015flar ve \u00c7\u0131kar\u0131ld\u0131klar\u0131 B\u00f6lgeler T\u00fcrkiye topraklar\u0131, yer alt\u0131ndan \u00e7\u0131kar\u0131lan nadir ve e\u015fsiz de\u011ferli ta\u015flar\u0131n ba\u015fl\u0131ca kaynaklar\u0131na ev sahipli\u011fi yapmaktad\u0131r. Her ta\u015f kendine \u00f6zg\u00fcd\u00fcr.\",\"breadcrumb\":{\"@id\":\"https:\/\/www.sochic.com\/blog\/turkiyedeki-degerli-taslar-ve-cikarildiklari-bolgeler#breadcrumb\"},\"inLanguage\":\"tr\",\"potentialAction\":[{\"@type\":\"ReadAction\",\"target\":[\"https:\/\/www.sochic.com\/blog\/turkiyedeki-degerli-taslar-ve-cikarildiklari-bolgeler\"]}]},{\"@type\":\"ImageObject\",\"inLanguage\":\"tr\",\"@id\":\"https:\/\/www.sochic.com\/blog\/turkiyedeki-degerli-taslar-ve-cikarildiklari-bolgeler#primaryimage\",\"url\":\"https:\/\/www.sochic.com\/blog\/wp-content\/uploads\/2025\/05\/Turkiyedeki-Degerli-Taslar-ve-Cikarildiklari-Bolgeler.jpg\",\"contentUrl\":\"https:\/\/www.sochic.com\/blog\/wp-content\/uploads\/2025\/05\/Turkiyedeki-Degerli-Taslar-ve-Cikarildiklari-Bolgeler.jpg\",\"width\":1920,\"height\":1080,\"caption\":\"T\u00fcrkiye'deki De\u011ferli Ta\u015flar ve \u00c7\u0131kar\u0131ld\u0131klar\u0131 B\u00f6lgeler\"},{\"@type\":\"BreadcrumbList\",\"@id\":\"https:\/\/www.sochic.com\/blog\/turkiyedeki-degerli-taslar-ve-cikarildiklari-bolgeler#breadcrumb\",\"itemListElement\":[{\"@type\":\"ListItem\",\"position\":1,\"name\":\"Anasayfa\",\"item\":\"https:\/\/www.sochic.com\/blog\/\"},{\"@type\":\"ListItem\",\"position\":2,\"name\":\"Faydal\u0131 Bilgiler\",\"item\":\"https:\/\/www.sochic.com\/blog\/faydali-bilgiler\"},{\"@type\":\"ListItem\",\"position\":3,\"name\":\"T\u00fcrkiye&#8217;deki De\u011ferli Ta\u015flar ve \u00c7\u0131kar\u0131ld\u0131klar\u0131 B\u00f6lgeler\"}]},{\"@type\":\"WebSite\",\"@id\":\"https:\/\/www.sochic.com\/blog\/#website\",\"url\":\"https:\/\/www.sochic.com\/blog\/\",\"name\":\"So CHIC...\",\"description\":\"So CHIC Blog\",\"publisher\":{\"@id\":\"https:\/\/www.sochic.com\/blog\/#organization\"},\"alternateName\":\"So CHIC\",\"potentialAction\":[{\"@type\":\"SearchAction\",\"target\":{\"@type\":\"EntryPoint\",\"urlTemplate\":\"https:\/\/www.sochic.com\/blog\/?s={search_term_string}\"},\"query-input\":{\"@type\":\"PropertyValueSpecification\",\"valueRequired\":true,\"valueName\":\"search_term_string\"}}],\"inLanguage\":\"tr\"},{\"@type\":\"Organization\",\"@id\":\"https:\/\/www.sochic.com\/blog\/#organization\",\"name\":\"So CHIC...\",\"alternateName\":\"So CHIC\",\"url\":\"https:\/\/www.sochic.com\/blog\/\",\"logo\":{\"@type\":\"ImageObject\",\"inLanguage\":\"tr\",\"@id\":\"https:\/\/www.sochic.com\/blog\/#\/schema\/logo\/image\/\",\"url\":\"https:\/\/sochic.com\/blog\/wp-content\/uploads\/2022\/11\/sochic-facebook-logo.png\",\"contentUrl\":\"https:\/\/sochic.com\/blog\/wp-content\/uploads\/2022\/11\/sochic-facebook-logo.png\",\"width\":800,\"height\":800,\"caption\":\"So CHIC...\"},\"image\":{\"@id\":\"https:\/\/www.sochic.com\/blog\/#\/schema\/logo\/image\/\"},\"sameAs\":[\"https:\/\/www.facebook.com\/SoCHICGlobal\",\"https:\/\/x.com\/SochicGlobal\",\"https:\/\/www.instagram.com\/sochicofficial\/\",\"https:\/\/www.youtube.com\/user\/SoCHICGlobal\"]},{\"@type\":\"Person\",\"@id\":\"https:\/\/www.sochic.com\/blog\/#\/schema\/person\/217ac4906bdabe9ce9dc8568969acfdf\",\"name\":\"So CHIC...\",\"image\":{\"@type\":\"ImageObject\",\"inLanguage\":\"tr\",\"@id\":\"https:\/\/www.sochic.com\/blog\/#\/schema\/person\/image\/\",\"url\":\"https:\/\/secure.gravatar.com\/avatar\/84475e064453b1a507b62af79954a400?s=96&d=mm&r=g\",\"contentUrl\":\"https:\/\/secure.gravatar.com\/avatar\/84475e064453b1a507b62af79954a400?s=96&d=mm&r=g\",\"caption\":\"So CHIC...\"},\"sameAs\":[\"http:\/\/www.sochic.com\"]}]}<\/script>","yoast_head_json":{"title":"T\u00fcrkiye'deki De\u011ferli Ta\u015flar ve \u00c7\u0131kar\u0131ld\u0131klar\u0131 B\u00f6lgeler | So CHIC...","description":"T\u00fcrkiye, tarihi zenginlikleri kadar do\u011fal kaynaklar\u0131 ve de\u011ferli ta\u015flar\u0131yla da \u00f6ne \u00e7\u0131kan bir co\u011frafyad\u0131r. \u00dclkemizin \u00e7e\u015fitli b\u00f6lgelerinde \u00e7\u0131kar\u0131lan z\u00fcmr\u00fct, | T\u00fcrkiye'deki De\u011ferli Ta\u015flar ve \u00c7\u0131kar\u0131ld\u0131klar\u0131 B\u00f6lgeler T\u00fcrkiye topraklar\u0131, yer alt\u0131ndan \u00e7\u0131kar\u0131lan nadir ve e\u015fsiz de\u011ferli ta\u015flar\u0131n ba\u015fl\u0131ca kaynaklar\u0131na ev sahipli\u011fi yapmaktad\u0131r. Her ta\u015f kendine \u00f6zg\u00fcd\u00fcr.","robots":{"index":"index","follow":"follow","max-snippet":"max-snippet:-1","max-image-preview":"max-image-preview:large","max-video-preview":"max-video-preview:-1"},"canonical":"https:\/\/www.sochic.com\/blog\/turkiyedeki-degerli-taslar-ve-cikarildiklari-bolgeler","og_locale":"tr_TR","og_type":"article","og_title":"T\u00fcrkiye'deki De\u011ferli Ta\u015flar ve \u00c7\u0131kar\u0131ld\u0131klar\u0131 B\u00f6lgeler | So CHIC...","og_description":"T\u00fcrkiye, tarihi zenginlikleri kadar do\u011fal kaynaklar\u0131 ve de\u011ferli ta\u015flar\u0131yla da \u00f6ne \u00e7\u0131kan bir co\u011frafyad\u0131r. \u00dclkemizin \u00e7e\u015fitli b\u00f6lgelerinde \u00e7\u0131kar\u0131lan z\u00fcmr\u00fct, | T\u00fcrkiye'deki De\u011ferli Ta\u015flar ve \u00c7\u0131kar\u0131ld\u0131klar\u0131 B\u00f6lgeler T\u00fcrkiye topraklar\u0131, yer alt\u0131ndan \u00e7\u0131kar\u0131lan nadir ve e\u015fsiz de\u011ferli ta\u015flar\u0131n ba\u015fl\u0131ca kaynaklar\u0131na ev sahipli\u011fi yapmaktad\u0131r. Her ta\u015f kendine \u00f6zg\u00fcd\u00fcr.","og_url":"https:\/\/www.sochic.com\/blog\/turkiyedeki-degerli-taslar-ve-cikarildiklari-bolgeler","og_site_name":"So CHIC...","article_publisher":"https:\/\/www.facebook.com\/SoCHICGlobal","article_published_time":"2025-05-29T04:47:44+00:00","article_modified_time":"2026-03-16T11:33:40+00:00","og_image":[{"width":1920,"height":1080,"url":"https:\/\/www.sochic.com\/blog\/wp-content\/uploads\/2025\/05\/Turkiyedeki-Degerli-Taslar-ve-Cikarildiklari-Bolgeler.jpg","type":"image\/jpeg"}],"author":"So CHIC...","twitter_card":"summary_large_image","twitter_creator":"@SochicGlobal","twitter_site":"@SochicGlobal","schema":{"@context":"https:\/\/schema.org","@graph":[{"@type":["Article","BlogPosting"],"@id":"https:\/\/www.sochic.com\/blog\/turkiyedeki-degerli-taslar-ve-cikarildiklari-bolgeler#article","isPartOf":{"@id":"https:\/\/www.sochic.com\/blog\/turkiyedeki-degerli-taslar-ve-cikarildiklari-bolgeler"},"author":{"name":"So CHIC...","@id":"https:\/\/www.sochic.com\/blog\/#\/schema\/person\/217ac4906bdabe9ce9dc8568969acfdf"},"headline":"T\u00fcrkiye&#8217;deki De\u011ferli Ta\u015flar ve \u00c7\u0131kar\u0131ld\u0131klar\u0131 B\u00f6lgeler","datePublished":"2025-05-29T04:47:44+00:00","dateModified":"2026-03-16T11:33:40+00:00","mainEntityOfPage":{"@id":"https:\/\/www.sochic.com\/blog\/turkiyedeki-degerli-taslar-ve-cikarildiklari-bolgeler"},"wordCount":1642,"commentCount":0,"publisher":{"@id":"https:\/\/www.sochic.com\/blog\/#organization"},"image":{"@id":"https:\/\/www.sochic.com\/blog\/turkiyedeki-degerli-taslar-ve-cikarildiklari-bolgeler#primaryimage"},"thumbnailUrl":"https:\/\/www.sochic.com\/blog\/wp-content\/uploads\/2025\/05\/Turkiyedeki-Degerli-Taslar-ve-Cikarildiklari-Bolgeler.jpg","articleSection":["Faydal\u0131 Bilgiler"],"inLanguage":"tr","potentialAction":[{"@type":"CommentAction","name":"Comment","target":["https:\/\/www.sochic.com\/blog\/turkiyedeki-degerli-taslar-ve-cikarildiklari-bolgeler#respond"]}]},{"@type":"WebPage","@id":"https:\/\/www.sochic.com\/blog\/turkiyedeki-degerli-taslar-ve-cikarildiklari-bolgeler","url":"https:\/\/www.sochic.com\/blog\/turkiyedeki-degerli-taslar-ve-cikarildiklari-bolgeler","name":"T\u00fcrkiye'deki De\u011ferli Ta\u015flar ve \u00c7\u0131kar\u0131ld\u0131klar\u0131 B\u00f6lgeler | So CHIC...","isPartOf":{"@id":"https:\/\/www.sochic.com\/blog\/#website"},"primaryImageOfPage":{"@id":"https:\/\/www.sochic.com\/blog\/turkiyedeki-degerli-taslar-ve-cikarildiklari-bolgeler#primaryimage"},"image":{"@id":"https:\/\/www.sochic.com\/blog\/turkiyedeki-degerli-taslar-ve-cikarildiklari-bolgeler#primaryimage"},"thumbnailUrl":"https:\/\/www.sochic.com\/blog\/wp-content\/uploads\/2025\/05\/Turkiyedeki-Degerli-Taslar-ve-Cikarildiklari-Bolgeler.jpg","datePublished":"2025-05-29T04:47:44+00:00","dateModified":"2026-03-16T11:33:40+00:00","description":"T\u00fcrkiye, tarihi zenginlikleri kadar do\u011fal kaynaklar\u0131 ve de\u011ferli ta\u015flar\u0131yla da \u00f6ne \u00e7\u0131kan bir co\u011frafyad\u0131r. \u00dclkemizin \u00e7e\u015fitli b\u00f6lgelerinde \u00e7\u0131kar\u0131lan z\u00fcmr\u00fct, | T\u00fcrkiye'deki De\u011ferli Ta\u015flar ve \u00c7\u0131kar\u0131ld\u0131klar\u0131 B\u00f6lgeler T\u00fcrkiye topraklar\u0131, yer alt\u0131ndan \u00e7\u0131kar\u0131lan nadir ve e\u015fsiz de\u011ferli ta\u015flar\u0131n ba\u015fl\u0131ca kaynaklar\u0131na ev sahipli\u011fi yapmaktad\u0131r. Her ta\u015f kendine \u00f6zg\u00fcd\u00fcr.","breadcrumb":{"@id":"https:\/\/www.sochic.com\/blog\/turkiyedeki-degerli-taslar-ve-cikarildiklari-bolgeler#breadcrumb"},"inLanguage":"tr","potentialAction":[{"@type":"ReadAction","target":["https:\/\/www.sochic.com\/blog\/turkiyedeki-degerli-taslar-ve-cikarildiklari-bolgeler"]}]},{"@type":"ImageObject","inLanguage":"tr","@id":"https:\/\/www.sochic.com\/blog\/turkiyedeki-degerli-taslar-ve-cikarildiklari-bolgeler#primaryimage","url":"https:\/\/www.sochic.com\/blog\/wp-content\/uploads\/2025\/05\/Turkiyedeki-Degerli-Taslar-ve-Cikarildiklari-Bolgeler.jpg","contentUrl":"https:\/\/www.sochic.com\/blog\/wp-content\/uploads\/2025\/05\/Turkiyedeki-Degerli-Taslar-ve-Cikarildiklari-Bolgeler.jpg","width":1920,"height":1080,"caption":"T\u00fcrkiye'deki De\u011ferli Ta\u015flar ve \u00c7\u0131kar\u0131ld\u0131klar\u0131 B\u00f6lgeler"},{"@type":"BreadcrumbList","@id":"https:\/\/www.sochic.com\/blog\/turkiyedeki-degerli-taslar-ve-cikarildiklari-bolgeler#breadcrumb","itemListElement":[{"@type":"ListItem","position":1,"name":"Anasayfa","item":"https:\/\/www.sochic.com\/blog\/"},{"@type":"ListItem","position":2,"name":"Faydal\u0131 Bilgiler","item":"https:\/\/www.sochic.com\/blog\/faydali-bilgiler"},{"@type":"ListItem","position":3,"name":"T\u00fcrkiye&#8217;deki De\u011ferli Ta\u015flar ve \u00c7\u0131kar\u0131ld\u0131klar\u0131 B\u00f6lgeler"}]},{"@type":"WebSite","@id":"https:\/\/www.sochic.com\/blog\/#website","url":"https:\/\/www.sochic.com\/blog\/","name":"So CHIC...","description":"So CHIC Blog","publisher":{"@id":"https:\/\/www.sochic.com\/blog\/#organization"},"alternateName":"So CHIC","potentialAction":[{"@type":"SearchAction","target":{"@type":"EntryPoint","urlTemplate":"https:\/\/www.sochic.com\/blog\/?s={search_term_string}"},"query-input":{"@type":"PropertyValueSpecification","valueRequired":true,"valueName":"search_term_string"}}],"inLanguage":"tr"},{"@type":"Organization","@id":"https:\/\/www.sochic.com\/blog\/#organization","name":"So CHIC...","alternateName":"So CHIC","url":"https:\/\/www.sochic.com\/blog\/","logo":{"@type":"ImageObject","inLanguage":"tr","@id":"https:\/\/www.sochic.com\/blog\/#\/schema\/logo\/image\/","url":"https:\/\/sochic.com\/blog\/wp-content\/uploads\/2022\/11\/sochic-facebook-logo.png","contentUrl":"https:\/\/sochic.com\/blog\/wp-content\/uploads\/2022\/11\/sochic-facebook-logo.png","width":800,"height":800,"caption":"So CHIC..."},"image":{"@id":"https:\/\/www.sochic.com\/blog\/#\/schema\/logo\/image\/"},"sameAs":["https:\/\/www.facebook.com\/SoCHICGlobal","https:\/\/x.com\/SochicGlobal","https:\/\/www.instagram.com\/sochicofficial\/","https:\/\/www.youtube.com\/user\/SoCHICGlobal"]},{"@type":"Person","@id":"https:\/\/www.sochic.com\/blog\/#\/schema\/person\/217ac4906bdabe9ce9dc8568969acfdf","name":"So CHIC...","image":{"@type":"ImageObject","inLanguage":"tr","@id":"https:\/\/www.sochic.com\/blog\/#\/schema\/person\/image\/","url":"https:\/\/secure.gravatar.com\/avatar\/84475e064453b1a507b62af79954a400?s=96&d=mm&r=g","contentUrl":"https:\/\/secure.gravatar.com\/avatar\/84475e064453b1a507b62af79954a400?s=96&d=mm&r=g","caption":"So CHIC..."},"sameAs":["http:\/\/www.sochic.com"]}]}},"_links":{"self":[{"href":"https:\/\/www.sochic.com\/blog\/wp-json\/wp\/v2\/posts\/3926"}],"collection":[{"href":"https:\/\/www.sochic.com\/blog\/wp-json\/wp\/v2\/posts"}],"about":[{"href":"https:\/\/www.sochic.com\/blog\/wp-json\/wp\/v2\/types\/post"}],"author":[{"embeddable":true,"href":"https:\/\/www.sochic.com\/blog\/wp-json\/wp\/v2\/users\/2"}],"replies":[{"embeddable":true,"href":"https:\/\/www.sochic.com\/blog\/wp-json\/wp\/v2\/comments?post=3926"}],"version-history":[{"count":2,"href":"https:\/\/www.sochic.com\/blog\/wp-json\/wp\/v2\/posts\/3926\/revisions"}],"predecessor-version":[{"id":5970,"href":"https:\/\/www.sochic.com\/blog\/wp-json\/wp\/v2\/posts\/3926\/revisions\/5970"}],"wp:featuredmedia":[{"embeddable":true,"href":"https:\/\/www.sochic.com\/blog\/wp-json\/wp\/v2\/media\/3931"}],"wp:attachment":[{"href":"https:\/\/www.sochic.com\/blog\/wp-json\/wp\/v2\/media?parent=3926"}],"wp:term":[{"taxonomy":"category","embeddable":true,"href":"https:\/\/www.sochic.com\/blog\/wp-json\/wp\/v2\/categories?post=3926"},{"taxonomy":"post_tag","embeddable":true,"href":"https:\/\/www.sochic.com\/blog\/wp-json\/wp\/v2\/tags?post=3926"},{"taxonomy":"powerkit_post_featured","embeddable":true,"href":"https:\/\/www.sochic.com\/blog\/wp-json\/wp\/v2\/powerkit_post_featured?post=3926"}],"curies":[{"name":"wp","href":"https:\/\/api.w.org\/{rel}","templated":true}]}}