{"id":3954,"date":"2025-05-29T08:47:32","date_gmt":"2025-05-29T05:47:32","guid":{"rendered":"https:\/\/www.sochic.com\/blog\/?p=3954"},"modified":"2026-03-05T17:41:59","modified_gmt":"2026-03-05T14:41:59","slug":"yesil-ile-uyumlu-renkler-nelerdir","status":"publish","type":"post","link":"https:\/\/www.sochic.com\/blog\/yesil-ile-uyumlu-renkler-nelerdir","title":{"rendered":"Ye\u015fil ile Uyumlu Renkler Nelerdir?"},"content":{"rendered":"\n<p>Moda d\u00fcnyas\u0131nda renk uyumu, stilin temel ta\u015flar\u0131ndan biridir. \u00d6zellikle ye\u015filin binlerce tonu, do\u011fru kombinasyonlarla hem sofistike hem de modern g\u00f6r\u00fcn\u00fcmler yarat\u0131r. \u0130ster gard\u0131robunuza canl\u0131l\u0131k katacak aksesuarlar ar\u0131yor olun, ister g\u00fcnl\u00fck ya\u015fam\u0131n\u0131zda \u00f6ne \u00e7\u0131kacak bir stil yaratmak isteyin; ye\u015fil kol saati ve hatta favori <a href=\"https:\/\/www.sochic.com\/kolye-c-1\" target=\"_blank\" rel=\"noreferrer noopener\">kolye<\/a> veya g\u00fcne\u015f g\u00f6zl\u00fc\u011f\u00fcn\u00fczle kombin yaparken dikkat edilmesi gerekmesi en \u00f6nemli detaylar\u0131 burada bulacaks\u0131n\u0131z.<\/p>\n\n\n\n<h2 id=\"yesil-ile-hangi-notr-renkler-en-iyi-uyumu-saglar\" class=\"wp-block-heading\">Ye\u015fil \u0130le Hangi N\u00f6tr Renkler En \u0130yi Uyumu Sa\u011flar?<\/h2>\n\n\n\n<p>N\u00f6tr renkler, her zaman klasik ve zamans\u0131z bir se\u00e7imdir. Ye\u015fil rengin farkl\u0131 tonlar\u0131, beyaz, siyah, gri ya da bej gibi n\u00f6tr renklerle kombinlendi\u011finde, zarafet ve modernlik \u00f6n plana \u00e7\u0131kar. \u00d6zellikle i\u015f hayat\u0131nda ya da resmi davetlerde tercih edilebilecek \u015f\u0131kl\u0131kta kombinler yaratmak i\u00e7in bu uyum olduk\u00e7a \u00f6nemlidir.<\/p>\n\n\n\n<figure class=\"wp-block-gallery has-nested-images columns-default is-cropped wp-block-gallery-1 is-layout-flex wp-block-gallery-is-layout-flex\">\n<figure class=\"wp-block-image size-large\"><img  loading=\"lazy\"  decoding=\"async\"  width=\"1160\"  height=\"1738\"  data-id=\"3955\"  src=\"data:image\/png;base64,iVBORw0KGgoAAAANSUhEUgAABIgAAAbKAQMAAACX7dzOAAAAA1BMVEUAAP+KeNJXAAAAAXRSTlMAQObYZgAAAAlwSFlzAAAOxAAADsQBlSsOGwAAAQ1JREFUeNrtwTEBAAAAwqD1T20ND6AAAAAAAAAAAAAAAAAAAAAAAAAAAAAAAAAAAAAAAAAAAAAAAAAAAAAAAAAAAAAAAAAAAAAAAAAAAAAAAAAAAAAAAAAAAAAAAAAAAAAAAAAAAAAAAAAAAAAAAAAAAAAAAAAAAAAAAAAAAAAAAAAAAAAAAAAAAAAAAAAAAAAAAAAAAAAAAAAAAAAAAAAAAAAAAAAAAAAAAAAAAAAAAAAAAAAAAAAAAAAAAAAAAAAAAAAAAAAAAAAAAAAAAAAAAAAAAAAAAAAAAAAAAAAAAAAAAAAAAAAAAAAAAAAAAAAAAAAAAAAAAAAAAAAAAAAAAAAAAAAAAAAAAIAHA99hAAFIa+hwAAAAAElFTkSuQmCC\"  alt=\"\"  class=\"wp-image-3955 pk-lazyload\"  data-pk-sizes=\"auto\"  data-ls-sizes=\"(max-width: 1160px) 100vw, 1160px\"  data-pk-src=\"https:\/\/www.sochic.com\/blog\/wp-content\/uploads\/2025\/05\/1118710444-1160x1738.webp\"  data-pk-srcset=\"https:\/\/www.sochic.com\/blog\/wp-content\/uploads\/2025\/05\/1118710444-1160x1738.webp 1160w, https:\/\/www.sochic.com\/blog\/wp-content\/uploads\/2025\/05\/1118710444-800x1199.webp 800w, https:\/\/www.sochic.com\/blog\/wp-content\/uploads\/2025\/05\/1118710444-1025x1536.webp 1025w, https:\/\/www.sochic.com\/blog\/wp-content\/uploads\/2025\/05\/1118710444-120x180.webp 120w, https:\/\/www.sochic.com\/blog\/wp-content\/uploads\/2025\/05\/1118710444-90x135.webp 90w, https:\/\/www.sochic.com\/blog\/wp-content\/uploads\/2025\/05\/1118710444-320x479.webp 320w, https:\/\/www.sochic.com\/blog\/wp-content\/uploads\/2025\/05\/1118710444-560x839.webp 560w, https:\/\/www.sochic.com\/blog\/wp-content\/uploads\/2025\/05\/1118710444.webp 1200w\" ><figcaption class=\"wp-element-caption\">incelemek i\u00e7in <a href=\"https:\/\/www.sochic.com\/p-ask-yolu-18-ayar-sari-altin-kaplama-19-cm-gumus-bileklik-1118710444\" target=\"_blank\" rel=\"noreferrer noopener\">t\u0131klay\u0131n\u0131z!<\/a><\/figcaption><\/figure>\n\n\n\n<figure class=\"wp-block-image size-large\"><img  loading=\"lazy\"  decoding=\"async\"  width=\"1160\"  height=\"1740\"  data-id=\"3956\"  src=\"data:image\/png;base64,iVBORw0KGgoAAAANSUhEUgAABIgAAAbMAQMAAABBtD\/TAAAAA1BMVEUAAP+KeNJXAAAAAXRSTlMAQObYZgAAAAlwSFlzAAAOxAAADsQBlSsOGwAAAQ1JREFUeNrtwQENAAAAwqD3T20ON6AAAAAAAAAAAAAAAAAAAAAAAAAAAAAAAAAAAAAAAAAAAAAAAAAAAAAAAAAAAAAAAAAAAAAAAAAAAAAAAAAAAAAAAAAAAAAAAAAAAAAAAAAAAAAAAAAAAAAAAAAAAAAAAAAAAAAAAAAAAAAAAAAAAAAAAAAAAAAAAAAAAAAAAAAAAAAAAAAAAAAAAAAAAAAAAAAAAAAAAAAAAAAAAAAAAAAAAAAAAAAAAAAAAAAAAAAAAAAAAAAAAAAAAAAAAAAAAAAAAAAAAAAAAAAAAAAAAAAAAAAAAAAAAAAAAAAAAAAAAAAAAAAAAAAAAAAAAAAAAAAAAAAAAAA+DOCFAAEUI01yAAAAAElFTkSuQmCC\"  alt=\"\"  class=\"wp-image-3956 pk-lazyload\"  data-pk-sizes=\"auto\"  data-ls-sizes=\"(max-width: 1160px) 100vw, 1160px\"  data-pk-src=\"https:\/\/www.sochic.com\/blog\/wp-content\/uploads\/2025\/05\/07299760444-1160x1740.webp\"  data-pk-srcset=\"https:\/\/www.sochic.com\/blog\/wp-content\/uploads\/2025\/05\/07299760444-1160x1740.webp 1160w, https:\/\/www.sochic.com\/blog\/wp-content\/uploads\/2025\/05\/07299760444-800x1200.webp 800w, https:\/\/www.sochic.com\/blog\/wp-content\/uploads\/2025\/05\/07299760444-1024x1536.webp 1024w, https:\/\/www.sochic.com\/blog\/wp-content\/uploads\/2025\/05\/07299760444-120x180.webp 120w, https:\/\/www.sochic.com\/blog\/wp-content\/uploads\/2025\/05\/07299760444-90x135.webp 90w, https:\/\/www.sochic.com\/blog\/wp-content\/uploads\/2025\/05\/07299760444-320x480.webp 320w, https:\/\/www.sochic.com\/blog\/wp-content\/uploads\/2025\/05\/07299760444-560x840.webp 560w, https:\/\/www.sochic.com\/blog\/wp-content\/uploads\/2025\/05\/07299760444.webp 1200w\" ><figcaption class=\"wp-element-caption\">incelemek i\u00e7in <a href=\"https:\/\/www.sochic.com\/p-malahit-cicegi-18-ayar-sari-altin-kaplama-gumus-tasarim-kupe-07299760444\" target=\"_blank\" rel=\"noreferrer noopener\">t\u0131klay\u0131n\u0131z!<\/a><\/figcaption><\/figure>\n\n\n\n<figure class=\"wp-block-image size-large\"><img  loading=\"lazy\"  decoding=\"async\"  width=\"1160\"  height=\"1740\"  data-id=\"5897\"  src=\"data:image\/png;base64,iVBORw0KGgoAAAANSUhEUgAABIgAAAbMAQMAAABBtD\/TAAAAA1BMVEUAAP+KeNJXAAAAAXRSTlMAQObYZgAAAAlwSFlzAAAOxAAADsQBlSsOGwAAAQ1JREFUeNrtwQENAAAAwqD3T20ON6AAAAAAAAAAAAAAAAAAAAAAAAAAAAAAAAAAAAAAAAAAAAAAAAAAAAAAAAAAAAAAAAAAAAAAAAAAAAAAAAAAAAAAAAAAAAAAAAAAAAAAAAAAAAAAAAAAAAAAAAAAAAAAAAAAAAAAAAAAAAAAAAAAAAAAAAAAAAAAAAAAAAAAAAAAAAAAAAAAAAAAAAAAAAAAAAAAAAAAAAAAAAAAAAAAAAAAAAAAAAAAAAAAAAAAAAAAAAAAAAAAAAAAAAAAAAAAAAAAAAAAAAAAAAAAAAAAAAAAAAAAAAAAAAAAAAAAAAAAAAAAAAAAAAAAAAAAAAAAAAAAAAAAAAA+DOCFAAEUI01yAAAAAElFTkSuQmCC\"  alt=\"\"  class=\"wp-image-5897 pk-lazyload\"  data-pk-sizes=\"auto\"  data-ls-sizes=\"(max-width: 1160px) 100vw, 1160px\"  data-pk-src=\"https:\/\/www.sochic.com\/blog\/wp-content\/uploads\/2025\/05\/5177661344-1-1160x1740.webp\"  data-pk-srcset=\"https:\/\/www.sochic.com\/blog\/wp-content\/uploads\/2025\/05\/5177661344-1-1160x1740.webp 1160w, https:\/\/www.sochic.com\/blog\/wp-content\/uploads\/2025\/05\/5177661344-1-800x1200.webp 800w, https:\/\/www.sochic.com\/blog\/wp-content\/uploads\/2025\/05\/5177661344-1-1024x1536.webp 1024w, https:\/\/www.sochic.com\/blog\/wp-content\/uploads\/2025\/05\/5177661344-1-120x180.webp 120w, https:\/\/www.sochic.com\/blog\/wp-content\/uploads\/2025\/05\/5177661344-1-90x135.webp 90w, https:\/\/www.sochic.com\/blog\/wp-content\/uploads\/2025\/05\/5177661344-1-320x480.webp 320w, https:\/\/www.sochic.com\/blog\/wp-content\/uploads\/2025\/05\/5177661344-1-560x840.webp 560w, https:\/\/www.sochic.com\/blog\/wp-content\/uploads\/2025\/05\/5177661344-1.webp 1200w\" ><figcaption class=\"wp-element-caption\">incelemek i\u00e7in <a href=\"https:\/\/www.sochic.com\/p-santorini-cicegi-18-ayar-sari-altin-kaplama-gumus-kupe-5177661344?recommended_by=instant_search&amp;recommended_code=5177661344\" target=\"_blank\" rel=\"noreferrer noopener\">t\u0131klay\u0131n\u0131z!<\/a><\/figcaption><\/figure>\n<\/figure>\n\n\n\n<h3 id=\"notr-renklerle-kombin-onerileri\" class=\"wp-block-heading\">N\u00f6tr Renklerle Kombin \u00d6nerileri<\/h3>\n\n\n\n<ul class=\"wp-block-list\">\n<li>Beyaz bir bluz ile ye\u015fil tonlarda bir pantolon veya etek kullanarak sade ama etkileyici bir g\u00f6r\u00fcn\u00fcm elde edebilirsiniz.<\/li>\n\n\n\n<li>Gri tonlar\u0131 ve siyah aksesuarlar\u0131n kombinasyonlar\u0131 modern bir stil sa\u011flar.<\/li>\n\n\n\n<li>Bej ve taupe tonlar\u0131, ye\u015filin do\u011fall\u0131\u011f\u0131n\u0131 ve tazeli\u011fini ortaya \u00e7\u0131kartan detaylard\u0131r.<\/li>\n<\/ul>\n\n\n\n<p>Bu kombinlerde, ye\u015fil bileklik gibi aksesuarlar\u0131 tercih ederek hem renk uyumunu sa\u011flam\u0131\u015f olur hem de dikkat \u00e7ekici detaylar ekleyerek stilinize dinamizm katabilirsiniz.<\/p>\n\n\n\n<p>Moda tutkunlar\u0131 i\u00e7in renk uyumu, sadece k\u0131yafet se\u00e7iminde kalmaz; aksesuarlar da bu kombinasyonun vazge\u00e7ilmez par\u00e7alar\u0131 aras\u0131nda yer al\u0131r. Ye\u015fil kolye, ye\u015fil bileklik ve ye\u015fil kol saati gibi aksesuarlar, k\u0131yafetinize sofistike ve modern bir hava katar. Stilinizi tamamlayan bu aksesuarlar, ayn\u0131 zamanda do\u011fal ve uyumlu renklerin avantaj\u0131n\u0131 \u00f6n plana \u00e7\u0131kar\u0131r.<\/p>\n\n\n\n<p>\u00d6zellikle \u015f\u0131kl\u0131\u011f\u0131ndan \u00f6d\u00fcn vermeyen kad\u0131nlar i\u00e7in, ye\u015fil tonlar\u0131n\u0131n \u00e7e\u015fitli kombinasyonlar\u0131n\u0131 denemek, gard\u0131robunuzu renklendirmenin en etkili yollar\u0131ndan biridir. G\u00fcnl\u00fck kullan\u0131mdan \u00f6zel davetlere kadar pek \u00e7ok ortamda, do\u011fru renk se\u00e7imleri sayesinde stilinizi konu\u015fturabilirsiniz. Az ama \u00f6z aksesuarlar kullanmak her zaman modan\u0131n en do\u011fru kurallar\u0131ndan biridir; bu noktada favori kolye veya g\u00fcne\u015f g\u00f6zl\u00fc\u011f\u00fc se\u00e7imlerinizle kombinasyonu renklendirebilirsiniz.<\/p>\n\n\n\n<h2 id=\"pastel-tonlarla-yesil-nasil-kombinlenir\" class=\"wp-block-heading\">Pastel Tonlarla Ye\u015fil Nas\u0131l Kombinlenir?<\/h2>\n\n\n\n<p>Pastel tonlar, \u00f6zellikle bahar aylar\u0131nda ruh halini ve enerjiyi yans\u0131tan hafif ve yumu\u015fak renklerdir. Ye\u015filin pastel tonlar\u0131, pastel pembe, mavi, lavanta veya sar\u0131 gibi renklerle bir araya geldi\u011finde ferah ve modern bir g\u00f6r\u00fcnt\u00fc ortaya \u00e7\u0131kar. Bu uyum, g\u00fcnl\u00fck kombinlerde ya da romantik davetlerde tercih edilebilecek renkli ve canl\u0131 bir estetik sunar. \u00d6rne\u011fin; pastel tonlarda bir elbise i\u00e7inde tercih edece\u011finiz <a href=\"https:\/\/www.sochic.com\/kolye-c-1?tas-rengi=yesil\" target=\"_blank\" rel=\"noreferrer noopener\">ye\u015fil kolye<\/a> veya g\u00fcne\u015f g\u00f6zl\u00fc\u011f\u00fc, stilinize zarafet katarken ayn\u0131 zamanda \u00f6ne \u00e7\u0131kan unsurlar aras\u0131nda yer al\u0131r. Pastel renklerin yumu\u015fak ge\u00e7i\u015fleri, ye\u015filin canl\u0131 tonlar\u0131yla bir araya geldi\u011finde denge ve uyum yarat\u0131r.<\/p>\n\n\n\n<h2 id=\"yesilin-hangi-tonlari-sicak-renklerle-uyumludur\" class=\"wp-block-heading\">Ye\u015filin Hangi Tonlar\u0131 S\u0131cak Renklerle Uyumludur?<\/h2>\n\n\n\n<p>S\u0131cak renkler, enerji ve canl\u0131l\u0131k katar. Ye\u015filin z\u00fcmr\u00fct, orman ye\u015fili veya haki gibi daha derin tonlar\u0131, k\u0131rm\u0131z\u0131, turuncu ve sar\u0131 gibi s\u0131cak renklerle kombinlendi\u011finde cesur ve dikkat \u00e7ekici bir g\u00f6r\u00fcn\u00fcm olu\u015fturur. Bu kombinasyonlar \u00f6zellikle ak\u015fam davetleri, partiler ve \u00f6zel g\u00fcnlerde tercih edilebilir. S\u0131cak renklerle uyum sa\u011flamak isteyenler i\u00e7in baz\u0131 ipu\u00e7lar\u0131:<\/p>\n\n\n\n<ul class=\"wp-block-list\">\n<li>Canl\u0131 k\u0131rm\u0131z\u0131 bir \u00fcst ile haki tonlar\u0131nda bir pantolon kombinasyonu yaratabilirsiniz.<\/li>\n\n\n\n<li>Turuncu detaylar, ye\u015filin so\u011fuk tonlar\u0131na kar\u015f\u0131 z\u0131tl\u0131k olu\u015fturarak ilgi \u00e7ekici bir kontrast yarat\u0131r.<\/li>\n\n\n\n<li>Sar\u0131 aksanlarla kombinlenen ye\u015fil, enerjiyi ve dinamizmi stilinize yans\u0131tabilir.<\/li>\n<\/ul>\n\n\n\n<p>Bu t\u00fcr kombinlerde, ye\u015fil bileklik veya <a href=\"https:\/\/www.sochic.com\/p-tr-so-chic-gent-yesil-kordonlu-erkek-kol-saati-06115990939\" target=\"_blank\" rel=\"noreferrer noopener\">ye\u015fil kol saati<\/a> kullan\u0131m\u0131, s\u0131cak renklerle olan kontrast\u0131 vurgulaman\u0131n yan\u0131 s\u0131ra aksesuar olarak \u015f\u0131kl\u0131\u011f\u0131n\u0131z\u0131 tamamlar.<\/p>\n\n\n\n<h2 id=\"yesil-ve-toprak-tonlari-bir-arada-nasil-kullanilir\" class=\"wp-block-heading\">Ye\u015fil Ve Toprak Tonlar\u0131 Bir Arada Nas\u0131l Kullan\u0131l\u0131r?<\/h2>\n\n\n\n<p>Toprak tonlar\u0131 her zaman do\u011fan\u0131n s\u0131cakl\u0131\u011f\u0131n\u0131 ve samimiyetini yans\u0131t\u0131r. Kahverengi, bej ve koyu ye\u015fil gibi toprak tonlar\u0131, ye\u015filin di\u011fer tonlar\u0131yla birle\u015fti\u011finde do\u011fal bir uyum yakalar. Bu kombinasyon, \u00f6zellikle do\u011fayla i\u00e7 i\u00e7e olan veya bohem tarz\u0131 benimseyenler i\u00e7in ideal bir se\u00e7imdir.<\/p>\n\n\n\n<p>Do\u011fal bir g\u00f6r\u00fcn\u00fcm elde etmek i\u00e7in ye\u015fil aksesuarlar\u0131n\u0131z\u0131 do\u011fru toprak tonlar\u0131 ile e\u015fle\u015ftirmek \u00f6nemlidir. \u00d6rne\u011fin, ye\u015fil kolye veya ye\u015fil kol saati gibi aksesuarlar, toprak tonlar\u0131ndaki k\u0131yafetlerle m\u00fckemmel bir uyum sergiler. Ayr\u0131ca, <a href=\"https:\/\/www.sochic.com\/gunes-gozlugu-c-6001\" target=\"_blank\" rel=\"noreferrer noopener\">g\u00fcne\u015f g\u00f6zl\u00fc\u011f\u00fc<\/a> tercihlerinizde de toprak tonlar\u0131na z\u0131t ama uyumlu renkler kullanarak daha modern bir g\u00f6r\u00fcn\u00fcm yakalayabilirsiniz.<\/p>\n\n\n\n<h2 id=\"yesil-ile-kontrast-yaratan-renkler-hangileridir\" class=\"wp-block-heading\">Ye\u015fil \u0130le Kontrast Yaratan Renkler Hangileridir?<\/h2>\n\n\n\n<p>Moda d\u00fcnyas\u0131nda kontrast yaratmak, cesur ve \u00f6zg\u00fcn kombinasyonlar elde etmenin anahtarlar\u0131ndan biridir. Ye\u015fil rengin z\u0131tl\u0131k olu\u015fturdu\u011fu renkler aras\u0131nda mor, pembe, mavi ve hatta sar\u0131 gibi se\u00e7enekler bulunur. Kontrast renge sahip par\u00e7alar, ye\u015fil rengin \u00fczerinde adeta bir vurgulay\u0131c\u0131 i\u015flev g\u00f6r\u00fcyor. Kontrast renk kombinasyonlar\u0131 hakk\u0131nda baz\u0131 \u00f6neriler \u015funlard\u0131r:<\/p>\n\n\n\n<ul class=\"wp-block-list\">\n<li>Derin mor tonlar\u0131, ye\u015filin canl\u0131l\u0131\u011f\u0131n\u0131 tamamlayarak sofistike bir g\u00f6r\u00fcn\u00fcm olu\u015fturur.<\/li>\n\n\n\n<li>Pembe detaylarla kombinlenen ye\u015fil, gen\u00e7 ve dinamik bir stil yarat\u0131r.<\/li>\n\n\n\n<li>Mavi ve ye\u015fil aras\u0131ndaki kontrast, \u00f6zellikle yaz aylar\u0131nda ferah ve \u00e7ekici bir kombin olu\u015fturman\u0131za yard\u0131mc\u0131 olur.<\/li>\n<\/ul>\n\n\n\n<p>Bu tarz kombinlerde, aksesuar olarak tercih edilebilecek ye\u015fil kolye veya <a href=\"https:\/\/www.sochic.com\/bileklik-c-4?tas-rengi=yesil\" target=\"_blank\" rel=\"noreferrer noopener\">ye\u015fil bileklik<\/a> gibi par\u00e7alar, kontrast\u0131n yumu\u015fak bir \u015fekilde birle\u015fmesine olanak tan\u0131r. B\u00f6ylelikle, g\u00fcnl\u00fck hayatta ya da \u00f6zel g\u00fcnlerde stilinize modern ve dinamik bir dokunu\u015f katabilirsiniz.<\/p>\n\n\n\n<figure class=\"wp-block-image size-large\"><img  loading=\"lazy\"  decoding=\"async\"  width=\"1160\"  height=\"653\"  src=\"data:image\/png;base64,iVBORw0KGgoAAAANSUhEUgAABIgAAAKNAQMAAABx\/8IJAAAAA1BMVEUAAP+KeNJXAAAAAXRSTlMAQObYZgAAAAlwSFlzAAAOxAAADsQBlSsOGwAAAHNJREFUeNrtwTEBAAAAwqD1T20ND6AAAAAAAAAAAAAAAAAAAAAAAAAAAAAAAAAAAAAAAAAAAAAAAAAAAAAAAAAAAAAAAAAAAAAAAAAAAAAAAAAAAAAAAAAAAAAAAAAAAAAAAAAAAAAAAAAAAAAAAAAAAPgwdHkAAc7CT7QAAAAASUVORK5CYII=\"  alt=\"\"  class=\"wp-image-3958 pk-lazyload\"  data-pk-sizes=\"auto\"  data-ls-sizes=\"(max-width: 1160px) 100vw, 1160px\"  data-pk-src=\"https:\/\/www.sochic.com\/blog\/wp-content\/uploads\/2025\/05\/Yesil-Ile-Kontrast-Yaratan-Renkler-Hangileridir-1160x653.jpg\"  data-pk-srcset=\"https:\/\/www.sochic.com\/blog\/wp-content\/uploads\/2025\/05\/Yesil-Ile-Kontrast-Yaratan-Renkler-Hangileridir-1160x653.jpg 1160w, https:\/\/www.sochic.com\/blog\/wp-content\/uploads\/2025\/05\/Yesil-Ile-Kontrast-Yaratan-Renkler-Hangileridir-800x450.jpg 800w, https:\/\/www.sochic.com\/blog\/wp-content\/uploads\/2025\/05\/Yesil-Ile-Kontrast-Yaratan-Renkler-Hangileridir-1536x864.jpg 1536w, https:\/\/www.sochic.com\/blog\/wp-content\/uploads\/2025\/05\/Yesil-Ile-Kontrast-Yaratan-Renkler-Hangileridir-120x68.jpg 120w, https:\/\/www.sochic.com\/blog\/wp-content\/uploads\/2025\/05\/Yesil-Ile-Kontrast-Yaratan-Renkler-Hangileridir-90x51.jpg 90w, https:\/\/www.sochic.com\/blog\/wp-content\/uploads\/2025\/05\/Yesil-Ile-Kontrast-Yaratan-Renkler-Hangileridir-320x180.jpg 320w, https:\/\/www.sochic.com\/blog\/wp-content\/uploads\/2025\/05\/Yesil-Ile-Kontrast-Yaratan-Renkler-Hangileridir-560x315.jpg 560w, https:\/\/www.sochic.com\/blog\/wp-content\/uploads\/2025\/05\/Yesil-Ile-Kontrast-Yaratan-Renkler-Hangileridir.jpg 1920w\" ><\/figure>\n\n\n\n<h2 id=\"stil-sahibi-olmanin-incelikleri\" class=\"wp-block-heading\">Stil Sahibi Olman\u0131n \u0130ncelikleri<\/h2>\n\n\n\n<p>Ye\u015fil rengin say\u0131s\u0131z tonu ve kombinasyon se\u00e7ene\u011fi, moda d\u00fcnyas\u0131nda kendine has bir yer edinmesini sa\u011fl\u0131yor. \u0130ster n\u00f6tr renkler, pastel tonlar, s\u0131cak renkler, toprak tonlar\u0131 ya da kontrast renklerle bir araya getirin; her biri stilinize farkl\u0131 bir anlam ve enerji katar. \u0130\u015fte stil sahibi olman\u0131n baz\u0131 incelikleri:<\/p>\n\n\n\n<ul class=\"wp-block-list\">\n<li>Renk teorisini iyi analiz ederek, hangi tonlar\u0131n birbirini tamamlad\u0131\u011f\u0131n\u0131 ke\u015ffedin.<\/li>\n\n\n\n<li>G\u00fcnl\u00fck hayatta tercih etti\u011finiz aksesuarlarda \u2013 \u00f6rne\u011fin; ye\u015fil kolye, ye\u015fil bileklik veya ye\u015fil kol saati \u2013 minimal ama etkileyici par\u00e7alar se\u00e7meye \u00f6zen g\u00f6sterin.<\/li>\n\n\n\n<li>Cesur kombinasyonlar\u0131n\u0131zda kontrast renkleri kullanarak fark yarat\u0131n, ancak dengeyi asla g\u00f6z ard\u0131 etmeyin.<\/li>\n\n\n\n<li>Moda trendlerini takip ederken, kendi tarz\u0131n\u0131z\u0131 yans\u0131tan detaylara yer verin; favori kol veya g\u00fcne\u015f g\u00f6zl\u00fc\u011f\u00fc se\u00e7imlerinizle ki\u015fili\u011finizi \u00f6ne \u00e7\u0131kar\u0131n.<\/li>\n<\/ul>\n\n\n\n<p>Moda sadece k\u0131yafetlerle s\u0131n\u0131rl\u0131 de\u011fildir; do\u011fru aksesuar se\u00e7imleri ve dikkatli detaylarla, kendi stilinizi yaratman\u0131z m\u00fcmk\u00fcn. \u0130\u015fte bu dengeyi sa\u011flamak i\u00e7in, kombinlerinizde hem cesur renkleri hem de n\u00f6tr ve pastel tonlar\u0131 kullanabilirsiniz. B\u00f6ylece, hem modern hem de zamans\u0131z bir tarz elde etmi\u015f olursunuz.<\/p>\n\n\n\n<p>G\u00fcn\u00fcm\u00fczde yapay zeka temelli trend analizleri bile, do\u011fru renk uyumunun stilinizi nas\u0131l \u00f6n plana \u00e7\u0131karaca\u011f\u0131 konusunda ipu\u00e7lar\u0131 sunuyor. Ancak, unutmay\u0131n ki en \u00f6nemli olan, kendinizi iyi hissetti\u011finiz ve sizi yans\u0131tan kombinleri tercih etmeniz. Moda d\u00fcnyas\u0131nda s\u0131n\u0131rs\u0131z deneme-yan\u0131lma s\u00fcreci i\u00e7erisinde, her aksesuar\u0131n ve renk se\u00e7iminin ard\u0131nda ki\u015fisel bir hikaye yatar.<\/p>\n\n\n\n<h3 id=\"yesilin-buyuleyici-dunyasinda-yeni-ufuklar\" class=\"wp-block-heading\">Ye\u015filin B\u00fcy\u00fcleyici D\u00fcnyas\u0131nda Yeni Ufuklar<\/h3>\n\n\n\n<p>Ye\u015fil rengi, do\u011fan\u0131n tazeli\u011fini ve enerjisini simgeleyen en \u00e7arp\u0131c\u0131 tonlardan biridir. Moda ve aksesuar d\u00fcnyas\u0131nda ise ye\u015fil kolye, ye\u015fil bileklik, ye\u015fil kol saati, kolye ve g\u00fcne\u015f g\u00f6zl\u00fc\u011f\u00fc gibi par\u00e7alarla bu enerjiyi g\u00fcnl\u00fck hayata ta\u015f\u0131yabilirsiniz.&nbsp;<\/p>\n","protected":false},"excerpt":{"rendered":"<p>Moda d\u00fcnyas\u0131nda renk uyumu, stilin temel ta\u015flar\u0131ndan biridir. \u00d6zellikle ye\u015filin binlerce tonu, do\u011fru kombinasyonlarla hem sofistike hem de modern g\u00f6r\u00fcn\u00fcmler yarat\u0131r. \u0130ster gard\u0131robunuza canl\u0131l\u0131k katacak aksesuarlar ar\u0131yor olun, ister g\u00fcnl\u00fck&hellip;<\/p>\n","protected":false},"author":2,"featured_media":3959,"comment_status":"open","ping_status":"open","sticky":false,"template":"","format":"standard","meta":{"footnotes":""},"categories":[12],"tags":[],"powerkit_post_featured":[],"class_list":{"0":"post-3954","1":"post","2":"type-post","3":"status-publish","4":"format-standard","5":"has-post-thumbnail","7":"category-faydali-bilgiler"},"yoast_head":"<title>Ye\u015fil ile Uyumlu Renkler Nelerdir? | So CHIC...<\/title>\n<meta name=\"description\" content=\"Moda d\u00fcnyas\u0131nda renk uyumu, stilin temel ta\u015flar\u0131ndan biridir. \u00d6zellikle ye\u015filin binlerce tonu, do\u011fru kombinasyonlarla hem sofistike hem de modern | Ye\u015fil ile Uyumlu Renkler Nelerdir? Renk uyumu, stilin temel ta\u015flar\u0131ndan biridir. \u00d6zellikle ye\u015filin binlerce tonu, do\u011fru kombinasyonlarla hem sofistike hem de modern g\u00f6r\u00fcn\u00fcmler yarat\u0131r.\" \/>\n<meta name=\"robots\" content=\"index, follow, max-snippet:-1, max-image-preview:large, max-video-preview:-1\" \/>\n<link rel=\"canonical\" href=\"https:\/\/www.sochic.com\/blog\/yesil-ile-uyumlu-renkler-nelerdir\" \/>\n<meta property=\"og:locale\" content=\"tr_TR\" \/>\n<meta property=\"og:type\" content=\"article\" \/>\n<meta property=\"og:title\" content=\"Ye\u015fil ile Uyumlu Renkler Nelerdir? | So CHIC...\" \/>\n<meta property=\"og:description\" content=\"Moda d\u00fcnyas\u0131nda renk uyumu, stilin temel ta\u015flar\u0131ndan biridir. \u00d6zellikle ye\u015filin binlerce tonu, do\u011fru kombinasyonlarla hem sofistike hem de modern | Ye\u015fil ile Uyumlu Renkler Nelerdir? Renk uyumu, stilin temel ta\u015flar\u0131ndan biridir. \u00d6zellikle ye\u015filin binlerce tonu, do\u011fru kombinasyonlarla hem sofistike hem de modern g\u00f6r\u00fcn\u00fcmler yarat\u0131r.\" \/>\n<meta property=\"og:url\" content=\"https:\/\/www.sochic.com\/blog\/yesil-ile-uyumlu-renkler-nelerdir\" \/>\n<meta property=\"og:site_name\" content=\"So CHIC...\" \/>\n<meta property=\"article:publisher\" content=\"https:\/\/www.facebook.com\/SoCHICGlobal\" \/>\n<meta property=\"article:published_time\" content=\"2025-05-29T05:47:32+00:00\" \/>\n<meta property=\"article:modified_time\" content=\"2026-03-05T14:41:59+00:00\" \/>\n<meta property=\"og:image\" content=\"https:\/\/www.sochic.com\/blog\/wp-content\/uploads\/2025\/05\/Yesil-ile-Uyumlu-Renkler-Nelerdir.jpg\" \/>\n\t<meta property=\"og:image:width\" content=\"1920\" \/>\n\t<meta property=\"og:image:height\" content=\"1080\" \/>\n\t<meta property=\"og:image:type\" content=\"image\/jpeg\" \/>\n<meta name=\"author\" content=\"So CHIC...\" \/>\n<meta name=\"twitter:card\" content=\"summary_large_image\" \/>\n<meta name=\"twitter:creator\" content=\"@SochicGlobal\" \/>\n<meta name=\"twitter:site\" content=\"@SochicGlobal\" \/>\n<script type=\"application\/ld+json\" class=\"yoast-schema-graph\">{\"@context\":\"https:\/\/schema.org\",\"@graph\":[{\"@type\":[\"Article\",\"BlogPosting\"],\"@id\":\"https:\/\/www.sochic.com\/blog\/yesil-ile-uyumlu-renkler-nelerdir#article\",\"isPartOf\":{\"@id\":\"https:\/\/www.sochic.com\/blog\/yesil-ile-uyumlu-renkler-nelerdir\"},\"author\":{\"name\":\"So CHIC...\",\"@id\":\"https:\/\/www.sochic.com\/blog\/#\/schema\/person\/217ac4906bdabe9ce9dc8568969acfdf\"},\"headline\":\"Ye\u015fil ile Uyumlu Renkler Nelerdir?\",\"datePublished\":\"2025-05-29T05:47:32+00:00\",\"dateModified\":\"2026-03-05T14:41:59+00:00\",\"mainEntityOfPage\":{\"@id\":\"https:\/\/www.sochic.com\/blog\/yesil-ile-uyumlu-renkler-nelerdir\"},\"wordCount\":1319,\"commentCount\":0,\"publisher\":{\"@id\":\"https:\/\/www.sochic.com\/blog\/#organization\"},\"image\":{\"@id\":\"https:\/\/www.sochic.com\/blog\/yesil-ile-uyumlu-renkler-nelerdir#primaryimage\"},\"thumbnailUrl\":\"https:\/\/www.sochic.com\/blog\/wp-content\/uploads\/2025\/05\/Yesil-ile-Uyumlu-Renkler-Nelerdir.jpg\",\"articleSection\":[\"Faydal\u0131 Bilgiler\"],\"inLanguage\":\"tr\",\"potentialAction\":[{\"@type\":\"CommentAction\",\"name\":\"Comment\",\"target\":[\"https:\/\/www.sochic.com\/blog\/yesil-ile-uyumlu-renkler-nelerdir#respond\"]}]},{\"@type\":\"WebPage\",\"@id\":\"https:\/\/www.sochic.com\/blog\/yesil-ile-uyumlu-renkler-nelerdir\",\"url\":\"https:\/\/www.sochic.com\/blog\/yesil-ile-uyumlu-renkler-nelerdir\",\"name\":\"Ye\u015fil ile Uyumlu Renkler Nelerdir? | So CHIC...\",\"isPartOf\":{\"@id\":\"https:\/\/www.sochic.com\/blog\/#website\"},\"primaryImageOfPage\":{\"@id\":\"https:\/\/www.sochic.com\/blog\/yesil-ile-uyumlu-renkler-nelerdir#primaryimage\"},\"image\":{\"@id\":\"https:\/\/www.sochic.com\/blog\/yesil-ile-uyumlu-renkler-nelerdir#primaryimage\"},\"thumbnailUrl\":\"https:\/\/www.sochic.com\/blog\/wp-content\/uploads\/2025\/05\/Yesil-ile-Uyumlu-Renkler-Nelerdir.jpg\",\"datePublished\":\"2025-05-29T05:47:32+00:00\",\"dateModified\":\"2026-03-05T14:41:59+00:00\",\"description\":\"Moda d\u00fcnyas\u0131nda renk uyumu, stilin temel ta\u015flar\u0131ndan biridir. \u00d6zellikle ye\u015filin binlerce tonu, do\u011fru kombinasyonlarla hem sofistike hem de modern | Ye\u015fil ile Uyumlu Renkler Nelerdir? Renk uyumu, stilin temel ta\u015flar\u0131ndan biridir. \u00d6zellikle ye\u015filin binlerce tonu, do\u011fru kombinasyonlarla hem sofistike hem de modern g\u00f6r\u00fcn\u00fcmler yarat\u0131r.\",\"breadcrumb\":{\"@id\":\"https:\/\/www.sochic.com\/blog\/yesil-ile-uyumlu-renkler-nelerdir#breadcrumb\"},\"inLanguage\":\"tr\",\"potentialAction\":[{\"@type\":\"ReadAction\",\"target\":[\"https:\/\/www.sochic.com\/blog\/yesil-ile-uyumlu-renkler-nelerdir\"]}]},{\"@type\":\"ImageObject\",\"inLanguage\":\"tr\",\"@id\":\"https:\/\/www.sochic.com\/blog\/yesil-ile-uyumlu-renkler-nelerdir#primaryimage\",\"url\":\"https:\/\/www.sochic.com\/blog\/wp-content\/uploads\/2025\/05\/Yesil-ile-Uyumlu-Renkler-Nelerdir.jpg\",\"contentUrl\":\"https:\/\/www.sochic.com\/blog\/wp-content\/uploads\/2025\/05\/Yesil-ile-Uyumlu-Renkler-Nelerdir.jpg\",\"width\":1920,\"height\":1080,\"caption\":\"Ye\u015fil ile Uyumlu Renkler Nelerdir?\"},{\"@type\":\"BreadcrumbList\",\"@id\":\"https:\/\/www.sochic.com\/blog\/yesil-ile-uyumlu-renkler-nelerdir#breadcrumb\",\"itemListElement\":[{\"@type\":\"ListItem\",\"position\":1,\"name\":\"Anasayfa\",\"item\":\"https:\/\/www.sochic.com\/blog\/\"},{\"@type\":\"ListItem\",\"position\":2,\"name\":\"Faydal\u0131 Bilgiler\",\"item\":\"https:\/\/www.sochic.com\/blog\/faydali-bilgiler\"},{\"@type\":\"ListItem\",\"position\":3,\"name\":\"Ye\u015fil ile Uyumlu Renkler Nelerdir?\"}]},{\"@type\":\"WebSite\",\"@id\":\"https:\/\/www.sochic.com\/blog\/#website\",\"url\":\"https:\/\/www.sochic.com\/blog\/\",\"name\":\"So CHIC...\",\"description\":\"So CHIC Blog\",\"publisher\":{\"@id\":\"https:\/\/www.sochic.com\/blog\/#organization\"},\"alternateName\":\"So CHIC\",\"potentialAction\":[{\"@type\":\"SearchAction\",\"target\":{\"@type\":\"EntryPoint\",\"urlTemplate\":\"https:\/\/www.sochic.com\/blog\/?s={search_term_string}\"},\"query-input\":{\"@type\":\"PropertyValueSpecification\",\"valueRequired\":true,\"valueName\":\"search_term_string\"}}],\"inLanguage\":\"tr\"},{\"@type\":\"Organization\",\"@id\":\"https:\/\/www.sochic.com\/blog\/#organization\",\"name\":\"So CHIC...\",\"alternateName\":\"So CHIC\",\"url\":\"https:\/\/www.sochic.com\/blog\/\",\"logo\":{\"@type\":\"ImageObject\",\"inLanguage\":\"tr\",\"@id\":\"https:\/\/www.sochic.com\/blog\/#\/schema\/logo\/image\/\",\"url\":\"https:\/\/sochic.com\/blog\/wp-content\/uploads\/2022\/11\/sochic-facebook-logo.png\",\"contentUrl\":\"https:\/\/sochic.com\/blog\/wp-content\/uploads\/2022\/11\/sochic-facebook-logo.png\",\"width\":800,\"height\":800,\"caption\":\"So CHIC...\"},\"image\":{\"@id\":\"https:\/\/www.sochic.com\/blog\/#\/schema\/logo\/image\/\"},\"sameAs\":[\"https:\/\/www.facebook.com\/SoCHICGlobal\",\"https:\/\/x.com\/SochicGlobal\",\"https:\/\/www.instagram.com\/sochicofficial\/\",\"https:\/\/www.youtube.com\/user\/SoCHICGlobal\"]},{\"@type\":\"Person\",\"@id\":\"https:\/\/www.sochic.com\/blog\/#\/schema\/person\/217ac4906bdabe9ce9dc8568969acfdf\",\"name\":\"So CHIC...\",\"image\":{\"@type\":\"ImageObject\",\"inLanguage\":\"tr\",\"@id\":\"https:\/\/www.sochic.com\/blog\/#\/schema\/person\/image\/\",\"url\":\"https:\/\/secure.gravatar.com\/avatar\/84475e064453b1a507b62af79954a400?s=96&d=mm&r=g\",\"contentUrl\":\"https:\/\/secure.gravatar.com\/avatar\/84475e064453b1a507b62af79954a400?s=96&d=mm&r=g\",\"caption\":\"So CHIC...\"},\"sameAs\":[\"http:\/\/www.sochic.com\"]}]}<\/script>","yoast_head_json":{"title":"Ye\u015fil ile Uyumlu Renkler Nelerdir? | So CHIC...","description":"Moda d\u00fcnyas\u0131nda renk uyumu, stilin temel ta\u015flar\u0131ndan biridir. \u00d6zellikle ye\u015filin binlerce tonu, do\u011fru kombinasyonlarla hem sofistike hem de modern | Ye\u015fil ile Uyumlu Renkler Nelerdir? Renk uyumu, stilin temel ta\u015flar\u0131ndan biridir. \u00d6zellikle ye\u015filin binlerce tonu, do\u011fru kombinasyonlarla hem sofistike hem de modern g\u00f6r\u00fcn\u00fcmler yarat\u0131r.","robots":{"index":"index","follow":"follow","max-snippet":"max-snippet:-1","max-image-preview":"max-image-preview:large","max-video-preview":"max-video-preview:-1"},"canonical":"https:\/\/www.sochic.com\/blog\/yesil-ile-uyumlu-renkler-nelerdir","og_locale":"tr_TR","og_type":"article","og_title":"Ye\u015fil ile Uyumlu Renkler Nelerdir? | So CHIC...","og_description":"Moda d\u00fcnyas\u0131nda renk uyumu, stilin temel ta\u015flar\u0131ndan biridir. \u00d6zellikle ye\u015filin binlerce tonu, do\u011fru kombinasyonlarla hem sofistike hem de modern | Ye\u015fil ile Uyumlu Renkler Nelerdir? Renk uyumu, stilin temel ta\u015flar\u0131ndan biridir. \u00d6zellikle ye\u015filin binlerce tonu, do\u011fru kombinasyonlarla hem sofistike hem de modern g\u00f6r\u00fcn\u00fcmler yarat\u0131r.","og_url":"https:\/\/www.sochic.com\/blog\/yesil-ile-uyumlu-renkler-nelerdir","og_site_name":"So CHIC...","article_publisher":"https:\/\/www.facebook.com\/SoCHICGlobal","article_published_time":"2025-05-29T05:47:32+00:00","article_modified_time":"2026-03-05T14:41:59+00:00","og_image":[{"width":1920,"height":1080,"url":"https:\/\/www.sochic.com\/blog\/wp-content\/uploads\/2025\/05\/Yesil-ile-Uyumlu-Renkler-Nelerdir.jpg","type":"image\/jpeg"}],"author":"So CHIC...","twitter_card":"summary_large_image","twitter_creator":"@SochicGlobal","twitter_site":"@SochicGlobal","schema":{"@context":"https:\/\/schema.org","@graph":[{"@type":["Article","BlogPosting"],"@id":"https:\/\/www.sochic.com\/blog\/yesil-ile-uyumlu-renkler-nelerdir#article","isPartOf":{"@id":"https:\/\/www.sochic.com\/blog\/yesil-ile-uyumlu-renkler-nelerdir"},"author":{"name":"So CHIC...","@id":"https:\/\/www.sochic.com\/blog\/#\/schema\/person\/217ac4906bdabe9ce9dc8568969acfdf"},"headline":"Ye\u015fil ile Uyumlu Renkler Nelerdir?","datePublished":"2025-05-29T05:47:32+00:00","dateModified":"2026-03-05T14:41:59+00:00","mainEntityOfPage":{"@id":"https:\/\/www.sochic.com\/blog\/yesil-ile-uyumlu-renkler-nelerdir"},"wordCount":1319,"commentCount":0,"publisher":{"@id":"https:\/\/www.sochic.com\/blog\/#organization"},"image":{"@id":"https:\/\/www.sochic.com\/blog\/yesil-ile-uyumlu-renkler-nelerdir#primaryimage"},"thumbnailUrl":"https:\/\/www.sochic.com\/blog\/wp-content\/uploads\/2025\/05\/Yesil-ile-Uyumlu-Renkler-Nelerdir.jpg","articleSection":["Faydal\u0131 Bilgiler"],"inLanguage":"tr","potentialAction":[{"@type":"CommentAction","name":"Comment","target":["https:\/\/www.sochic.com\/blog\/yesil-ile-uyumlu-renkler-nelerdir#respond"]}]},{"@type":"WebPage","@id":"https:\/\/www.sochic.com\/blog\/yesil-ile-uyumlu-renkler-nelerdir","url":"https:\/\/www.sochic.com\/blog\/yesil-ile-uyumlu-renkler-nelerdir","name":"Ye\u015fil ile Uyumlu Renkler Nelerdir? | So CHIC...","isPartOf":{"@id":"https:\/\/www.sochic.com\/blog\/#website"},"primaryImageOfPage":{"@id":"https:\/\/www.sochic.com\/blog\/yesil-ile-uyumlu-renkler-nelerdir#primaryimage"},"image":{"@id":"https:\/\/www.sochic.com\/blog\/yesil-ile-uyumlu-renkler-nelerdir#primaryimage"},"thumbnailUrl":"https:\/\/www.sochic.com\/blog\/wp-content\/uploads\/2025\/05\/Yesil-ile-Uyumlu-Renkler-Nelerdir.jpg","datePublished":"2025-05-29T05:47:32+00:00","dateModified":"2026-03-05T14:41:59+00:00","description":"Moda d\u00fcnyas\u0131nda renk uyumu, stilin temel ta\u015flar\u0131ndan biridir. \u00d6zellikle ye\u015filin binlerce tonu, do\u011fru kombinasyonlarla hem sofistike hem de modern | Ye\u015fil ile Uyumlu Renkler Nelerdir? Renk uyumu, stilin temel ta\u015flar\u0131ndan biridir. \u00d6zellikle ye\u015filin binlerce tonu, do\u011fru kombinasyonlarla hem sofistike hem de modern g\u00f6r\u00fcn\u00fcmler yarat\u0131r.","breadcrumb":{"@id":"https:\/\/www.sochic.com\/blog\/yesil-ile-uyumlu-renkler-nelerdir#breadcrumb"},"inLanguage":"tr","potentialAction":[{"@type":"ReadAction","target":["https:\/\/www.sochic.com\/blog\/yesil-ile-uyumlu-renkler-nelerdir"]}]},{"@type":"ImageObject","inLanguage":"tr","@id":"https:\/\/www.sochic.com\/blog\/yesil-ile-uyumlu-renkler-nelerdir#primaryimage","url":"https:\/\/www.sochic.com\/blog\/wp-content\/uploads\/2025\/05\/Yesil-ile-Uyumlu-Renkler-Nelerdir.jpg","contentUrl":"https:\/\/www.sochic.com\/blog\/wp-content\/uploads\/2025\/05\/Yesil-ile-Uyumlu-Renkler-Nelerdir.jpg","width":1920,"height":1080,"caption":"Ye\u015fil ile Uyumlu Renkler Nelerdir?"},{"@type":"BreadcrumbList","@id":"https:\/\/www.sochic.com\/blog\/yesil-ile-uyumlu-renkler-nelerdir#breadcrumb","itemListElement":[{"@type":"ListItem","position":1,"name":"Anasayfa","item":"https:\/\/www.sochic.com\/blog\/"},{"@type":"ListItem","position":2,"name":"Faydal\u0131 Bilgiler","item":"https:\/\/www.sochic.com\/blog\/faydali-bilgiler"},{"@type":"ListItem","position":3,"name":"Ye\u015fil ile Uyumlu Renkler Nelerdir?"}]},{"@type":"WebSite","@id":"https:\/\/www.sochic.com\/blog\/#website","url":"https:\/\/www.sochic.com\/blog\/","name":"So CHIC...","description":"So CHIC Blog","publisher":{"@id":"https:\/\/www.sochic.com\/blog\/#organization"},"alternateName":"So CHIC","potentialAction":[{"@type":"SearchAction","target":{"@type":"EntryPoint","urlTemplate":"https:\/\/www.sochic.com\/blog\/?s={search_term_string}"},"query-input":{"@type":"PropertyValueSpecification","valueRequired":true,"valueName":"search_term_string"}}],"inLanguage":"tr"},{"@type":"Organization","@id":"https:\/\/www.sochic.com\/blog\/#organization","name":"So CHIC...","alternateName":"So CHIC","url":"https:\/\/www.sochic.com\/blog\/","logo":{"@type":"ImageObject","inLanguage":"tr","@id":"https:\/\/www.sochic.com\/blog\/#\/schema\/logo\/image\/","url":"https:\/\/sochic.com\/blog\/wp-content\/uploads\/2022\/11\/sochic-facebook-logo.png","contentUrl":"https:\/\/sochic.com\/blog\/wp-content\/uploads\/2022\/11\/sochic-facebook-logo.png","width":800,"height":800,"caption":"So CHIC..."},"image":{"@id":"https:\/\/www.sochic.com\/blog\/#\/schema\/logo\/image\/"},"sameAs":["https:\/\/www.facebook.com\/SoCHICGlobal","https:\/\/x.com\/SochicGlobal","https:\/\/www.instagram.com\/sochicofficial\/","https:\/\/www.youtube.com\/user\/SoCHICGlobal"]},{"@type":"Person","@id":"https:\/\/www.sochic.com\/blog\/#\/schema\/person\/217ac4906bdabe9ce9dc8568969acfdf","name":"So CHIC...","image":{"@type":"ImageObject","inLanguage":"tr","@id":"https:\/\/www.sochic.com\/blog\/#\/schema\/person\/image\/","url":"https:\/\/secure.gravatar.com\/avatar\/84475e064453b1a507b62af79954a400?s=96&d=mm&r=g","contentUrl":"https:\/\/secure.gravatar.com\/avatar\/84475e064453b1a507b62af79954a400?s=96&d=mm&r=g","caption":"So CHIC..."},"sameAs":["http:\/\/www.sochic.com"]}]}},"_links":{"self":[{"href":"https:\/\/www.sochic.com\/blog\/wp-json\/wp\/v2\/posts\/3954"}],"collection":[{"href":"https:\/\/www.sochic.com\/blog\/wp-json\/wp\/v2\/posts"}],"about":[{"href":"https:\/\/www.sochic.com\/blog\/wp-json\/wp\/v2\/types\/post"}],"author":[{"embeddable":true,"href":"https:\/\/www.sochic.com\/blog\/wp-json\/wp\/v2\/users\/2"}],"replies":[{"embeddable":true,"href":"https:\/\/www.sochic.com\/blog\/wp-json\/wp\/v2\/comments?post=3954"}],"version-history":[{"count":3,"href":"https:\/\/www.sochic.com\/blog\/wp-json\/wp\/v2\/posts\/3954\/revisions"}],"predecessor-version":[{"id":5899,"href":"https:\/\/www.sochic.com\/blog\/wp-json\/wp\/v2\/posts\/3954\/revisions\/5899"}],"wp:featuredmedia":[{"embeddable":true,"href":"https:\/\/www.sochic.com\/blog\/wp-json\/wp\/v2\/media\/3959"}],"wp:attachment":[{"href":"https:\/\/www.sochic.com\/blog\/wp-json\/wp\/v2\/media?parent=3954"}],"wp:term":[{"taxonomy":"category","embeddable":true,"href":"https:\/\/www.sochic.com\/blog\/wp-json\/wp\/v2\/categories?post=3954"},{"taxonomy":"post_tag","embeddable":true,"href":"https:\/\/www.sochic.com\/blog\/wp-json\/wp\/v2\/tags?post=3954"},{"taxonomy":"powerkit_post_featured","embeddable":true,"href":"https:\/\/www.sochic.com\/blog\/wp-json\/wp\/v2\/powerkit_post_featured?post=3954"}],"curies":[{"name":"wp","href":"https:\/\/api.w.org\/{rel}","templated":true}]}}