{"id":4908,"date":"2025-12-01T08:14:50","date_gmt":"2025-12-01T05:14:50","guid":{"rendered":"https:\/\/www.sochic.com\/blog\/?p=4908"},"modified":"2025-12-01T08:14:51","modified_gmt":"2025-12-01T05:14:51","slug":"2026-kis-kombinlerini-tamamlayacak-takilar-hangileridir","status":"publish","type":"post","link":"https:\/\/www.sochic.com\/blog\/2026-kis-kombinlerini-tamamlayacak-takilar-hangileridir","title":{"rendered":"2026 K\u0131\u015f Kombinlerini Tamamlayacak Tak\u0131lar Hangileridir?"},"content":{"rendered":"\n<p>K\u0131\u015f\u0131n kendine \u00f6zg\u00fc b\u00fcy\u00fcs\u00fc giyime de aksesuarlara da farkl\u0131 bir ritim kazand\u0131r\u0131yor. 2026 sezonunda bu ritim daha s\u0131cak renklere, daha belirgin dokulara ve daha karakterli tak\u0131lara d\u00f6n\u00fc\u015f\u00fcyor. Koyu tonlar\u0131n ve yumu\u015fak dokular\u0131n h\u00e2kim oldu\u011fu k\u0131\u015f gard\u0131robuna \u0131\u015f\u0131lt\u0131 katman\u0131n yolu do\u011fru tak\u0131lar\u0131 se\u00e7mekten ge\u00e7iyor. \u00c7\u00fcnk\u00fc so\u011fuk g\u00fcnlerde stilinizi tek dokunu\u015fla y\u00fckseltmek m\u00fcmk\u00fcn. \u00d6zellikle mercan kolye modelleri, k\u0131rm\u0131z\u0131 kolye se\u00e7enekleri, do\u011fal ta\u015fl\u0131 bileklik ve do\u011fal ta\u015fl\u0131 kolye \u00e7e\u015fitleri bu sezonun en dikkat \u00e7eken par\u00e7alar\u0131 aras\u0131nda yer al\u0131yor.<\/p>\n\n\n\n<p>Moda haftalar\u0131, \u00fcnl\u00fclerin k\u0131rm\u0131z\u0131 hal\u0131 g\u00f6r\u00fcn\u00fcmleri ve sokak stilinin yeni ritmi 2026 k\u0131\u015f\u0131nda aksesuarlar\u0131 g\u00fc\u00e7l\u00fc bir tamamlay\u0131c\u0131 olarak konumland\u0131r\u0131yor. B\u00fcy\u00fck evrensel trendlerden biri olan \u201cenerji yans\u0131tan tak\u0131lar\u201d bu y\u0131l daha da y\u00fckseli\u015fte. So CHIC\u2019in zarif tasar\u0131mlar\u0131nda g\u00f6rd\u00fc\u011f\u00fcm\u00fcz modern \u00e7izgiler ve s\u0131cak ton ge\u00e7i\u015fleri bu yeni sezona uyum sa\u011fl\u0131yor. K\u0131\u015f\u0131n so\u011fuk gri atmosferini k\u0131ran cesur renkler, iri formlu zincirler, \u00f6zel kesim ta\u015fl\u0131 kolyeler ve \u0131\u015f\u0131\u011f\u0131 yumu\u015fak \u015fekilde yans\u0131tan k\u00fcpeler pop\u00fcler k\u00fclt\u00fcrde de s\u0131k\u00e7a kar\u015f\u0131m\u0131za \u00e7\u0131k\u0131yor.&nbsp;<\/p>\n\n\n\n<h2 id=\"kis-modasinda-one-cikan-taki-ve-aksesuar-trendleri-nelerdir\" class=\"wp-block-heading\">K\u0131\u015f Modas\u0131nda \u00d6ne \u00c7\u0131kan Tak\u0131 Ve Aksesuar Trendleri Nelerdir?<\/h2>\n\n\n\n<p>2026 k\u0131\u015f modas\u0131nda duygusu ve enerjisi g\u00fc\u00e7l\u00fc tak\u0131lar \u00f6n planda. Bu sezonun trend g\u00f6r\u00fcn\u00fcmlerinde s\u0131cak k\u0131rm\u0131z\u0131 ve mercan tonlar\u0131 sokak modas\u0131nda \u00f6nemli bir yer ediniyor. Kal\u0131n dokulu kazaklar\u0131n ve kabanlar\u0131n aras\u0131nda se\u00e7ilen par\u00e7alar\u0131n belirgin bir kontrast yaratmas\u0131 stilin g\u00fc\u00e7l\u00fc g\u00f6r\u00fcnmesini sa\u011fl\u0131yor. Do\u011fal ta\u015fl\u0131 kolye modellerinin y\u00fckselmesi de bunun bir par\u00e7as\u0131. \u00d6zellikle k\u0131rm\u0131z\u0131 mercan ta\u015f\u0131n\u0131n canl\u0131 etkisi k\u0131\u015f\u0131n koyu tonlar\u0131na s\u0131cak bir duru\u015f kat\u0131yor.<\/p>\n\n\n\n<figure class=\"wp-block-gallery has-nested-images columns-default is-cropped wp-block-gallery-1 is-layout-flex wp-block-gallery-is-layout-flex\">\n<figure class=\"wp-block-image size-large\"><img  loading=\"lazy\"  decoding=\"async\"  width=\"1160\"  height=\"1740\"  data-id=\"4911\"  src=\"data:image\/png;base64,iVBORw0KGgoAAAANSUhEUgAABIgAAAbMAQMAAABBtD\/TAAAAA1BMVEUAAP+KeNJXAAAAAXRSTlMAQObYZgAAAAlwSFlzAAAOxAAADsQBlSsOGwAAAQ1JREFUeNrtwQENAAAAwqD3T20ON6AAAAAAAAAAAAAAAAAAAAAAAAAAAAAAAAAAAAAAAAAAAAAAAAAAAAAAAAAAAAAAAAAAAAAAAAAAAAAAAAAAAAAAAAAAAAAAAAAAAAAAAAAAAAAAAAAAAAAAAAAAAAAAAAAAAAAAAAAAAAAAAAAAAAAAAAAAAAAAAAAAAAAAAAAAAAAAAAAAAAAAAAAAAAAAAAAAAAAAAAAAAAAAAAAAAAAAAAAAAAAAAAAAAAAAAAAAAAAAAAAAAAAAAAAAAAAAAAAAAAAAAAAAAAAAAAAAAAAAAAAAAAAAAAAAAAAAAAAAAAAAAAAAAAAAAAAAAAAAAAAAAAAAAAA+DOCFAAEUI01yAAAAAElFTkSuQmCC\"  alt=\"\"  class=\"wp-image-4911 pk-lazyload\"  data-pk-sizes=\"auto\"  data-ls-sizes=\"(max-width: 1160px) 100vw, 1160px\"  data-pk-src=\"https:\/\/www.sochic.com\/blog\/wp-content\/uploads\/2025\/12\/07316166244-1160x1740.webp\"  data-pk-srcset=\"https:\/\/www.sochic.com\/blog\/wp-content\/uploads\/2025\/12\/07316166244-1160x1740.webp 1160w, https:\/\/www.sochic.com\/blog\/wp-content\/uploads\/2025\/12\/07316166244-800x1200.webp 800w, https:\/\/www.sochic.com\/blog\/wp-content\/uploads\/2025\/12\/07316166244-1024x1536.webp 1024w, https:\/\/www.sochic.com\/blog\/wp-content\/uploads\/2025\/12\/07316166244-120x180.webp 120w, https:\/\/www.sochic.com\/blog\/wp-content\/uploads\/2025\/12\/07316166244-90x135.webp 90w, https:\/\/www.sochic.com\/blog\/wp-content\/uploads\/2025\/12\/07316166244-320x480.webp 320w, https:\/\/www.sochic.com\/blog\/wp-content\/uploads\/2025\/12\/07316166244-560x840.webp 560w, https:\/\/www.sochic.com\/blog\/wp-content\/uploads\/2025\/12\/07316166244.webp 1200w\" ><figcaption class=\"wp-element-caption\">incelemek i\u00e7in <a href=\"https:\/\/www.sochic.com\/p-belinda-18-ayar-sari-altin-kaplama-19-cm-gumus-inci-bileklik-07316166244?recommended_by=instant_search&amp;recommended_code=07316166244\" target=\"_blank\" rel=\"noreferrer noopener\">t\u0131klay\u0131n\u0131z!<\/a><\/figcaption><\/figure>\n\n\n\n<figure class=\"wp-block-image size-large\"><img  loading=\"lazy\"  decoding=\"async\"  width=\"1160\"  height=\"1740\"  data-id=\"4910\"  src=\"data:image\/png;base64,iVBORw0KGgoAAAANSUhEUgAABIgAAAbMAQMAAABBtD\/TAAAAA1BMVEUAAP+KeNJXAAAAAXRSTlMAQObYZgAAAAlwSFlzAAAOxAAADsQBlSsOGwAAAQ1JREFUeNrtwQENAAAAwqD3T20ON6AAAAAAAAAAAAAAAAAAAAAAAAAAAAAAAAAAAAAAAAAAAAAAAAAAAAAAAAAAAAAAAAAAAAAAAAAAAAAAAAAAAAAAAAAAAAAAAAAAAAAAAAAAAAAAAAAAAAAAAAAAAAAAAAAAAAAAAAAAAAAAAAAAAAAAAAAAAAAAAAAAAAAAAAAAAAAAAAAAAAAAAAAAAAAAAAAAAAAAAAAAAAAAAAAAAAAAAAAAAAAAAAAAAAAAAAAAAAAAAAAAAAAAAAAAAAAAAAAAAAAAAAAAAAAAAAAAAAAAAAAAAAAAAAAAAAAAAAAAAAAAAAAAAAAAAAAAAAAAAAAAAAAAAAA+DOCFAAEUI01yAAAAAElFTkSuQmCC\"  alt=\"\"  class=\"wp-image-4910 pk-lazyload\"  data-pk-sizes=\"auto\"  data-ls-sizes=\"(max-width: 1160px) 100vw, 1160px\"  data-pk-src=\"https:\/\/www.sochic.com\/blog\/wp-content\/uploads\/2025\/12\/073160644-1160x1740.webp\"  data-pk-srcset=\"https:\/\/www.sochic.com\/blog\/wp-content\/uploads\/2025\/12\/073160644-1160x1740.webp 1160w, https:\/\/www.sochic.com\/blog\/wp-content\/uploads\/2025\/12\/073160644-800x1200.webp 800w, https:\/\/www.sochic.com\/blog\/wp-content\/uploads\/2025\/12\/073160644-1024x1536.webp 1024w, https:\/\/www.sochic.com\/blog\/wp-content\/uploads\/2025\/12\/073160644-120x180.webp 120w, https:\/\/www.sochic.com\/blog\/wp-content\/uploads\/2025\/12\/073160644-90x135.webp 90w, https:\/\/www.sochic.com\/blog\/wp-content\/uploads\/2025\/12\/073160644-320x480.webp 320w, https:\/\/www.sochic.com\/blog\/wp-content\/uploads\/2025\/12\/073160644-560x840.webp 560w, https:\/\/www.sochic.com\/blog\/wp-content\/uploads\/2025\/12\/073160644.webp 1200w\" ><figcaption class=\"wp-element-caption\">incelemek i\u00e7in <a href=\"https:\/\/www.sochic.com\/p-mirabella-18-ayar-sari-altin-kaplama-gumus-inci-yuzuk-073160644?recommended_by=instant_search&amp;recommended_code=073160644\" target=\"_blank\" rel=\"noreferrer noopener\">t\u0131klay\u0131n\u0131z!<\/a><\/figcaption><\/figure>\n\n\n\n<figure class=\"wp-block-image size-large\"><img  loading=\"lazy\"  decoding=\"async\"  width=\"1160\"  height=\"1740\"  data-id=\"4909\"  src=\"data:image\/png;base64,iVBORw0KGgoAAAANSUhEUgAABIgAAAbMAQMAAABBtD\/TAAAAA1BMVEUAAP+KeNJXAAAAAXRSTlMAQObYZgAAAAlwSFlzAAAOxAAADsQBlSsOGwAAAQ1JREFUeNrtwQENAAAAwqD3T20ON6AAAAAAAAAAAAAAAAAAAAAAAAAAAAAAAAAAAAAAAAAAAAAAAAAAAAAAAAAAAAAAAAAAAAAAAAAAAAAAAAAAAAAAAAAAAAAAAAAAAAAAAAAAAAAAAAAAAAAAAAAAAAAAAAAAAAAAAAAAAAAAAAAAAAAAAAAAAAAAAAAAAAAAAAAAAAAAAAAAAAAAAAAAAAAAAAAAAAAAAAAAAAAAAAAAAAAAAAAAAAAAAAAAAAAAAAAAAAAAAAAAAAAAAAAAAAAAAAAAAAAAAAAAAAAAAAAAAAAAAAAAAAAAAAAAAAAAAAAAAAAAAAAAAAAAAAAAAAAAAAAAAAAAAAA+DOCFAAEUI01yAAAAAElFTkSuQmCC\"  alt=\"\"  class=\"wp-image-4909 pk-lazyload\"  data-pk-sizes=\"auto\"  data-ls-sizes=\"(max-width: 1160px) 100vw, 1160px\"  data-pk-src=\"https:\/\/www.sochic.com\/blog\/wp-content\/uploads\/2025\/12\/07316186244-1160x1740.webp\"  data-pk-srcset=\"https:\/\/www.sochic.com\/blog\/wp-content\/uploads\/2025\/12\/07316186244-1160x1740.webp 1160w, https:\/\/www.sochic.com\/blog\/wp-content\/uploads\/2025\/12\/07316186244-800x1200.webp 800w, https:\/\/www.sochic.com\/blog\/wp-content\/uploads\/2025\/12\/07316186244-1024x1536.webp 1024w, https:\/\/www.sochic.com\/blog\/wp-content\/uploads\/2025\/12\/07316186244-120x180.webp 120w, https:\/\/www.sochic.com\/blog\/wp-content\/uploads\/2025\/12\/07316186244-90x135.webp 90w, https:\/\/www.sochic.com\/blog\/wp-content\/uploads\/2025\/12\/07316186244-320x480.webp 320w, https:\/\/www.sochic.com\/blog\/wp-content\/uploads\/2025\/12\/07316186244-560x840.webp 560w, https:\/\/www.sochic.com\/blog\/wp-content\/uploads\/2025\/12\/07316186244.webp 1200w\" ><figcaption class=\"wp-element-caption\">incelemek i\u00e7in <a href=\"https:\/\/www.sochic.com\/p-verena-18-ayar-sari-altin-kaplama-125-cm-gumus-inci-kolye-07316186244?recommended_by=instant_search&amp;recommended_code=07316186244\" target=\"_blank\" rel=\"noreferrer noopener\">t\u0131klay\u0131n\u0131z!<\/a><\/figcaption><\/figure>\n<\/figure>\n\n\n\n<p>Bu sezonda zincir formlar daha ak\u0131c\u0131 \u00e7izgilerle kar\u015f\u0131m\u0131za \u00e7\u0131k\u0131yor. Uzun Y kolyelerin paltolarla olu\u015fturdu\u011fu dikey g\u00f6r\u00fcn\u00fcm modern bir k\u0131\u015f silueti yarat\u0131yor. Ayn\u0131 zamanda do\u011fal ta\u015fl\u0131 bileklik modelleri minimal detaylar\u0131yla bile g\u00fc\u00e7l\u00fc bir izlenim b\u0131rak\u0131yor. Pop\u00fcler k\u00fclt\u00fcrde yer alan b\u00fcy\u00fck y\u0131ld\u0131z isimlerin k\u0131\u015f kombinlerinde s\u0131kl\u0131kla kulland\u0131\u011f\u0131 bu tasar\u0131mlar trendin y\u00f6n\u00fcn\u00fc belirliyor.<\/p>\n\n\n\n<ul class=\"wp-block-list\">\n<li>Bu sezon mercan kolye modellerinin canl\u0131 k\u0131rm\u0131z\u0131 tonu kal\u0131n dokulu kazaklara g\u00fc\u00e7l\u00fc bir kontrast olu\u015fturarak g\u00fcn\u00fcn her saatinde dikkati \u00fcst b\u00f6lgeye ta\u015f\u0131yan \u00f6zel bir g\u00f6r\u00fcn\u00fcm yarat\u0131r.<\/li>\n\n\n\n<li>Zincir kolyelerde daha ak\u0131c\u0131 hatlar tercih edilerek paltolarla birlikte uzun ve modern bir dikey g\u00f6r\u00fcn\u00fcm elde edilebilir.<\/li>\n\n\n\n<li>Do\u011fal ta\u015fl\u0131 kolye \u00e7e\u015fitleri k\u0131\u015f\u0131n koyu tonlar\u0131n\u0131 yumu\u015fatan s\u0131cak bir enerji sunar.<\/li>\n\n\n\n<li>Minimal tasar\u0131ml\u0131 uzun k\u00fcpeler bere ve \u015fapka kombinlerinde y\u00fcz hatlar\u0131n\u0131 belirginle\u015ftirir.<\/li>\n\n\n\n<li>K\u0131rm\u0131z\u0131 kolye modelleri so\u011fuk havan\u0131n solgun tonlar\u0131n\u0131 canland\u0131ran g\u00fc\u00e7l\u00fc bir renk vurgusu yarat\u0131r.<\/li>\n\n\n\n<li>Do\u011fal ta\u015fl\u0131 bileklik modelleri \u00f6rg\u00fc kazaklar\u0131n \u00fczerine zarif \u015fekilde oturarak enerjik bir g\u00f6r\u00fcn\u00fcm verir.<\/li>\n\n\n\n<li>B\u00fcy\u00fck halka k\u00fcpeler kaban yaka detaylar\u0131yla uyum sa\u011flayarak modern bir stil olu\u015fturur.<\/li>\n\n\n\n<li>So\u011fuk havalarda s\u0131cak tonlu ta\u015flarla haz\u0131rlanan kolyeler enerjiyi art\u0131ran g\u00fc\u00e7l\u00fc bir dokunu\u015f sa\u011flar.<\/li>\n\n\n\n<li>K\u0131\u015f\u0131n kat kat giyimde ince zincirlerin \u00fcst \u00fcste kullan\u0131m trendi g\u00f6r\u00fcn\u00fcm\u00fc daha zengin hale getirir.<\/li>\n\n\n\n<li>Gri ve siyah tonlu kombinlerde k\u0131rm\u0131z\u0131 ta\u015flar\u0131n kullan\u0131m\u0131 an\u0131nda dikkat \u00e7eken bir odak noktas\u0131 olu\u015fturur.<\/li>\n<\/ul>\n\n\n\n<p>Bu sezonda So CHIC koleksiyonlar\u0131nda \u00f6ne \u00e7\u0131kan zincir kolyeler, k\u0131rm\u0131z\u0131 ta\u015fl\u0131 modeller ve dokulu y\u00fczeyler k\u0131\u015f trendlerini zarif bir \u00e7izgiyle bulu\u015fturuyor.<\/p>\n\n\n\n<h2 id=\"kalin-kazaklar-ve-paltolarla-hangi-takilar-uyum-saglar\" class=\"wp-block-heading\">Kal\u0131n Kazaklar Ve Paltolarla Hangi Tak\u0131lar Uyum Sa\u011flar?<\/h2>\n\n\n\n<p>K\u0131\u015f giyiminde par\u00e7alar daha belirgin oldu\u011fundan tak\u0131 se\u00e7iminde denge \u00f6nemli hale geliyor. Kal\u0131n dokulu kazaklarla tercih edilen tak\u0131lar\u0131n g\u00fc\u00e7l\u00fc bir duru\u015f sergilemesi gerek. Bu nedenle b\u00fcy\u00fck formlu zincir kolyeler, s\u0131cak tonlu ta\u015flar ve uzun k\u00fcpeler ideal bir e\u015fle\u015fme sa\u011fl\u0131yor. \u00d6zellikle y\u00fcksek bo\u011fazl\u0131 kazaklarda uzun kolyeler boyun b\u00f6lgesini a\u00e7t\u0131\u011f\u0131 i\u00e7in modern bir etki olu\u015fturuyor.<\/p>\n\n\n\n<p>Triko ve \u00f6rg\u00fc kazaklarla do\u011fal ta\u015fl\u0131 kolye kullanmak da k\u0131\u015f\u0131n en sevilen trendlerinden biri oluyor. Do\u011fal ta\u015f\u0131n enerjisiyle yumu\u015fak dokunun birle\u015fmesi hem \u015f\u0131k hem g\u00fc\u00e7l\u00fc bir g\u00f6r\u00fcn\u00fcm yarat\u0131yor. Paltolarla ise uzun zincir kolyeler ve belirgin ta\u015fl\u0131 bro\u015flar \u00f6ne \u00e7\u0131k\u0131yor. Geni\u015f yakal\u0131 ka\u015fe paltolarla k\u0131rm\u0131z\u0131 kolye se\u00e7enekleri etkileyici bir vurgu sa\u011fl\u0131yor.<\/p>\n\n\n\n<h2 id=\"kis-kombinlerinde-isilti-katan-kolye-ve-kupe-onerileri\" class=\"wp-block-heading\">K\u0131\u015f Kombinlerinde I\u015f\u0131lt\u0131 Katan Kolye Ve K\u00fcpe \u00d6nerileri<\/h2>\n\n\n\n<p>So\u011fuk mevsimde \u0131\u015f\u0131lt\u0131y\u0131 art\u0131rman\u0131n en kolay yolu do\u011fru kolye ve k\u00fcpe se\u00e7imidir. K\u0131\u015f kombinlerinde \u0131\u015f\u0131\u011f\u0131 nazik \u015fekilde yans\u0131tan ta\u015flar tasar\u0131m\u0131n modern bir par\u00e7as\u0131 oluyor. \u00d6zellikle <a href=\"https:\/\/www.sochic.com\/dogal-tasli-kolye-c-1005?tas-ismi=mercan\" target=\"_blank\" rel=\"noreferrer noopener\">mercan kolye<\/a> ve k\u0131rm\u0131z\u0131 kolye modelleri k\u0131\u015f tonlar\u0131yla kontrast yaratarak g\u00f6r\u00fcn\u00fcm\u00fc g\u00fc\u00e7l\u00fc k\u0131l\u0131yor.<\/p>\n\n\n\n<p>Uzun k\u00fcpe modelleri y\u00fcz hatlar\u0131n\u0131 belirginle\u015ftirirken daire formundaki k\u00fcpeler paltolarla sade ama etkili bir uyum sa\u011fl\u0131yor. I\u015f\u0131\u011f\u0131 yumu\u015fak \u015fekilde da\u011f\u0131tan k\u00fc\u00e7\u00fck ta\u015f detaylar\u0131, k\u0131\u015f ak\u015famlar\u0131nda yal\u0131n kombinleri bile iddial\u0131 bir seviyeye ta\u015f\u0131yor.<\/p>\n\n\n\n<ul class=\"wp-block-list\">\n<li>I\u015f\u0131\u011f\u0131 nazik\u00e7e yans\u0131tan ta\u015fl\u0131 kolyeler k\u0131\u015f\u0131n koyu tonlar\u0131n\u0131 yumu\u015fatarak g\u00f6r\u00fcn\u00fcm\u00fc daha ayd\u0131nl\u0131k hale getirir.\u00a0<\/li>\n\n\n\n<li>Mercan kolye modelleri canl\u0131 rengiyle hem g\u00fcnd\u00fcz hem gece kombinlerine s\u0131cakl\u0131k katar.<\/li>\n\n\n\n<li>Uzun k\u00fcpeler bere ve \u015fapka kullan\u0131m\u0131nda y\u00fcz hatlar\u0131n\u0131 daha belirgin g\u00f6sterir.<\/li>\n\n\n\n<li>K\u0131rm\u0131z\u0131 kolye se\u00e7enekleri k\u0131\u015f kombinlerinde enerjiyi y\u00fckselten vurgu par\u00e7alar\u0131 olu\u015fturur.<\/li>\n\n\n\n<li>Minimal ta\u015fl\u0131 k\u00fcpeler kal\u0131n yakal\u0131 kabanlarla sade bir uyum yakalar.<\/li>\n\n\n\n<li>Do\u011fal ta\u015fl\u0131 kolye modelleri g\u00fcndelik kombinlerde bile zarif bir enerji sunar.<\/li>\n\n\n\n<li>Metal dokulu halka k\u00fcpeler ka\u015fe paltolarla modern bir \u00e7izgi olu\u015fturur.<\/li>\n\n\n\n<li>Do\u011fal ta\u015fl\u0131 bileklik modelleri \u00f6rg\u00fc kazaklarla s\u0131cak bir uyum sa\u011flayarak dikkat \u00e7eken bir g\u00f6r\u00fcn\u00fcm yarat\u0131r.<\/li>\n\n\n\n<li>Y kolyeler uzun palto siluetini destekleyerek boyun b\u00f6lgesini daha zarif g\u00f6sterir.<\/li>\n\n\n\n<li>K\u00fc\u00e7\u00fck ta\u015fl\u0131 k\u00fcpeler gece davetlerinde \u0131\u015f\u0131\u011f\u0131 g\u00fc\u00e7l\u00fc \u015fekilde yans\u0131tarak kombini tamamlar.<\/li>\n<\/ul>\n\n\n\n<p>So CHIC\u2019in ta\u015f detayl\u0131 k\u00fcpe ve \u0131\u015f\u0131lt\u0131l\u0131 kolye modelleri k\u0131\u015f sezonunda zarafeti \u00f6n plana \u00e7\u0131kar\u0131yor.<\/p>\n\n\n\n<h2 id=\"altin-mi-gumus-mu-soguk-havalarda-hangi-taki-tonu-daha-etkili\" class=\"wp-block-heading\">Alt\u0131n m\u0131 G\u00fcm\u00fc\u015f m\u00fc So\u011fuk Havalarda Hangi Tak\u0131 Tonu Daha Etkili?<\/h2>\n\n\n\n<p>K\u0131\u015f\u0131n renk paleti \u00e7o\u011funlukla gri siyah bej ve lacivert tonlar\u0131nda oldu\u011fu i\u00e7in tak\u0131 rengi se\u00e7iminde bu tonlara uyum sa\u011flayan alt\u0131n ve g\u00fcm\u00fc\u015f stratejik bir rol \u00fcstleniyor. Alt\u0131n tak\u0131lar \u00f6zellikle bej ve kahve tonlar\u0131nda s\u0131cak bir kontrast yarat\u0131rken g\u00fcm\u00fc\u015f tasar\u0131mlar gri ve siyaha yak\u0131n renklerle modern bir b\u00fct\u00fcnl\u00fck sa\u011fl\u0131yor. 2026 sezonunda alt\u0131n ve g\u00fcm\u00fc\u015f\u00fcn bir arada kullan\u0131ld\u0131\u011f\u0131 \u00e7oklu katmanl\u0131 kolye trendi pop\u00fcler k\u00fclt\u00fcr\u00fcn en dikkat \u00e7eken ak\u0131mlar\u0131ndan biri haline geliyor.<\/p>\n\n\n\n<p>So\u011fuk havalarda k\u0131rm\u0131z\u0131 ta\u015flarla birlikte kullan\u0131lan alt\u0131n tonlar\u0131 g\u00f6r\u00fcn\u00fcm\u00fc daha \u00e7ekici k\u0131l\u0131yor. G\u00fcm\u00fc\u015f ise buzlu k\u0131\u015f tonlar\u0131na yak\u0131nl\u0131\u011f\u0131yla modern bir enerji sunuyor. Mercan kolye ve <a href=\"https:\/\/www.sochic.com\/kolye-c-1?tas-rengi=kirmizi\" target=\"_blank\" rel=\"noreferrer noopener\">k\u0131rm\u0131z\u0131 kolye<\/a> modellerinde alt\u0131n tonlar\u0131n\u0131n \u0131\u015f\u0131\u011f\u0131 daha s\u0131cak g\u00f6stermesi stilinizi k\u0131\u015f boyunca g\u00fc\u00e7lendiriyor. So CHIC\u2019in alt\u0131n ve g\u00fcm\u00fc\u015f tonlu koleksiyonlar\u0131ndaki modern \u00e7izgi k\u0131\u015f paletine zarif bir uyum sa\u011fl\u0131yor.<\/p>\n\n\n\n<figure class=\"wp-block-image size-large\"><img  loading=\"lazy\"  decoding=\"async\"  width=\"1160\"  height=\"653\"  src=\"data:image\/png;base64,iVBORw0KGgoAAAANSUhEUgAABIgAAAKNAQMAAABx\/8IJAAAAA1BMVEUAAP+KeNJXAAAAAXRSTlMAQObYZgAAAAlwSFlzAAAOxAAADsQBlSsOGwAAAHNJREFUeNrtwTEBAAAAwqD1T20ND6AAAAAAAAAAAAAAAAAAAAAAAAAAAAAAAAAAAAAAAAAAAAAAAAAAAAAAAAAAAAAAAAAAAAAAAAAAAAAAAAAAAAAAAAAAAAAAAAAAAAAAAAAAAAAAAAAAAAAAAAAAAPgwdHkAAc7CT7QAAAAASUVORK5CYII=\"  alt=\"\"  class=\"wp-image-4912 pk-lazyload\"  data-pk-sizes=\"auto\"  data-ls-sizes=\"(max-width: 1160px) 100vw, 1160px\"  data-pk-src=\"https:\/\/www.sochic.com\/blog\/wp-content\/uploads\/2025\/12\/2026-Kisinda-Tarzini-Tamamlayacak-Ozgun-Aksesuar-Secimleri-1160x653.jpg\"  data-pk-srcset=\"https:\/\/www.sochic.com\/blog\/wp-content\/uploads\/2025\/12\/2026-Kisinda-Tarzini-Tamamlayacak-Ozgun-Aksesuar-Secimleri-1160x653.jpg 1160w, https:\/\/www.sochic.com\/blog\/wp-content\/uploads\/2025\/12\/2026-Kisinda-Tarzini-Tamamlayacak-Ozgun-Aksesuar-Secimleri-800x450.jpg 800w, https:\/\/www.sochic.com\/blog\/wp-content\/uploads\/2025\/12\/2026-Kisinda-Tarzini-Tamamlayacak-Ozgun-Aksesuar-Secimleri-1536x864.jpg 1536w, https:\/\/www.sochic.com\/blog\/wp-content\/uploads\/2025\/12\/2026-Kisinda-Tarzini-Tamamlayacak-Ozgun-Aksesuar-Secimleri-120x68.jpg 120w, https:\/\/www.sochic.com\/blog\/wp-content\/uploads\/2025\/12\/2026-Kisinda-Tarzini-Tamamlayacak-Ozgun-Aksesuar-Secimleri-90x51.jpg 90w, https:\/\/www.sochic.com\/blog\/wp-content\/uploads\/2025\/12\/2026-Kisinda-Tarzini-Tamamlayacak-Ozgun-Aksesuar-Secimleri-320x180.jpg 320w, https:\/\/www.sochic.com\/blog\/wp-content\/uploads\/2025\/12\/2026-Kisinda-Tarzini-Tamamlayacak-Ozgun-Aksesuar-Secimleri-560x315.jpg 560w, https:\/\/www.sochic.com\/blog\/wp-content\/uploads\/2025\/12\/2026-Kisinda-Tarzini-Tamamlayacak-Ozgun-Aksesuar-Secimleri.jpg 1920w\" ><\/figure>\n\n\n\n<h2 id=\"2026-kisinda-tarzini-tamamlayacak-ozgun-aksesuar-secimleri\" class=\"wp-block-heading\">2026 K\u0131\u015f\u0131nda Tarz\u0131n\u0131 Tamamlayacak \u00d6zg\u00fcn Aksesuar Se\u00e7imleri<\/h2>\n\n\n\n<p>2026 k\u0131\u015f sezonu \u00f6zg\u00fcn ve karakterli aksesuarlar\u0131n y\u00fckseldi\u011fi bir d\u00f6nem. B\u00fcy\u00fck zincirler, <a href=\"https:\/\/www.sochic.com\/dogal-tasli-bileklik-c-4006\" target=\"_blank\" rel=\"noreferrer noopener\">do\u011fal ta\u015fl\u0131 bileklik<\/a> modelleri, enerjisi g\u00fc\u00e7l\u00fc ta\u015flarla olu\u015fturulmu\u015f mercan kolye \u00e7e\u015fitleri ve k\u0131rm\u0131z\u0131 kolye alternatifleri bu sezonun imza par\u00e7alar\u0131 aras\u0131nda yer al\u0131yor. B\u00fcy\u00fck moda evlerinin podyumlar\u0131nda s\u0131k\u00e7a g\u00f6rd\u00fc\u011f\u00fcm\u00fcz renkli ta\u015flar\u0131n k\u0131\u015f aylar\u0131nda bile enerjiyi art\u0131rmas\u0131 modern g\u00f6r\u00fcn\u00fcm\u00fcn anahtar\u0131n\u0131 olu\u015fturuyor.<\/p>\n\n\n\n<p>K\u0131\u015f kombinlerini tamamlayan aksesuarlar aras\u0131nda \u00f6zellikle <a href=\"https:\/\/www.sochic.com\/dogal-tasli-kolye-c-1005\" target=\"_blank\" rel=\"noreferrer noopener\">do\u011fal ta\u015fl\u0131 kolye<\/a> modelleri \u00f6n plana \u00e7\u0131k\u0131yor. Bu tasar\u0131mlar hem g\u00fcnd\u00fcz stilinde hem \u015fehir ak\u015famlar\u0131nda g\u00fc\u00e7l\u00fc bir etki yarat\u0131yor. Uzun k\u00fcpeler, iri zincirler ve k\u0131rm\u0131z\u0131 ta\u015flar\u0131n olu\u015fturdu\u011fu modern ritim 2026 k\u0131\u015f\u0131nda stilinizi belirleyen temel detaylardan biri oluyor. Bu trendlerin t\u00fcm\u00fcnde So CHIC\u2019in modern \u00e7izgisiyle haz\u0131rlad\u0131\u011f\u0131 \u00f6zel tasar\u0131mlar k\u0131\u015f\u0131n en \u015f\u0131k tamamlay\u0131c\u0131lar\u0131 aras\u0131nda yer al\u0131yor.<\/p>\n\n\n\n<p>So CHIC\u2019in s\u0131cak ta\u015f tonlar\u0131na sahip k\u0131rm\u0131z\u0131 ve mercan kolye modelleri k\u0131\u015f\u0131n klasik renklerine enerjik bir dokunu\u015f yaparken modern \u00e7izgileriyle \u015fehirli stilin ruhunu yans\u0131t\u0131yor. So\u011fuk bir k\u0131\u015f g\u00fcn\u00fcnde stilinizi tek dokunu\u015fla y\u00fckseltmek m\u00fcmk\u00fcn \u00e7\u00fcnk\u00fc do\u011fru se\u00e7ilmi\u015f bir tak\u0131 kombinin t\u00fcm havas\u0131n\u0131 de\u011fi\u015ftirir.<\/p>\n","protected":false},"excerpt":{"rendered":"<p>K\u0131\u015f\u0131n kendine \u00f6zg\u00fc b\u00fcy\u00fcs\u00fc giyime de aksesuarlara da farkl\u0131 bir ritim kazand\u0131r\u0131yor. 2026 sezonunda bu ritim daha s\u0131cak renklere, daha belirgin dokulara ve daha karakterli tak\u0131lara d\u00f6n\u00fc\u015f\u00fcyor. Koyu tonlar\u0131n ve&hellip;<\/p>\n","protected":false},"author":2,"featured_media":4913,"comment_status":"open","ping_status":"open","sticky":false,"template":"","format":"standard","meta":{"footnotes":""},"categories":[10],"tags":[],"powerkit_post_featured":[],"class_list":{"0":"post-4908","1":"post","2":"type-post","3":"status-publish","4":"format-standard","5":"has-post-thumbnail","7":"category-moda"},"yoast_head":"<title>2026 K\u0131\u015f Kombinlerini Tamamlayacak Tak\u0131lar Hangileridir? | So CHIC...<\/title>\n<meta name=\"description\" content=\"K\u0131\u015f\u0131n kendine \u00f6zg\u00fc b\u00fcy\u00fcs\u00fc giyime de aksesuarlara da farkl\u0131 bir ritim kazand\u0131r\u0131yor. 2026 sezonunda bu ritim daha s\u0131cak renklere, daha belirgin dokulara ve | 2026 K\u0131\u015f Kombinlerini Tamamlayacak Tak\u0131lar Hangileridir? 2026 sezonunda So CHIC koleksiyonlar\u0131nda \u00f6ne \u00e7\u0131kan zincir kolyeler, k\u0131rm\u0131z\u0131 ta\u015fl\u0131 modeller ve dokulu y\u00fczeyler k\u0131\u015f trendlerini zarif bir \u00e7izgiyle bulu\u015fturuyor.\" \/>\n<meta name=\"robots\" content=\"index, follow, max-snippet:-1, max-image-preview:large, max-video-preview:-1\" \/>\n<link rel=\"canonical\" href=\"https:\/\/www.sochic.com\/blog\/2026-kis-kombinlerini-tamamlayacak-takilar-hangileridir\" \/>\n<meta property=\"og:locale\" content=\"tr_TR\" \/>\n<meta property=\"og:type\" content=\"article\" \/>\n<meta property=\"og:title\" content=\"2026 K\u0131\u015f Kombinlerini Tamamlayacak Tak\u0131lar Hangileridir? | So CHIC...\" \/>\n<meta property=\"og:description\" content=\"K\u0131\u015f\u0131n kendine \u00f6zg\u00fc b\u00fcy\u00fcs\u00fc giyime de aksesuarlara da farkl\u0131 bir ritim kazand\u0131r\u0131yor. 2026 sezonunda bu ritim daha s\u0131cak renklere, daha belirgin dokulara ve | 2026 K\u0131\u015f Kombinlerini Tamamlayacak Tak\u0131lar Hangileridir? 2026 sezonunda So CHIC koleksiyonlar\u0131nda \u00f6ne \u00e7\u0131kan zincir kolyeler, k\u0131rm\u0131z\u0131 ta\u015fl\u0131 modeller ve dokulu y\u00fczeyler k\u0131\u015f trendlerini zarif bir \u00e7izgiyle bulu\u015fturuyor.\" \/>\n<meta property=\"og:url\" content=\"https:\/\/www.sochic.com\/blog\/2026-kis-kombinlerini-tamamlayacak-takilar-hangileridir\" \/>\n<meta property=\"og:site_name\" content=\"So CHIC...\" \/>\n<meta property=\"article:publisher\" content=\"https:\/\/www.facebook.com\/SoCHICGlobal\" \/>\n<meta property=\"article:published_time\" content=\"2025-12-01T05:14:50+00:00\" \/>\n<meta property=\"article:modified_time\" content=\"2025-12-01T05:14:51+00:00\" \/>\n<meta property=\"og:image\" content=\"https:\/\/www.sochic.com\/blog\/wp-content\/uploads\/2025\/12\/2026-Kis-Kombinlerini-Tamamlayacak-Takilar-Hangileridir.jpg\" \/>\n\t<meta property=\"og:image:width\" content=\"1920\" \/>\n\t<meta property=\"og:image:height\" content=\"1080\" \/>\n\t<meta property=\"og:image:type\" content=\"image\/jpeg\" \/>\n<meta name=\"author\" content=\"So CHIC...\" \/>\n<meta name=\"twitter:card\" content=\"summary_large_image\" \/>\n<meta name=\"twitter:creator\" content=\"@SochicGlobal\" \/>\n<meta name=\"twitter:site\" content=\"@SochicGlobal\" \/>\n<script type=\"application\/ld+json\" class=\"yoast-schema-graph\">{\"@context\":\"https:\/\/schema.org\",\"@graph\":[{\"@type\":[\"Article\",\"BlogPosting\"],\"@id\":\"https:\/\/www.sochic.com\/blog\/2026-kis-kombinlerini-tamamlayacak-takilar-hangileridir#article\",\"isPartOf\":{\"@id\":\"https:\/\/www.sochic.com\/blog\/2026-kis-kombinlerini-tamamlayacak-takilar-hangileridir\"},\"author\":{\"name\":\"So CHIC...\",\"@id\":\"https:\/\/www.sochic.com\/blog\/#\/schema\/person\/217ac4906bdabe9ce9dc8568969acfdf\"},\"headline\":\"2026 K\u0131\u015f Kombinlerini Tamamlayacak Tak\u0131lar Hangileridir?\",\"datePublished\":\"2025-12-01T05:14:50+00:00\",\"dateModified\":\"2025-12-01T05:14:51+00:00\",\"mainEntityOfPage\":{\"@id\":\"https:\/\/www.sochic.com\/blog\/2026-kis-kombinlerini-tamamlayacak-takilar-hangileridir\"},\"wordCount\":1579,\"commentCount\":0,\"publisher\":{\"@id\":\"https:\/\/www.sochic.com\/blog\/#organization\"},\"image\":{\"@id\":\"https:\/\/www.sochic.com\/blog\/2026-kis-kombinlerini-tamamlayacak-takilar-hangileridir#primaryimage\"},\"thumbnailUrl\":\"https:\/\/www.sochic.com\/blog\/wp-content\/uploads\/2025\/12\/2026-Kis-Kombinlerini-Tamamlayacak-Takilar-Hangileridir.jpg\",\"articleSection\":[\"Moda Trend Stil\"],\"inLanguage\":\"tr\",\"potentialAction\":[{\"@type\":\"CommentAction\",\"name\":\"Comment\",\"target\":[\"https:\/\/www.sochic.com\/blog\/2026-kis-kombinlerini-tamamlayacak-takilar-hangileridir#respond\"]}]},{\"@type\":\"WebPage\",\"@id\":\"https:\/\/www.sochic.com\/blog\/2026-kis-kombinlerini-tamamlayacak-takilar-hangileridir\",\"url\":\"https:\/\/www.sochic.com\/blog\/2026-kis-kombinlerini-tamamlayacak-takilar-hangileridir\",\"name\":\"2026 K\u0131\u015f Kombinlerini Tamamlayacak Tak\u0131lar Hangileridir? | So CHIC...\",\"isPartOf\":{\"@id\":\"https:\/\/www.sochic.com\/blog\/#website\"},\"primaryImageOfPage\":{\"@id\":\"https:\/\/www.sochic.com\/blog\/2026-kis-kombinlerini-tamamlayacak-takilar-hangileridir#primaryimage\"},\"image\":{\"@id\":\"https:\/\/www.sochic.com\/blog\/2026-kis-kombinlerini-tamamlayacak-takilar-hangileridir#primaryimage\"},\"thumbnailUrl\":\"https:\/\/www.sochic.com\/blog\/wp-content\/uploads\/2025\/12\/2026-Kis-Kombinlerini-Tamamlayacak-Takilar-Hangileridir.jpg\",\"datePublished\":\"2025-12-01T05:14:50+00:00\",\"dateModified\":\"2025-12-01T05:14:51+00:00\",\"description\":\"K\u0131\u015f\u0131n kendine \u00f6zg\u00fc b\u00fcy\u00fcs\u00fc giyime de aksesuarlara da farkl\u0131 bir ritim kazand\u0131r\u0131yor. 2026 sezonunda bu ritim daha s\u0131cak renklere, daha belirgin dokulara ve | 2026 K\u0131\u015f Kombinlerini Tamamlayacak Tak\u0131lar Hangileridir? 2026 sezonunda So CHIC koleksiyonlar\u0131nda \u00f6ne \u00e7\u0131kan zincir kolyeler, k\u0131rm\u0131z\u0131 ta\u015fl\u0131 modeller ve dokulu y\u00fczeyler k\u0131\u015f trendlerini zarif bir \u00e7izgiyle bulu\u015fturuyor.\",\"breadcrumb\":{\"@id\":\"https:\/\/www.sochic.com\/blog\/2026-kis-kombinlerini-tamamlayacak-takilar-hangileridir#breadcrumb\"},\"inLanguage\":\"tr\",\"potentialAction\":[{\"@type\":\"ReadAction\",\"target\":[\"https:\/\/www.sochic.com\/blog\/2026-kis-kombinlerini-tamamlayacak-takilar-hangileridir\"]}]},{\"@type\":\"ImageObject\",\"inLanguage\":\"tr\",\"@id\":\"https:\/\/www.sochic.com\/blog\/2026-kis-kombinlerini-tamamlayacak-takilar-hangileridir#primaryimage\",\"url\":\"https:\/\/www.sochic.com\/blog\/wp-content\/uploads\/2025\/12\/2026-Kis-Kombinlerini-Tamamlayacak-Takilar-Hangileridir.jpg\",\"contentUrl\":\"https:\/\/www.sochic.com\/blog\/wp-content\/uploads\/2025\/12\/2026-Kis-Kombinlerini-Tamamlayacak-Takilar-Hangileridir.jpg\",\"width\":1920,\"height\":1080,\"caption\":\"2026 K\u0131\u015f Kombinlerini Tamamlayacak Tak\u0131lar Hangileridir\"},{\"@type\":\"BreadcrumbList\",\"@id\":\"https:\/\/www.sochic.com\/blog\/2026-kis-kombinlerini-tamamlayacak-takilar-hangileridir#breadcrumb\",\"itemListElement\":[{\"@type\":\"ListItem\",\"position\":1,\"name\":\"Anasayfa\",\"item\":\"https:\/\/www.sochic.com\/blog\/\"},{\"@type\":\"ListItem\",\"position\":2,\"name\":\"Moda Trend Stil\",\"item\":\"https:\/\/www.sochic.com\/blog\/moda\"},{\"@type\":\"ListItem\",\"position\":3,\"name\":\"2026 K\u0131\u015f Kombinlerini Tamamlayacak Tak\u0131lar Hangileridir?\"}]},{\"@type\":\"WebSite\",\"@id\":\"https:\/\/www.sochic.com\/blog\/#website\",\"url\":\"https:\/\/www.sochic.com\/blog\/\",\"name\":\"So CHIC...\",\"description\":\"So CHIC Blog\",\"publisher\":{\"@id\":\"https:\/\/www.sochic.com\/blog\/#organization\"},\"alternateName\":\"So CHIC\",\"potentialAction\":[{\"@type\":\"SearchAction\",\"target\":{\"@type\":\"EntryPoint\",\"urlTemplate\":\"https:\/\/www.sochic.com\/blog\/?s={search_term_string}\"},\"query-input\":{\"@type\":\"PropertyValueSpecification\",\"valueRequired\":true,\"valueName\":\"search_term_string\"}}],\"inLanguage\":\"tr\"},{\"@type\":\"Organization\",\"@id\":\"https:\/\/www.sochic.com\/blog\/#organization\",\"name\":\"So CHIC...\",\"alternateName\":\"So CHIC\",\"url\":\"https:\/\/www.sochic.com\/blog\/\",\"logo\":{\"@type\":\"ImageObject\",\"inLanguage\":\"tr\",\"@id\":\"https:\/\/www.sochic.com\/blog\/#\/schema\/logo\/image\/\",\"url\":\"https:\/\/sochic.com\/blog\/wp-content\/uploads\/2022\/11\/sochic-facebook-logo.png\",\"contentUrl\":\"https:\/\/sochic.com\/blog\/wp-content\/uploads\/2022\/11\/sochic-facebook-logo.png\",\"width\":800,\"height\":800,\"caption\":\"So CHIC...\"},\"image\":{\"@id\":\"https:\/\/www.sochic.com\/blog\/#\/schema\/logo\/image\/\"},\"sameAs\":[\"https:\/\/www.facebook.com\/SoCHICGlobal\",\"https:\/\/x.com\/SochicGlobal\",\"https:\/\/www.instagram.com\/sochicofficial\/\",\"https:\/\/www.youtube.com\/user\/SoCHICGlobal\"]},{\"@type\":\"Person\",\"@id\":\"https:\/\/www.sochic.com\/blog\/#\/schema\/person\/217ac4906bdabe9ce9dc8568969acfdf\",\"name\":\"So CHIC...\",\"image\":{\"@type\":\"ImageObject\",\"inLanguage\":\"tr\",\"@id\":\"https:\/\/www.sochic.com\/blog\/#\/schema\/person\/image\/\",\"url\":\"https:\/\/secure.gravatar.com\/avatar\/84475e064453b1a507b62af79954a400?s=96&d=mm&r=g\",\"contentUrl\":\"https:\/\/secure.gravatar.com\/avatar\/84475e064453b1a507b62af79954a400?s=96&d=mm&r=g\",\"caption\":\"So CHIC...\"},\"sameAs\":[\"http:\/\/www.sochic.com\"]}]}<\/script>","yoast_head_json":{"title":"2026 K\u0131\u015f Kombinlerini Tamamlayacak Tak\u0131lar Hangileridir? | So CHIC...","description":"K\u0131\u015f\u0131n kendine \u00f6zg\u00fc b\u00fcy\u00fcs\u00fc giyime de aksesuarlara da farkl\u0131 bir ritim kazand\u0131r\u0131yor. 2026 sezonunda bu ritim daha s\u0131cak renklere, daha belirgin dokulara ve | 2026 K\u0131\u015f Kombinlerini Tamamlayacak Tak\u0131lar Hangileridir? 2026 sezonunda So CHIC koleksiyonlar\u0131nda \u00f6ne \u00e7\u0131kan zincir kolyeler, k\u0131rm\u0131z\u0131 ta\u015fl\u0131 modeller ve dokulu y\u00fczeyler k\u0131\u015f trendlerini zarif bir \u00e7izgiyle bulu\u015fturuyor.","robots":{"index":"index","follow":"follow","max-snippet":"max-snippet:-1","max-image-preview":"max-image-preview:large","max-video-preview":"max-video-preview:-1"},"canonical":"https:\/\/www.sochic.com\/blog\/2026-kis-kombinlerini-tamamlayacak-takilar-hangileridir","og_locale":"tr_TR","og_type":"article","og_title":"2026 K\u0131\u015f Kombinlerini Tamamlayacak Tak\u0131lar Hangileridir? | So CHIC...","og_description":"K\u0131\u015f\u0131n kendine \u00f6zg\u00fc b\u00fcy\u00fcs\u00fc giyime de aksesuarlara da farkl\u0131 bir ritim kazand\u0131r\u0131yor. 2026 sezonunda bu ritim daha s\u0131cak renklere, daha belirgin dokulara ve | 2026 K\u0131\u015f Kombinlerini Tamamlayacak Tak\u0131lar Hangileridir? 2026 sezonunda So CHIC koleksiyonlar\u0131nda \u00f6ne \u00e7\u0131kan zincir kolyeler, k\u0131rm\u0131z\u0131 ta\u015fl\u0131 modeller ve dokulu y\u00fczeyler k\u0131\u015f trendlerini zarif bir \u00e7izgiyle bulu\u015fturuyor.","og_url":"https:\/\/www.sochic.com\/blog\/2026-kis-kombinlerini-tamamlayacak-takilar-hangileridir","og_site_name":"So CHIC...","article_publisher":"https:\/\/www.facebook.com\/SoCHICGlobal","article_published_time":"2025-12-01T05:14:50+00:00","article_modified_time":"2025-12-01T05:14:51+00:00","og_image":[{"width":1920,"height":1080,"url":"https:\/\/www.sochic.com\/blog\/wp-content\/uploads\/2025\/12\/2026-Kis-Kombinlerini-Tamamlayacak-Takilar-Hangileridir.jpg","type":"image\/jpeg"}],"author":"So CHIC...","twitter_card":"summary_large_image","twitter_creator":"@SochicGlobal","twitter_site":"@SochicGlobal","schema":{"@context":"https:\/\/schema.org","@graph":[{"@type":["Article","BlogPosting"],"@id":"https:\/\/www.sochic.com\/blog\/2026-kis-kombinlerini-tamamlayacak-takilar-hangileridir#article","isPartOf":{"@id":"https:\/\/www.sochic.com\/blog\/2026-kis-kombinlerini-tamamlayacak-takilar-hangileridir"},"author":{"name":"So CHIC...","@id":"https:\/\/www.sochic.com\/blog\/#\/schema\/person\/217ac4906bdabe9ce9dc8568969acfdf"},"headline":"2026 K\u0131\u015f Kombinlerini Tamamlayacak Tak\u0131lar Hangileridir?","datePublished":"2025-12-01T05:14:50+00:00","dateModified":"2025-12-01T05:14:51+00:00","mainEntityOfPage":{"@id":"https:\/\/www.sochic.com\/blog\/2026-kis-kombinlerini-tamamlayacak-takilar-hangileridir"},"wordCount":1579,"commentCount":0,"publisher":{"@id":"https:\/\/www.sochic.com\/blog\/#organization"},"image":{"@id":"https:\/\/www.sochic.com\/blog\/2026-kis-kombinlerini-tamamlayacak-takilar-hangileridir#primaryimage"},"thumbnailUrl":"https:\/\/www.sochic.com\/blog\/wp-content\/uploads\/2025\/12\/2026-Kis-Kombinlerini-Tamamlayacak-Takilar-Hangileridir.jpg","articleSection":["Moda Trend Stil"],"inLanguage":"tr","potentialAction":[{"@type":"CommentAction","name":"Comment","target":["https:\/\/www.sochic.com\/blog\/2026-kis-kombinlerini-tamamlayacak-takilar-hangileridir#respond"]}]},{"@type":"WebPage","@id":"https:\/\/www.sochic.com\/blog\/2026-kis-kombinlerini-tamamlayacak-takilar-hangileridir","url":"https:\/\/www.sochic.com\/blog\/2026-kis-kombinlerini-tamamlayacak-takilar-hangileridir","name":"2026 K\u0131\u015f Kombinlerini Tamamlayacak Tak\u0131lar Hangileridir? | So CHIC...","isPartOf":{"@id":"https:\/\/www.sochic.com\/blog\/#website"},"primaryImageOfPage":{"@id":"https:\/\/www.sochic.com\/blog\/2026-kis-kombinlerini-tamamlayacak-takilar-hangileridir#primaryimage"},"image":{"@id":"https:\/\/www.sochic.com\/blog\/2026-kis-kombinlerini-tamamlayacak-takilar-hangileridir#primaryimage"},"thumbnailUrl":"https:\/\/www.sochic.com\/blog\/wp-content\/uploads\/2025\/12\/2026-Kis-Kombinlerini-Tamamlayacak-Takilar-Hangileridir.jpg","datePublished":"2025-12-01T05:14:50+00:00","dateModified":"2025-12-01T05:14:51+00:00","description":"K\u0131\u015f\u0131n kendine \u00f6zg\u00fc b\u00fcy\u00fcs\u00fc giyime de aksesuarlara da farkl\u0131 bir ritim kazand\u0131r\u0131yor. 2026 sezonunda bu ritim daha s\u0131cak renklere, daha belirgin dokulara ve | 2026 K\u0131\u015f Kombinlerini Tamamlayacak Tak\u0131lar Hangileridir? 2026 sezonunda So CHIC koleksiyonlar\u0131nda \u00f6ne \u00e7\u0131kan zincir kolyeler, k\u0131rm\u0131z\u0131 ta\u015fl\u0131 modeller ve dokulu y\u00fczeyler k\u0131\u015f trendlerini zarif bir \u00e7izgiyle bulu\u015fturuyor.","breadcrumb":{"@id":"https:\/\/www.sochic.com\/blog\/2026-kis-kombinlerini-tamamlayacak-takilar-hangileridir#breadcrumb"},"inLanguage":"tr","potentialAction":[{"@type":"ReadAction","target":["https:\/\/www.sochic.com\/blog\/2026-kis-kombinlerini-tamamlayacak-takilar-hangileridir"]}]},{"@type":"ImageObject","inLanguage":"tr","@id":"https:\/\/www.sochic.com\/blog\/2026-kis-kombinlerini-tamamlayacak-takilar-hangileridir#primaryimage","url":"https:\/\/www.sochic.com\/blog\/wp-content\/uploads\/2025\/12\/2026-Kis-Kombinlerini-Tamamlayacak-Takilar-Hangileridir.jpg","contentUrl":"https:\/\/www.sochic.com\/blog\/wp-content\/uploads\/2025\/12\/2026-Kis-Kombinlerini-Tamamlayacak-Takilar-Hangileridir.jpg","width":1920,"height":1080,"caption":"2026 K\u0131\u015f Kombinlerini Tamamlayacak Tak\u0131lar Hangileridir"},{"@type":"BreadcrumbList","@id":"https:\/\/www.sochic.com\/blog\/2026-kis-kombinlerini-tamamlayacak-takilar-hangileridir#breadcrumb","itemListElement":[{"@type":"ListItem","position":1,"name":"Anasayfa","item":"https:\/\/www.sochic.com\/blog\/"},{"@type":"ListItem","position":2,"name":"Moda Trend Stil","item":"https:\/\/www.sochic.com\/blog\/moda"},{"@type":"ListItem","position":3,"name":"2026 K\u0131\u015f Kombinlerini Tamamlayacak Tak\u0131lar Hangileridir?"}]},{"@type":"WebSite","@id":"https:\/\/www.sochic.com\/blog\/#website","url":"https:\/\/www.sochic.com\/blog\/","name":"So CHIC...","description":"So CHIC Blog","publisher":{"@id":"https:\/\/www.sochic.com\/blog\/#organization"},"alternateName":"So CHIC","potentialAction":[{"@type":"SearchAction","target":{"@type":"EntryPoint","urlTemplate":"https:\/\/www.sochic.com\/blog\/?s={search_term_string}"},"query-input":{"@type":"PropertyValueSpecification","valueRequired":true,"valueName":"search_term_string"}}],"inLanguage":"tr"},{"@type":"Organization","@id":"https:\/\/www.sochic.com\/blog\/#organization","name":"So CHIC...","alternateName":"So CHIC","url":"https:\/\/www.sochic.com\/blog\/","logo":{"@type":"ImageObject","inLanguage":"tr","@id":"https:\/\/www.sochic.com\/blog\/#\/schema\/logo\/image\/","url":"https:\/\/sochic.com\/blog\/wp-content\/uploads\/2022\/11\/sochic-facebook-logo.png","contentUrl":"https:\/\/sochic.com\/blog\/wp-content\/uploads\/2022\/11\/sochic-facebook-logo.png","width":800,"height":800,"caption":"So CHIC..."},"image":{"@id":"https:\/\/www.sochic.com\/blog\/#\/schema\/logo\/image\/"},"sameAs":["https:\/\/www.facebook.com\/SoCHICGlobal","https:\/\/x.com\/SochicGlobal","https:\/\/www.instagram.com\/sochicofficial\/","https:\/\/www.youtube.com\/user\/SoCHICGlobal"]},{"@type":"Person","@id":"https:\/\/www.sochic.com\/blog\/#\/schema\/person\/217ac4906bdabe9ce9dc8568969acfdf","name":"So CHIC...","image":{"@type":"ImageObject","inLanguage":"tr","@id":"https:\/\/www.sochic.com\/blog\/#\/schema\/person\/image\/","url":"https:\/\/secure.gravatar.com\/avatar\/84475e064453b1a507b62af79954a400?s=96&d=mm&r=g","contentUrl":"https:\/\/secure.gravatar.com\/avatar\/84475e064453b1a507b62af79954a400?s=96&d=mm&r=g","caption":"So CHIC..."},"sameAs":["http:\/\/www.sochic.com"]}]}},"_links":{"self":[{"href":"https:\/\/www.sochic.com\/blog\/wp-json\/wp\/v2\/posts\/4908"}],"collection":[{"href":"https:\/\/www.sochic.com\/blog\/wp-json\/wp\/v2\/posts"}],"about":[{"href":"https:\/\/www.sochic.com\/blog\/wp-json\/wp\/v2\/types\/post"}],"author":[{"embeddable":true,"href":"https:\/\/www.sochic.com\/blog\/wp-json\/wp\/v2\/users\/2"}],"replies":[{"embeddable":true,"href":"https:\/\/www.sochic.com\/blog\/wp-json\/wp\/v2\/comments?post=4908"}],"version-history":[{"count":1,"href":"https:\/\/www.sochic.com\/blog\/wp-json\/wp\/v2\/posts\/4908\/revisions"}],"predecessor-version":[{"id":4914,"href":"https:\/\/www.sochic.com\/blog\/wp-json\/wp\/v2\/posts\/4908\/revisions\/4914"}],"wp:featuredmedia":[{"embeddable":true,"href":"https:\/\/www.sochic.com\/blog\/wp-json\/wp\/v2\/media\/4913"}],"wp:attachment":[{"href":"https:\/\/www.sochic.com\/blog\/wp-json\/wp\/v2\/media?parent=4908"}],"wp:term":[{"taxonomy":"category","embeddable":true,"href":"https:\/\/www.sochic.com\/blog\/wp-json\/wp\/v2\/categories?post=4908"},{"taxonomy":"post_tag","embeddable":true,"href":"https:\/\/www.sochic.com\/blog\/wp-json\/wp\/v2\/tags?post=4908"},{"taxonomy":"powerkit_post_featured","embeddable":true,"href":"https:\/\/www.sochic.com\/blog\/wp-json\/wp\/v2\/powerkit_post_featured?post=4908"}],"curies":[{"name":"wp","href":"https:\/\/api.w.org\/{rel}","templated":true}]}}